{"id":348330,"date":"2025-08-27T19:38:33","date_gmt":"2025-08-27T19:38:33","guid":{"rendered":"https:\/\/www.europesays.com\/fr\/348330\/"},"modified":"2025-08-27T19:38:33","modified_gmt":"2025-08-27T19:38:33","slug":"giroud-epate-tout-le-monde","status":"publish","type":"post","link":"https:\/\/www.europesays.com\/fr\/348330\/","title":{"rendered":"Giroud \u00e9pate tout le monde"},"content":{"rendered":"<p class=\"date\">\n                                                            Marie Mah\u00e9, Media365 : publi\u00e9 le mardi 26 ao\u00fbt 2025 \u00e0 23h00\n                                                    <\/p>\n<p>De retour en Ligue 1, cette saison, \u00e0 Lille, Olivier Giroud (38 ans) en est d\u00e9j\u00e0 \u00e0 deux buts inscrits en deux rencontres de championnat disput\u00e9es. De quoi forc\u00e9ment impressionner.<\/p>\n<p><a href=\"https:\/\/sports.orange.fr\/football\/ligue-1\/article\/aubameyang-et-giroud-cartonnent-une-bonne-nouvelle-pour-la-ligue-1-exclu-CNT000002kl9bp.html\" rel=\"nofollow noopener\" target=\"_blank\">Olivier Giroud est en tr\u00e8s grande forme<\/a>. Aujourd&rsquo;hui \u00e2g\u00e9 de 38 ans, l&rsquo;avant-centre international fran\u00e7ais a fait son grand retour en Ligue 1, le mardi 1er juillet dernier, apr\u00e8s avoir sign\u00e9 un contrat d&rsquo;une saison en faveur de Lille. Un d\u00e9but d&rsquo;aventure dans le Nord qui se passe, pour le moment, id\u00e9alement. En effet, en deux rencontres de championnat d\u00e9j\u00e0 disput\u00e9es, sans \u00eatre remplac\u00e9, en ce d\u00e9but d&rsquo;exercice 2025-2026, l&rsquo;avant-centre en est d\u00e9j\u00e0 \u00e0 deux buts inscrits. Le dimanche 17 ao\u00fbt dernier, l&rsquo;attaquant avait ouvert la marque sur la pelouse de Brest (3-3), devenant ainsi, \u00e0 38 ans, 10 mois et 18 jours, le plus vieux buteur de l&rsquo;histoire du LOSC dans l&rsquo;\u00e9lite, devant Jos\u00e9 Fonte. Dimanche dernier, l&rsquo;international fran\u00e7ais avait ensuite inscrit le seul but des siens, <a href=\"https:\/\/sports.orange.fr\/football\/ligue-1\/article\/ligue-1-l-essentiel-a-retenir-de-la-2e-journee-exclu-CNT000002kkDlE.html\" rel=\"nofollow noopener\" target=\"_blank\">contre Monaco (1-0)<\/a>, pour porter son total \u00e0 350 r\u00e9alisations chez les professionnels.<\/p>\n<p>Genesio : \u00ab\u00a0Il ne serait pas l\u00e0 sans son grand professionnalisme\u00a0\u00bb<\/p>\n<p>Au-del\u00e0 de ces statistiques, Olivier Giroud impressionne par sa condition physique qui semble \u00eatre presque parfaite. Dans le Nord, on ne cesse \u00e9galement de louer son professionnalisme, comme le raconte L&rsquo;Equipe. Aupr\u00e8s du quotidien sportif fran\u00e7ais, Bruno Genesio, l&rsquo;entra\u00eeneur des Dogues, a d&rsquo;ailleurs notamment confi\u00e9, au sujet d&rsquo;Olivier Giroud : \u00ab Il ne serait pas l\u00e0 sans son exp\u00e9rience et son grand professionnalisme. Il y a une relation de confiance. Lorsque vous \u00eates joueur, vous savez ce que vous ressentez, c&rsquo;est votre corps qui parle et donc j&rsquo;ai des \u00e9changes r\u00e9guliers avec lui pour savoir si on a besoin de le calmer sur certains entra\u00eenements, en cours de match. Il y a une relation de confiance et un respect entre nous deux qui fait qu&rsquo;il y a une honn\u00eatet\u00e9 r\u00e9ciproque. Mais je sais aussi que, forc\u00e9ment, quand on va commencer les cycles de match avec la Coupe d&rsquo;Europe tous les trois jours, il y aura aussi une gestion des temps de jeu, mais pas que pour lui. \u00bb<\/p>\n","protected":false},"excerpt":{"rendered":"Marie Mah\u00e9, Media365 : publi\u00e9 le mardi 26 ao\u00fbt 2025 \u00e0 23h00 De retour en Ligue 1, cette&hellip;\n","protected":false},"author":2,"featured_media":348331,"comment_status":"","ping_status":"","sticky":false,"template":"","format":"standard","meta":{"footnotes":""},"categories":[2815],"tags":[1111,11,1777,674,1011,27,811,1307,12,25],"class_list":{"0":"post-348330","1":"post","2":"type-post","3":"status-publish","4":"format-standard","5":"has-post-thumbnail","7":"category-lille","8":"tag-actu","9":"tag-actualites","10":"tag-eu","11":"tag-europe","12":"tag-fr","13":"tag-france","14":"tag-hauts-de-france","15":"tag-lille","16":"tag-news","17":"tag-republique-francaise"},"share_on_mastodon":{"url":"https:\/\/pubeurope.com\/@fr\/115102423794519917","error":""},"_links":{"self":[{"href":"https:\/\/www.europesays.com\/fr\/wp-json\/wp\/v2\/posts\/348330","targetHints":{"allow":["GET"]}}],"collection":[{"href":"https:\/\/www.europesays.com\/fr\/wp-json\/wp\/v2\/posts"}],"about":[{"href":"https:\/\/www.europesays.com\/fr\/wp-json\/wp\/v2\/types\/post"}],"author":[{"embeddable":true,"href":"https:\/\/www.europesays.com\/fr\/wp-json\/wp\/v2\/users\/2"}],"replies":[{"embeddable":true,"href":"https:\/\/www.europesays.com\/fr\/wp-json\/wp\/v2\/comments?post=348330"}],"version-history":[{"count":0,"href":"https:\/\/www.europesays.com\/fr\/wp-json\/wp\/v2\/posts\/348330\/revisions"}],"wp:featuredmedia":[{"embeddable":true,"href":"https:\/\/www.europesays.com\/fr\/wp-json\/wp\/v2\/media\/348331"}],"wp:attachment":[{"href":"https:\/\/www.europesays.com\/fr\/wp-json\/wp\/v2\/media?parent=348330"}],"wp:term":[{"taxonomy":"category","embeddable":true,"href":"https:\/\/www.europesays.com\/fr\/wp-json\/wp\/v2\/categories?post=348330"},{"taxonomy":"post_tag","embeddable":true,"href":"https:\/\/www.europesays.com\/fr\/wp-json\/wp\/v2\/tags?post=348330"}],"curies":[{"name":"wp","href":"https:\/\/api.w.org\/{rel}","templated":true}]}}