{"id":348332,"date":"2025-08-27T19:39:11","date_gmt":"2025-08-27T19:39:11","guid":{"rendered":"https:\/\/www.europesays.com\/fr\/348332\/"},"modified":"2025-08-27T19:39:11","modified_gmt":"2025-08-27T19:39:11","slug":"un-homme-interpelle-pour-vol-a-main-arme-dans-une-superette-a-marseille-un-autre-suspect-recherche","status":"publish","type":"post","link":"https:\/\/www.europesays.com\/fr\/348332\/","title":{"rendered":"Un homme interpell\u00e9 pour vol \u00e0 main arm\u00e9 dans une sup\u00e9rette \u00e0 Marseille, un autre suspect recherch\u00e9"},"content":{"rendered":"<p>Un homme a \u00e9t\u00e9 interpell\u00e9 apr\u00e8s une tentative de braquage \u00e0 main arm\u00e9e dans un Carrefour City de l&rsquo;Estaque, \u00e0 Marseille, ce mercredi 27 ao\u00fbt. Son complice a pris la fuite.<\/p>\n<p>Un supermarch\u00e9 Carrefour City, situ\u00e9 dans le quartier de l&rsquo;Estaque, \u00e0 Marseille, a \u00e9t\u00e9 la cible d&rsquo;un <a href=\"https:\/\/www.bfmtv.com\/marseille\/marseille-le-gerant-d-un-magasin-d-alimentation-braque-dans-le-3e-arrondissement_AN-202410030696.html\" title=\"Marseille: le g\u00e9rant d&#039;un magasin d&#039;alimentation braqu\u00e9 dans le 3e arrondissement\" class=\"internal_link\" rel=\"nofollow noopener\" target=\"_blank\">braquage<\/a> \u00e0 main arm\u00e9e, ce mercredi 27 ao\u00fbt, a appris BFM Marseille Provence de source polici\u00e8re, confirmant une information d&rsquo;<a href=\"https:\/\/actu.fr\/provence-alpes-cote-d-azur\/marseille_13055\/marseille-il-braque-les-employes-d-un-supermarche-pour-se-faire-ouvrir-le-coffre-un-homme-interpelle_63081801.html\" target=\"_blank\" class=\"external_link\" rel=\"nofollow noopener\">Actu Marseille<\/a>.<\/p>\n<p>Les faits se sont d\u00e9roul\u00e9s tr\u00e8s t\u00f4t dans la matin\u00e9e. Un homme a tent\u00e9 de retenir les employ\u00e9s de la sup\u00e9rette en attendant l&rsquo;arriv\u00e9e du patron. Mais il a finalement \u00e9t\u00e9 d\u00e9sarm\u00e9 et interpell\u00e9 par les forces de l&rsquo;ordre.<\/p>\n<p>Une employ\u00e9e en \u00e9tat de choc<\/p>\n<p>Un deuxi\u00e8me suspect est quant \u00e0 lui en fuite. Ce dernier s&rsquo;est \u00e9chapp\u00e9 sans le v\u00e9hicule qui a servi \u00e0 amener les deux individus sur les lieux de leur braquage, puisque celui-ci a \u00e9t\u00e9 retrouv\u00e9 aux abords du commerce.<\/p>\n<p>D&rsquo;apr\u00e8s les informations de BFM Marseille Provence, les marins-pompiers sont intervenus sur place pour prendre en charge une employ\u00e9e du supermarch\u00e9 en \u00e9tat de choc. Son \u00e9tat est d\u00e9sormais rassurant.<\/p>\n<p>Johan Honnet avec Mathias Fleury<\/p>\n","protected":false},"excerpt":{"rendered":"Un homme a \u00e9t\u00e9 interpell\u00e9 apr\u00e8s une tentative de braquage \u00e0 main arm\u00e9e dans un Carrefour City de&hellip;\n","protected":false},"author":2,"featured_media":283229,"comment_status":"","ping_status":"","sticky":false,"template":"","format":"standard","meta":{"footnotes":""},"categories":[2814],"tags":[1111,11,1777,674,1011,27,884,12,882,25],"class_list":{"0":"post-348332","1":"post","2":"type-post","3":"status-publish","4":"format-standard","5":"has-post-thumbnail","7":"category-marseille","8":"tag-actu","9":"tag-actualites","10":"tag-eu","11":"tag-europe","12":"tag-fr","13":"tag-france","14":"tag-marseille","15":"tag-news","16":"tag-provence-alpes-cote-dazur","17":"tag-republique-francaise"},"share_on_mastodon":{"url":"https:\/\/pubeurope.com\/@fr\/115102427881660384","error":""},"_links":{"self":[{"href":"https:\/\/www.europesays.com\/fr\/wp-json\/wp\/v2\/posts\/348332","targetHints":{"allow":["GET"]}}],"collection":[{"href":"https:\/\/www.europesays.com\/fr\/wp-json\/wp\/v2\/posts"}],"about":[{"href":"https:\/\/www.europesays.com\/fr\/wp-json\/wp\/v2\/types\/post"}],"author":[{"embeddable":true,"href":"https:\/\/www.europesays.com\/fr\/wp-json\/wp\/v2\/users\/2"}],"replies":[{"embeddable":true,"href":"https:\/\/www.europesays.com\/fr\/wp-json\/wp\/v2\/comments?post=348332"}],"version-history":[{"count":0,"href":"https:\/\/www.europesays.com\/fr\/wp-json\/wp\/v2\/posts\/348332\/revisions"}],"wp:featuredmedia":[{"embeddable":true,"href":"https:\/\/www.europesays.com\/fr\/wp-json\/wp\/v2\/media\/283229"}],"wp:attachment":[{"href":"https:\/\/www.europesays.com\/fr\/wp-json\/wp\/v2\/media?parent=348332"}],"wp:term":[{"taxonomy":"category","embeddable":true,"href":"https:\/\/www.europesays.com\/fr\/wp-json\/wp\/v2\/categories?post=348332"},{"taxonomy":"post_tag","embeddable":true,"href":"https:\/\/www.europesays.com\/fr\/wp-json\/wp\/v2\/tags?post=348332"}],"curies":[{"name":"wp","href":"https:\/\/api.w.org\/{rel}","templated":true}]}}