{"id":348361,"date":"2025-08-27T19:56:11","date_gmt":"2025-08-27T19:56:11","guid":{"rendered":"https:\/\/www.europesays.com\/fr\/348361\/"},"modified":"2025-08-27T19:56:11","modified_gmt":"2025-08-27T19:56:11","slug":"un-traitement-miracle-contre-lacne-lue-approuve-cette-nouvelle-creme-apres-un-premier-refus","status":"publish","type":"post","link":"https:\/\/www.europesays.com\/fr\/348361\/","title":{"rendered":"Un traitement miracle contre l&rsquo;acn\u00e9 ? L&rsquo;UE approuve cette nouvelle cr\u00e8me, apr\u00e8s un premier refus"},"content":{"rendered":"<p>Le fonctionnement de la mol\u00e9cule<\/p>\n<p class=\"ap-StoryElement ap-StoryElement--mb ap-StoryText\">Ces derniers \u00e9liminent par antibiotiques la bact\u00e9rie \u00e0 l&rsquo;origine de l&rsquo;acn\u00e9, ou ils imitent l&rsquo;accumulation de cellules mortes, un processus qui favorise l&rsquo;inflammation. La clascot\u00e9rone, elle, rend les cellules de la peau moins r\u00e9ceptives aux hormones \u00e0 l&rsquo;origine du s\u00e9bum, la substance grasse que les acn\u00e9iques produisent en trop grande quantit\u00e9.<\/p>\n<p><a href=\"https:\/\/www.moustique.be\/notre-epoque\/les-infos\/2025\/08\/27\/succes-des-nouveaux-bons-detat-607-millions-deuros-leves-en-un-jour-largement-au-dessus-des-attentes-7EZ23B4RURELHOHZS6UIFZEI2E\/\" target=\"_blank\" rel=\"noopener noreferrer\" class=\"ap-StoryInterstitialLink ap-StoryElement ap-StoryElement--mb\">Succ\u00e8s des nouveaux bons d&rsquo;\u00c9tat : 60,7 millions d&rsquo;euros lev\u00e9s en un jour, largement au-dessus des attentes<\/a>Des effets secondaires ?<\/p>\n<p class=\"ap-StoryElement ap-StoryElement--mb ap-StoryText\">Le traitement est d\u00e9j\u00e0 disponible depuis plusieurs ann\u00e9es aux Etats-Unis et d&rsquo;autres pays comme le Royaume-Uni.<\/p>\n<p class=\"ap-StoryElement ap-StoryElement--mb ap-StoryText\">De plus, lors d&rsquo;un premier examen au printemps, l&rsquo;EMA avait refus\u00e9 de donner son feu vert pour les adolescents, estimant que les risques du traitement ne compensaient pas les b\u00e9n\u00e9fices dans cette tranche d&rsquo;\u00e2ge. L&rsquo;EMA craignait des effets secondaires hormonaux d\u00e9l\u00e9t\u00e8res \u00e0 une p\u00e9riode cruciale pour le d\u00e9veloppement vers l&rsquo;\u00e2ge adulte.<\/p>\n<p class=\"ap-StoryElement ap-StoryElement--mb ap-StoryText\">Cosmo a, depuis, pr\u00e9sent\u00e9 un nouveau dossier comprenant \u00ab\u00a0une \u00e9valuation clinique approfondie\u00a0\u00bb par un groupe de dermatologues et d&rsquo;endocrinologues. Celle-ci a finalement convaincu l&rsquo;EMA d&rsquo;approuver le traitement pour tous les patients \u00e2g\u00e9s de plus de 12 ans.<\/p>\n<p class=\"ap-StoryElement ap-StoryElement--mb ap-StoryText\">Cette d\u00e9cision ne signifie pas pour autant que le m\u00e9dicament sera disponible dans l&rsquo;imm\u00e9diat dans les pays de l&rsquo;UE. L&rsquo;\u00e9ventuel remboursement du traitement ne peut donc pas \u00eatre annonc\u00e9 \u00e0 l&rsquo;avance, pr\u00e9cise l&rsquo;INAMI.<\/p>\n","protected":false},"excerpt":{"rendered":"Le fonctionnement de la mol\u00e9cule Ces derniers \u00e9liminent par antibiotiques la bact\u00e9rie \u00e0 l&rsquo;origine de l&rsquo;acn\u00e9, ou ils&hellip;\n","protected":false},"author":2,"featured_media":348362,"comment_status":"","ping_status":"","sticky":false,"template":"","format":"standard","meta":{"footnotes":""},"categories":[1586],"tags":[11,9999,1777,674,1779,1011,27,12,25,71,1778,364],"class_list":{"0":"post-348361","1":"post","2":"type-post","3":"status-publish","4":"format-standard","5":"has-post-thumbnail","7":"category-europe","8":"tag-actualites","9":"tag-belgium","10":"tag-eu","11":"tag-europe","12":"tag-european-union","13":"tag-fr","14":"tag-france","15":"tag-news","16":"tag-republique-francaise","17":"tag-sante","18":"tag-ue","19":"tag-union-europeenne"},"share_on_mastodon":{"url":"https:\/\/pubeurope.com\/@fr\/115102494449257941","error":""},"_links":{"self":[{"href":"https:\/\/www.europesays.com\/fr\/wp-json\/wp\/v2\/posts\/348361","targetHints":{"allow":["GET"]}}],"collection":[{"href":"https:\/\/www.europesays.com\/fr\/wp-json\/wp\/v2\/posts"}],"about":[{"href":"https:\/\/www.europesays.com\/fr\/wp-json\/wp\/v2\/types\/post"}],"author":[{"embeddable":true,"href":"https:\/\/www.europesays.com\/fr\/wp-json\/wp\/v2\/users\/2"}],"replies":[{"embeddable":true,"href":"https:\/\/www.europesays.com\/fr\/wp-json\/wp\/v2\/comments?post=348361"}],"version-history":[{"count":0,"href":"https:\/\/www.europesays.com\/fr\/wp-json\/wp\/v2\/posts\/348361\/revisions"}],"wp:featuredmedia":[{"embeddable":true,"href":"https:\/\/www.europesays.com\/fr\/wp-json\/wp\/v2\/media\/348362"}],"wp:attachment":[{"href":"https:\/\/www.europesays.com\/fr\/wp-json\/wp\/v2\/media?parent=348361"}],"wp:term":[{"taxonomy":"category","embeddable":true,"href":"https:\/\/www.europesays.com\/fr\/wp-json\/wp\/v2\/categories?post=348361"},{"taxonomy":"post_tag","embeddable":true,"href":"https:\/\/www.europesays.com\/fr\/wp-json\/wp\/v2\/tags?post=348361"}],"curies":[{"name":"wp","href":"https:\/\/api.w.org\/{rel}","templated":true}]}}