{"id":348373,"date":"2025-08-27T20:02:12","date_gmt":"2025-08-27T20:02:12","guid":{"rendered":"https:\/\/www.europesays.com\/fr\/348373\/"},"modified":"2025-08-27T20:02:12","modified_gmt":"2025-08-27T20:02:12","slug":"dn3-olivier-dumeaux-faire-perdurer-le-club-historique-de-cote-basque-xiii-rugby-a-xiii","status":"publish","type":"post","link":"https:\/\/www.europesays.com\/fr\/348373\/","title":{"rendered":"DN3 &#8211; Olivier Dumeaux : \u00ab\u00a0Faire perdurer le club historique de C\u00f4te Basque XIII\u00a0\u00bb &#8211; Rugby \u00e0 XIII"},"content":{"rendered":"<p style=\"text-align: justify;\"><strong>Olivier Dumeaux, pr\u00e9sident-entraineur de Basque XIII, revient sur l\u2019origine de cette \u00e9quipe et \u00e9voque ses ambitions.<\/strong><\/p>\n<p style=\"text-align: justify;\"><strong>Olivier, peux-tu te pr\u00e9senter ?<\/strong><\/p>\n<p style=\"text-align: justify;\">Dumeaux Olivier, passionn\u00e9 de rugby \u00e0 XIII, n\u00e9 et a grandi \u00e0 Villeneuve-sur-Lot et Villeneuve XIII. Pass\u00e9 par le Sport Etudes de Carcassonne, Toulouse Jules Julien, Spacer\u2019s de Toulouse, l\u2019Union Villefranche-Cahors, Maroc 13 et rugby fauteuil. Joueur, \u00e9ducateur, entra\u00eeneur, arbitre et aujourd\u2019hui pr\u00e9sident. Actuellement prof d\u2019EPS au Lyc\u00e9e Fran\u00e7ais de Bilbao, en \u00e9tant pass\u00e9 par ceux de Tunis (Tunisie), Phnom Penh (Cambodge) et Tananarive (Madagascar). Domicili\u00e9 \u00e0 Anglet depuis 2023.<\/p>\n<p style=\"text-align: justify;\"><strong>Une nouvelle \u00e9quipe \u00e0 Anglet, peux-tu nous dire comment cela s\u2019est fait ?<\/strong><\/p>\n<p style=\"text-align: justify;\">L\u2019id\u00e9e est de faire perdurer le club historique de C\u00f4te Basque XIII. J\u2019ai rencontr\u00e9 Renaud Davant, arri\u00e8re-petit-fils de Justin Davant, international \u00e0 XIII. Renaud m\u2019a expliqu\u00e9 son envie de recr\u00e9er un club de rugby \u00e0 XIII et bingo. J\u2019ai propos\u00e9 de l\u2019aider et de participer \u00e0 cette aventure un peu folle mais pas extravagante !<\/p>\n<p style=\"text-align: justify;\"><strong>Avec la concurrence du XV dans le Pays Basque, cela ne va pas \u00eatre trop difficile d\u2019exister selon toi ?\u00a0<\/strong><\/p>\n<p style=\"text-align: justify;\">Suite \u00e0 diverses communications, nous nous sommes rendu compte qu\u2019il y avait beaucoup plus de sympathisants treizistes que nous le pensions, des passionn\u00e9s, d\u2019anciens joueurs, d\u2019anciens dirigeants. Renaud conna\u00eet aussi le monde quinziste amateur et pas mal de joueurs qui souhaiteraient tenter l\u2019aventure. Certes, le rugby \u00e0 15 est tr\u00e8s ancr\u00e9 mais il y a largement la place pour notre pratique. Reste \u00e0 ce jour \u00e0 convaincre les collectivit\u00e9s territoriales de nous accepter, en esp\u00e9rant que la gu\u00e9guerre soit d\u2019un autre temps.<\/p>\n<p style=\"text-align: justify;\"><strong>Toi qui es dans le XIII depuis tr\u00e8s longtemps, comment vois-tu l\u2019\u00e9volution de ce sport ?<\/strong><\/p>\n<p>Un deuxi\u00e8me club (Toulouse) en Super League serait tr\u00e8s bien pour la visibilit\u00e9 m\u00e9diatique (beaucoup de passionn\u00e9s hors r\u00e9gions treizistes suivent les rencontres diffus\u00e9es). Si le TO monte, un autre club fran\u00e7ais devrait s\u2019installer en Championship aussi. J\u2019ai suivi pas mal de matches cette saison (notamment gr\u00e2ce \u00e0 Occitania TV) et le niveau s\u2019am\u00e9liore d\u2019ann\u00e9e en ann\u00e9e. Les retrait\u00e9s dragons et toulousains alimentant les clubs fran\u00e7ais, permettent aussi cette am\u00e9lioration. Des clubs refont surface comme Villeneuve, Pia, Albi\u2026 Basque XIII et la formation chez nos 15\/18 est tr\u00e8s performante. Apr\u00e8s, il nous manque du monde sur les \u00e9tag\u00e8res et c\u2019est l\u00e0 que cela se complique ! \u00c9conomie, notori\u00e9t\u00e9 et communication, c\u2019est le job de tous et de la f\u00e9d\u00e9ration. Tous les passionn\u00e9s travaillent pour faire vivre notre sport, \u00e0 tous les niveaux, mais encore une fois, c\u2019est compliqu\u00e9. Le cousin est bien grand aujourd\u2019hui, il a su se d\u00e9velopper. Nous devons nous nourrir de cette \u00e9volution, ouvrir les yeux sur les dispositifs mis en place par d\u2019autres f\u00e9d\u00e9rations et surtout continuer d\u2019entreprendre le renouveau du treize.<\/p>\n<p><strong>Quels sont les objectifs pour cette premi\u00e8re saison ?<\/strong><\/p>\n<p>Notre objectif \u00e0 court terme est de rendre cr\u00e9dible aux yeux de tous Basque XIII avec une \u00e9quipe s\u00e9nior masculine. La cerise sur le g\u00e2teau serait d\u2019avoir des f\u00e9minines. Sur du long terme, p\u00e9renniser notre \u00e9quipe s\u00e9nior masculine et f\u00e9minine, mettre en place une structure d\u2019accueil pour les jeunes avec un d\u00e9veloppement scolaire. Aujourd\u2019hui, nous esp\u00e9rons trouver une collectivit\u00e9 locale pour nous accueillir (en esp\u00e9rant que la mairie d\u2019Anglet veuille bien nous aider) et trouver des partenaires \u00e9conomiques afin de pouvoir \u00e9voluer.<\/p>\n","protected":false},"excerpt":{"rendered":"Olivier Dumeaux, pr\u00e9sident-entraineur de Basque XIII, revient sur l\u2019origine de cette \u00e9quipe et \u00e9voque ses ambitions. Olivier, peux-tu&hellip;\n","protected":false},"author":2,"featured_media":348374,"comment_status":"","ping_status":"","sticky":false,"template":"","format":"standard","meta":{"footnotes":""},"categories":[1416],"tags":[48448,1011,27,48449,479,2228,1468,2229,60],"class_list":{"0":"post-348373","1":"post","2":"type-post","3":"status-publish","4":"format-standard","5":"has-post-thumbnail","7":"category-rugby","8":"tag-basque-xiii","9":"tag-fr","10":"tag-france","11":"tag-olivier-dumeaux","12":"tag-rugby","13":"tag-rugby-a-xiii","14":"tag-rugby-football","15":"tag-rugby-league","16":"tag-sports"},"share_on_mastodon":{"url":"https:\/\/pubeurope.com\/@fr\/115102518092322486","error":""},"_links":{"self":[{"href":"https:\/\/www.europesays.com\/fr\/wp-json\/wp\/v2\/posts\/348373","targetHints":{"allow":["GET"]}}],"collection":[{"href":"https:\/\/www.europesays.com\/fr\/wp-json\/wp\/v2\/posts"}],"about":[{"href":"https:\/\/www.europesays.com\/fr\/wp-json\/wp\/v2\/types\/post"}],"author":[{"embeddable":true,"href":"https:\/\/www.europesays.com\/fr\/wp-json\/wp\/v2\/users\/2"}],"replies":[{"embeddable":true,"href":"https:\/\/www.europesays.com\/fr\/wp-json\/wp\/v2\/comments?post=348373"}],"version-history":[{"count":0,"href":"https:\/\/www.europesays.com\/fr\/wp-json\/wp\/v2\/posts\/348373\/revisions"}],"wp:featuredmedia":[{"embeddable":true,"href":"https:\/\/www.europesays.com\/fr\/wp-json\/wp\/v2\/media\/348374"}],"wp:attachment":[{"href":"https:\/\/www.europesays.com\/fr\/wp-json\/wp\/v2\/media?parent=348373"}],"wp:term":[{"taxonomy":"category","embeddable":true,"href":"https:\/\/www.europesays.com\/fr\/wp-json\/wp\/v2\/categories?post=348373"},{"taxonomy":"post_tag","embeddable":true,"href":"https:\/\/www.europesays.com\/fr\/wp-json\/wp\/v2\/tags?post=348373"}],"curies":[{"name":"wp","href":"https:\/\/api.w.org\/{rel}","templated":true}]}}