{"id":348375,"date":"2025-08-27T20:03:12","date_gmt":"2025-08-27T20:03:12","guid":{"rendered":"https:\/\/www.europesays.com\/fr\/348375\/"},"modified":"2025-08-27T20:03:12","modified_gmt":"2025-08-27T20:03:12","slug":"arthur-rinderknech-alejandro-davidovich-fokina-grand-chelem-us-open-deuxieme-tour-mercredi-27-aout-2025-lequipe","status":"publish","type":"post","link":"https:\/\/www.europesays.com\/fr\/348375\/","title":{"rendered":"Arthur Rinderknech &#8211; Alejandro Davidovich Fokina, Grand Chelem, US Open, Deuxi\u00e8me tour, Mercredi 27 ao\u00fbt 2025 &#8211; L&#039;\u00c9quipe"},"content":{"rendered":"<ol>\n<li><a href=\"https:\/\/news.google.com\/rss\/articles\/CBMi3gFBVV95cUxNUTJkVUdYUUhzMmYtSGZXQzNxN0ExdXFndm5jU0NPTzdYVXJSSExRUlpkUXVlbVN1WHZTQ0t5Q0E2bVpDRElUOU1qeWQ4OXdMMDdsR3lLRFYzblZZNmZpWU82TFJfUmh3TGZ5eVQwcWZfeVozQTk3UHV0a0pXMWF0ZVpYdmt3TVZCSnlOMnJhOWxpS0doT2o5d2FIM3FCbGNEc3JLMm1DUG5jMW5VaXppQjY4X1FzTlJRYlBsM054X19kZm5qeFlCRjFNZFBva21mN1haVGhOdk1NWTRFTXc?oc=5\" target=\"_blank\" rel=\"nofollow noopener\">Arthur Rinderknech &#8211; Alejandro Davidovich Fokina, Grand Chelem, US Open, Deuxi\u00e8me tour, Mercredi 27 ao\u00fbt 2025<\/a>&nbsp;&nbsp;L&rsquo;\u00c9quipe<\/li>\n<li><a href=\"https:\/\/news.google.com\/rss\/articles\/CBMipgFBVV95cUxOMUd5NzNCT0lYd2FMenFCbmtIZEZ3RVdyS2pES3BTQVBFMHhHbzk1d0JmLUlqTnhRRUxIWnZBVk1wQU5zUXBZdUtIc1BxMHR3UGRZN0RMVllIMFd2UnFSWFFNSGZCamZxeG9EdUhTYzdCaU5lYlhWTUhMU3V5cFAzeDNYWWxPT1RuRmlWbk9sQXdWTmxaUXVUSVNURGJpX0t6Qll0Y0lR?oc=5\" target=\"_blank\" rel=\"nofollow noopener\">US Open : Bonzi et les Bleus bon pied bon \u0153il !<\/a>&nbsp;&nbsp;F\u00e9d\u00e9ration Fran\u00e7aise de Tennis<\/li>\n<li><a href=\"https:\/\/news.google.com\/rss\/articles\/CBMi6AFBVV95cUxOZXQyWloxZUxMQ2hRd0JDSExZLUlLU3QtNUUtNER5NXppN3ZkY3djX1FtRnJPS1ZWWklYVVZ1OGJUSUFuYUJLU2toc2JaOWw5NldrSUEzRkpIWHAxNUkyUnU1NTJralRMYnNEMm92d1VZOEFnSmVjM2ZGbU1kUlJSdG9PdWNXeDhlUTN2Tm9qMzJHUzR1TWQ3RXpMek10VHVMTnN6ODY2QXZtNWx4cTltaXVOV1laMjZPR1dsZDd4RFNLRm5SXzZLUEVHSEhWa1dMV1pCY0hfUWtqOENZNFpKR04wUmFVaUZ3?oc=5\" target=\"_blank\" rel=\"nofollow noopener\">US Open : apr\u00e8s avoir bataill\u00e9 4 heures contre Carballes Baena, Rinderknech se hisse au deuxi\u00e8me tour<\/a>&nbsp;&nbsp;Le Figaro<\/li>\n<li><a href=\"https:\/\/news.google.com\/rss\/articles\/CBMi7gFBVV95cUxPUmEydDVYU0pEU09UUjRMc25kM3AxOGhSTTdFUWRTSTBEUUU5ZzdiQzBmUjFCeTZvNlN2Q2VHRVA5azR6U2xUNTdfTENnYnZucEVWYXNzOFdjcDhTaHVFSU9iN0dnRmFpa1B3TUJTN1U2T01VamRvd2hzY1lUQjBGRTVBOGRoNkV0b3hrcmxYR19xaVdfUFEyTE90UHlxU1J0eEtNWEtYYmZNZXlFUTEtTG5URHlKQ0dlNGFkWVdPaGxsa0c1TnlhRDRmQ1I1Z3VEOHdKX2t6aENJR2E4dkNyRlFCaTZMTV9iR0VZN3Rn?oc=5\" target=\"_blank\" rel=\"nofollow noopener\">Arthur Rinderknech, qualifi\u00e9 pour le 2e tour de l&rsquo;US Open : \u00ab Lucas Pouille m&rsquo;apporte beaucoup mentalement \u00bb<\/a>&nbsp;&nbsp;MSN<\/li>\n<li><a href=\"https:\/\/news.google.com\/rss\/articles\/CBMi4wFBVV95cUxOYkxHWGdsbVNlVDRuTkJMVGpNdUdkUWs1RTlKX0ppU0VCRks5R3VEV2pjWjJGM21HWkVoZmtQMkhtTUE1V1pqZFplLVhZTzljN0VCYlJmR2JyVmwtVXNQdkVvS2ZqZHNVeFJNVHZrem0wc1BaS1ljaWxFb2ZWOGhpTDBvYjN1R2ZzeURNN3NYOEI1UFg2X0ZsWjVjdG0yQzdIdUladjlhTXdPSTdSX0ZGUU5rb3FFZUV0UFNsR2FXcTQ4Y01OM2o2cUZnTWN6VGExUDdvT0hnZjg1eEN6NjlnOHFqbw?oc=5\" target=\"_blank\" rel=\"nofollow noopener\">US Open. Arthur Rinderknech qualifi\u00e9 pour le deuxi\u00e8me tour apr\u00e8s quatre heures de combat . Sport<\/a>&nbsp;&nbsp;&#8211; Alen\u00e7on.maville.com<\/li>\n<\/ol>\n","protected":false},"excerpt":{"rendered":"Arthur Rinderknech &#8211; Alejandro Davidovich Fokina, Grand Chelem, US Open, Deuxi\u00e8me tour, Mercredi 27 ao\u00fbt 2025&nbsp;&nbsp;L&rsquo;\u00c9quipe US Open&hellip;\n","protected":false},"author":2,"featured_media":342526,"comment_status":"","ping_status":"","sticky":false,"template":"","format":"standard","meta":{"footnotes":""},"categories":[1415],"tags":[1011,27,60,1467],"class_list":{"0":"post-348375","1":"post","2":"type-post","3":"status-publish","4":"format-standard","5":"has-post-thumbnail","7":"category-tennis","8":"tag-fr","9":"tag-france","10":"tag-sports","11":"tag-tennis"},"share_on_mastodon":{"url":"https:\/\/pubeurope.com\/@fr\/115102521948731822","error":""},"_links":{"self":[{"href":"https:\/\/www.europesays.com\/fr\/wp-json\/wp\/v2\/posts\/348375","targetHints":{"allow":["GET"]}}],"collection":[{"href":"https:\/\/www.europesays.com\/fr\/wp-json\/wp\/v2\/posts"}],"about":[{"href":"https:\/\/www.europesays.com\/fr\/wp-json\/wp\/v2\/types\/post"}],"author":[{"embeddable":true,"href":"https:\/\/www.europesays.com\/fr\/wp-json\/wp\/v2\/users\/2"}],"replies":[{"embeddable":true,"href":"https:\/\/www.europesays.com\/fr\/wp-json\/wp\/v2\/comments?post=348375"}],"version-history":[{"count":0,"href":"https:\/\/www.europesays.com\/fr\/wp-json\/wp\/v2\/posts\/348375\/revisions"}],"wp:featuredmedia":[{"embeddable":true,"href":"https:\/\/www.europesays.com\/fr\/wp-json\/wp\/v2\/media\/342526"}],"wp:attachment":[{"href":"https:\/\/www.europesays.com\/fr\/wp-json\/wp\/v2\/media?parent=348375"}],"wp:term":[{"taxonomy":"category","embeddable":true,"href":"https:\/\/www.europesays.com\/fr\/wp-json\/wp\/v2\/categories?post=348375"},{"taxonomy":"post_tag","embeddable":true,"href":"https:\/\/www.europesays.com\/fr\/wp-json\/wp\/v2\/tags?post=348375"}],"curies":[{"name":"wp","href":"https:\/\/api.w.org\/{rel}","templated":true}]}}