{"id":348387,"date":"2025-08-27T20:11:12","date_gmt":"2025-08-27T20:11:12","guid":{"rendered":"https:\/\/www.europesays.com\/fr\/348387\/"},"modified":"2025-08-27T20:11:12","modified_gmt":"2025-08-27T20:11:12","slug":"la-fete-du-livre-de-retour-a-saint-armand-ce-samedi","status":"publish","type":"post","link":"https:\/\/www.europesays.com\/fr\/348387\/","title":{"rendered":"La F\u00eate du livre de retour \u00e0 Saint-Armand ce samedi"},"content":{"rendered":"<p class=\"article-bodystyled__StyledText-sc-19uhgql-0 bGeyRM body-paragraph\">L\u2019\u00e9v\u00e9nement se d\u00e9roulera \u00e0 la Grange \u00e0 livres, sur le site du vignoble, entre 10h et 19h. Albums, romans, po\u00e9sie, bandes dessin\u00e9es : il y en aura pour tous les go\u00fbts. <\/p>\n<p class=\"article-bodystyled__StyledText-sc-19uhgql-0 bGeyRM body-paragraph\">\u00abElle est ouverte \u00e0 la population parce qu\u2019on n\u2019a pas de biblioth\u00e8que \u00e0 Saint-Armand. On se sert du vignoble pour des activit\u00e9s culturelles\u00bb, explique Claire Chabot, une des organisatrices. <\/p>\n<p class=\"article-bodystyled__StyledText-sc-19uhgql-0 bGeyRM body-paragraph\">La F\u00eate du livre en est \u00e0 sa quatri\u00e8me \u00e9dition et sa popularit\u00e9 augmente chaque ann\u00e9e.<\/p>\n<p class=\"article-bodystyled__StyledText-sc-19uhgql-0 bGeyRM body-paragraph\">\u00abL\u2019an pass\u00e9, il pleuvait \u00e9norm\u00e9ment et nous avons eu 700 personnes! On s\u2019attend \u00e0 encore plus cette ann\u00e9e!\u00bb indique Mme Chabot. <\/p>\n<p>Des invit\u00e9s de marque<img decoding=\"async\" data-chromatic=\"ignore\" alt=\"Chrystine Brouillet sera &#xE0; la F&#xEA;te du livre de 11 h &#xE0; 11 h 45.\" class=\"c-image\" loading=\"lazy\" src=\"https:\/\/www.europesays.com\/fr\/wp-content\/uploads\/2025\/08\/HGYSAEMHDVFVBOJZOFYABPVWIA.jpg\"  width=\"600\" height=\"899\"\/><\/p>\n<p class=\"image-metadata__MetadataParagraph-sc-1gfk7p2-0 cAaLKg image-metadata\">Chrystine Brouillet sera \u00e0 la F\u00eate du livre de 11 h \u00e0 11 h 45. (Melany Bernier)<\/p>\n<p class=\"article-bodystyled__StyledText-sc-19uhgql-0 bGeyRM body-paragraph\">La journ\u00e9e d\u00e9bute \u00e0 10 h pour les familles avec l\u2019autrice et chanteuse <a href=\"https:\/\/www.lavoixdelest.ca\/arts\/art-local\/2024\/07\/11\/alfa-rococo-animera-le-centre-ville-de-granby-vendredi-soir-WFLK5STYLFAABB7W53YWTEDBRA\/\" target=\"_blank\" rel=\"nofollow noopener\" title=\"https:\/\/www.lavoixdelest.ca\/arts\/art-local\/2024\/07\/11\/alfa-rococo-animera-le-centre-ville-de-granby-vendredi-soir-WFLK5STYLFAABB7W53YWTEDBRA\/\">du groupe Alfa Rococo<\/a>, Justine Laberge-Vaugeois. <\/p>\n<p class=\"article-bodystyled__StyledText-sc-19uhgql-0 bGeyRM body-paragraph\">\u00abElle a \u00e9crit quelques livres et elle va les pr\u00e9senter aux enfants\u00bb, pr\u00e9cise Claire Chabot.<\/p>\n<p class=\"article-bodystyled__StyledText-sc-19uhgql-0 bGeyRM body-paragraph\">L\u2019autrice de romans policiers Chrystine Brouillet sera ensuite sur place pour parler de son r\u00e9cent roman, Le regard des autres.<\/p>\n<p class=\"article-bodystyled__StyledText-sc-19uhgql-0 bGeyRM body-paragraph\">Des rencontres improbables seront aussi initi\u00e9es afin d\u2019entendre des discussions entre auteurs qui n\u2019ont pas le m\u00eame genre d\u2019\u00e9criture.<\/p>\n<p class=\"article-bodystyled__StyledText-sc-19uhgql-0 bGeyRM body-paragraph\">\u00abOn met des gens ensemble qui ne se sont pas n\u00e9cessairement d\u00e9j\u00e0 rencontr\u00e9. On les place ensemble pour qu\u2019ils aient un dialogue sur leur travail. On esp\u00e8re qu\u2019ils vont se d\u00e9couvrir l\u2019un et l\u2019autre.\u00bb<\/p>\n<p class=\"article-bodystyled__StyledText-sc-19uhgql-0 bGeyRM body-paragraph\">On pourra notamment y voir Ghislain Taschereau, Yves P. Pelletier et Andr\u00e9e A. Michaud. <\/p>\n<p><img decoding=\"async\" data-chromatic=\"ignore\" alt=\"Ghislain Taschereau fera partie des rencontres improbables avec l'autrice Kristina Gauthier-Landry, &#xE0; 12 h 30.\" class=\"c-image\" loading=\"lazy\" src=\"https:\/\/www.europesays.com\/fr\/wp-content\/uploads\/2025\/08\/FHF45IAJ7NBFVMD5MY3XOMSSMI.jpg\"  width=\"1200\" height=\"800\"\/><\/p>\n<p class=\"image-metadata__MetadataParagraph-sc-1gfk7p2-0 cAaLKg image-metadata\">Ghislain Taschereau fera partie des rencontres improbables avec l&rsquo;autrice Kristina Gauthier-Landry, \u00e0 12 h 30. (St\u00e9phane Lessard\/Archives Le Nouvelliste)<\/p>\n<p>Performance et po\u00e9sie<\/p>\n<p class=\"article-bodystyled__StyledText-sc-19uhgql-0 bGeyRM body-paragraph\">\u00c0 la fin de la journ\u00e9e, un 5 \u00e0 7 sera anim\u00e9 par Christian Guay-Poliquin, un auteur de Saint-Armand. <\/p>\n<p class=\"article-bodystyled__StyledText-sc-19uhgql-0 bGeyRM body-paragraph\">\u00abIl a demand\u00e9 \u00e0 cinq personnes connues de venir lire, un peu comme un slam, et \u00e7a s\u2019appelle \u00abIvres de mots\u00bb puisqu\u2019on est sur un vignoble. Ils vont faire une performance, habituellement c\u2019est tr\u00e8s \u00e9mouvant et dr\u00f4le\u00bb, d\u00e9taille en souriant Mme Chabot.<\/p>\n<blockquote class=\"blockquote\" cite=\"\">\n<p class=\"secondary-font__SecondaryFontStyles-sc-jft5zj-0 kJOXaj\">Le po\u00e8te Ra\u00f4ul Duguay, p\u00e8re de La Bittt \u00e0 Tibi, sera aussi pr\u00e9sent lors de la F\u00eate. <\/p>\n<\/blockquote>\n<p class=\"article-bodystyled__StyledText-sc-19uhgql-0 bGeyRM body-paragraph\">D\u2019ailleurs, le vendredi 29 ao\u00fbt, une soir\u00e9e po\u00e9sie est organis\u00e9e \u00e0 la Grange \u00e0 livres. L\u2019\u00e9v\u00e9nement qui se nomme \u00abLe Cercle bleu\u00bb est sp\u00e9cialement pour M. Duguay, po\u00e8te de Saint-Armand. <\/p>\n<p class=\"article-bodystyled__StyledText-sc-19uhgql-0 bGeyRM body-paragraph\">Ils vont \u00e9galement pr\u00e9senter le film La nuit de la po\u00e9sie, qui revient sur l\u2019iconique \u00e9v\u00e9nement tenu dans la nuit du 27 mars 1970. De milliers de personnes s\u2019\u00e9taient rassembl\u00e9es pour ce qui s\u2019est av\u00e9r\u00e9 la plus grande f\u00eate de la parole dans l\u2019histoire du Qu\u00e9bec.<\/p>\n<p class=\"article-bodystyled__StyledText-sc-19uhgql-0 bGeyRM body-paragraph\">Pour la journ\u00e9e du samedi, un traiteur sera sur place, le vignoble sera ouvert, il y aura un chapiteau et une librairie afin d\u2019acheter les livres des auteurs pr\u00e9sents.<\/p>\n<p class=\"article-bodystyled__StyledText-sc-19uhgql-0 bGeyRM body-paragraph\">Mme Chabot confirme d\u00e9j\u00e0 que la cinqui\u00e8me mouture sera encore plus impressionnante en 2026. <\/p>\n","protected":false},"excerpt":{"rendered":"L\u2019\u00e9v\u00e9nement se d\u00e9roulera \u00e0 la Grange \u00e0 livres, sur le site du vignoble, entre 10h et 19h. Albums,&hellip;\n","protected":false},"author":2,"featured_media":348388,"comment_status":"","ping_status":"","sticky":false,"template":"","format":"standard","meta":{"footnotes":""},"categories":[1357],"tags":[48450,47982,48451,48452,45089,1379,48453,48454,48455,48456,48457,58,59,1294,1011,27,2003,1380,48458,48459,18532,48460,48461,48462,48463,48464,48465,9026,48466,48467,12541,48468,48469,2004,31626,48470,48471,6869,48472,48473,48474,48475],"class_list":{"0":"post-348387","1":"post","2":"type-post","3":"status-publish","4":"format-standard","5":"has-post-thumbnail","7":"category-livres","8":"tag-5524-575-rue-st-patrick","9":"tag-auteure","10":"tag-author","11":"tag-autrice","12":"tag-book","13":"tag-books","14":"tag-canadian-photographer","15":"tag-casting-de-femme","16":"tag-chrystine-brouillet","17":"tag-corporate-photographer","18":"tag-corporate-portrait","19":"tag-divertissement","20":"tag-entertainment","21":"tag-femme","22":"tag-fr","23":"tag-france","24":"tag-livre","25":"tag-livres","26":"tag-melany-bernier","27":"tag-melany-bernier-photographe","28":"tag-montreal","29":"tag-montreal-photographer","30":"tag-photographe-canadienne","31":"tag-photographe-corporative","32":"tag-photographe-de-montreal","33":"tag-photographe-de-produit","34":"tag-photographe-professionnelle","35":"tag-portrait","36":"tag-portrait-de-femme","37":"tag-portraitist","38":"tag-portraitiste","39":"tag-product-photographer","40":"tag-professional-photographer","41":"tag-roman","42":"tag-studio","43":"tag-studio-montreal-575","44":"tag-studiomontreal575-com","45":"tag-woman","46":"tag-woman-casting","47":"tag-woman-portrait","48":"tag-women-portrait","49":"tag-www-melanybernier-com"},"share_on_mastodon":{"url":"","error":"Validation failed: Text character limit of 500 exceeded"},"_links":{"self":[{"href":"https:\/\/www.europesays.com\/fr\/wp-json\/wp\/v2\/posts\/348387","targetHints":{"allow":["GET"]}}],"collection":[{"href":"https:\/\/www.europesays.com\/fr\/wp-json\/wp\/v2\/posts"}],"about":[{"href":"https:\/\/www.europesays.com\/fr\/wp-json\/wp\/v2\/types\/post"}],"author":[{"embeddable":true,"href":"https:\/\/www.europesays.com\/fr\/wp-json\/wp\/v2\/users\/2"}],"replies":[{"embeddable":true,"href":"https:\/\/www.europesays.com\/fr\/wp-json\/wp\/v2\/comments?post=348387"}],"version-history":[{"count":0,"href":"https:\/\/www.europesays.com\/fr\/wp-json\/wp\/v2\/posts\/348387\/revisions"}],"wp:featuredmedia":[{"embeddable":true,"href":"https:\/\/www.europesays.com\/fr\/wp-json\/wp\/v2\/media\/348388"}],"wp:attachment":[{"href":"https:\/\/www.europesays.com\/fr\/wp-json\/wp\/v2\/media?parent=348387"}],"wp:term":[{"taxonomy":"category","embeddable":true,"href":"https:\/\/www.europesays.com\/fr\/wp-json\/wp\/v2\/categories?post=348387"},{"taxonomy":"post_tag","embeddable":true,"href":"https:\/\/www.europesays.com\/fr\/wp-json\/wp\/v2\/tags?post=348387"}],"curies":[{"name":"wp","href":"https:\/\/api.w.org\/{rel}","templated":true}]}}