{"id":348389,"date":"2025-08-27T20:12:12","date_gmt":"2025-08-27T20:12:12","guid":{"rendered":"https:\/\/www.europesays.com\/fr\/348389\/"},"modified":"2025-08-27T20:12:12","modified_gmt":"2025-08-27T20:12:12","slug":"entre-ia-et-sexualite-les-trouvailles-delisabeth-borne-pour-la-rentree","status":"publish","type":"post","link":"https:\/\/www.europesays.com\/fr\/348389\/","title":{"rendered":"Entre IA et sexualit\u00e9, les trouvailles d\u2019\u00c9lisabeth Borne pour la rentr\u00e9e"},"content":{"rendered":"<p>Avant sa visite de rentr\u00e9e dans un \u00e9tablissement QPV (quartier prioritaire de la ville) d\u2019Angers, \u00c9lisabeth Borne, ministre de l\u2019\u00c9ducation nationale, a trac\u00e9 les grandes lignes de sa politique. Depuis huit mois \u00e0 la t\u00eate de ce minist\u00e8re hautement strat\u00e9gique, elle a d\u00e9voil\u00e9 quelques mesures \u00ab \u00e9poustouflifiantes \u00bb dans un entretien au <a href=\"https:\/\/www.brut.media\/fr\/articles\/france\/politique\/elisabeth-borne-on-va-proposer-aux-professeurs-une-intelligence-artificielle\" target=\"_blank\" rel=\"noopener nofollow\">m\u00e9dia en ligne Brut<\/a> et au <a href=\"https:\/\/www.leparisien.fr\/societe\/elisabeth-borne-aujourdhui-ma-seule-et-unique-boussole-cest-la-rentree-scolaire-26-08-2025-OUJTP3PFBNH5XCPXYMSMNQ4BTM.php?ts=1756290159265\" target=\"_blank\" rel=\"noopener nofollow\">Parisien<\/a>. Sa proposition phare\u00a0: \u00ab\u00a0offrir aux enseignants un cerveau auxiliaire\u00a0\u00bb.<\/p>\n<p>Sept ministres depuis 2022. Pour quel r\u00e9sultat ?<\/p>\n<p>Depuis l\u2019\u00e9lection d\u2019Emmanuel Macron en 2017, sept ministres se sont succ\u00e9d\u00e9 \u00e0 la t\u00eate de l\u2019\u00c9ducation nationale, et peut-\u00eatre un huiti\u00e8me d\u2019ici la fin de l\u2019ann\u00e9e, si le gouvernement Bayrou tombe dans huit jours. Au tableau d\u2019affichage : Jean-Michel Blanquer, Pap Ndiaye, Gabriel Attal, Am\u00e9lie Oud\u00e9a-Castera, Nicole Belloubet, Anne Genetet (accompagn\u00e9e d\u2019un ministre d\u00e9l\u00e9gu\u00e9 charg\u00e9 de la R\u00e9ussite scolaire et de l\u2019Enseignement professionnel, Alexandre Portier) et, aujourd&rsquo;hui, \u00c9lisabeth Borne. Des profils parfois totalement oppos\u00e9s, des wokistes, des touristes ou des potiches, tous \u2013 \u00e0 l\u2019exception de Blanquer, rest\u00e9 en poste durant le premier quinquennat \u2013 plus inefficaces ou nuisibles les uns que les autres.<\/p>\n<p>Comme l\u2019\u00e9crivait Philippe Watrelot, dans <a href=\"https:\/\/www.alternatives-economiques.fr\/philippe-watrelot\/six-ans-ministres-de-leducation-nationale-se-suivent-leurs\/00112470\" target=\"_blank\" rel=\"noopener nofollow\">Alternatives \u00e9conomiques<\/a>, lors de l\u2019av\u00e8nement tant attendu du gouvernement Barnier, \u00e0 ce poste o\u00f9 la marge d\u2019autonomie est quasi nulle, on ne nomme que \u00ab\u00a0des seconds couteaux \u00bb. R\u00e9sultat : les annonces des ministres de l\u2019\u00c9ducation \u00ab\u00a0rel\u00e8vent de la gesticulation et du discours performatif\u00a0\u00bb. Nouvelle preuve, ce jour, par \u00c9lisabeth Borne.<\/p>\n<p>\u00c9teindre les portables pour mieux se former \u00e0 l\u2019IA<\/p>\n<p>Install\u00e9 par Michel Barnier \u00e0 l\u2019\u00c9ducation, l\u2019ex-Premier ministre apportait dans sa musette, voil\u00e0 huit mois, une mesure forte\u00a0: <a href=\"https:\/\/www.education.gouv.fr\/interdiction-du-telephone-portable-dans-les-ecoles-et-les-colleges-et-pause-numerique-7334\" target=\"_blank\" rel=\"noopener nofollow\">l\u2019op\u00e9ration \u00ab\u00a0portable en pause\u00a0\u00bb<\/a>, soit la suppression du portable \u00e0 l\u2019\u00e9cole. Sans remont\u00e9e du terrain, dit-elle, elle assure n\u00e9anmoins que, \u00ab\u00a0dans les prochains mois \u00bb, la mesure \u00ab\u00a0sera en \u0153uvre dans tous les coll\u00e8ges, en lien avec les collectivit\u00e9s\u00a0\u00bb. On se dit pourtant que \u00e7a ne va pas \u00eatre simple \u00e0 appliquer, car l\u2019IA est au c\u0153ur du nouveau programme d\u2019enseignement, c\u00f4t\u00e9 profs et c\u00f4t\u00e9 \u00e9l\u00e8ves.<\/p>\n<p>C\u2019est en effet le clou des annonces\u00a0: \u00ab\u00a0On va proposer aux professeurs une intelligence artificielle pour les accompagner dans leur m\u00e9tier\u00a0\u00bb, a dit Mme Borne \u00e0 Brut. Pas d\u2019inqui\u00e9tude, cependant, car, \u00ab\u00a0\u00e9videmment, \u00e0 la fin, c\u2019est le professeur qui doit finaliser son cours\u00a0\u00bb. Nous voil\u00e0 rassur\u00e9s. Le cerveau de secours servira seulement \u00ab\u00a0\u00e0 lui d\u00e9broussailler le travail\u00a0\u00bb. L\u2019IA, poursuit-elle, peut permettre \u00ab de mieux comprendre ce qu\u2019un \u00e9l\u00e8ve a compris et ce qu\u2019il n\u2019a pas compris, o\u00f9 sont ses blocages \u00bb. Et lui offrir une consultation psy avec le chatbot ? Dans un temps o\u00f9 l\u2019on peine \u00e0 recruter, tant en raison du manque de vocations que du niveau g\u00e9n\u00e9ral en pleine d\u00e9confiture \u2013 dans certaines acad\u00e9mies, on prend des profs \u00e0 5 de moyenne au concours \u2013, on \u00ab\u00a0peut faire [de l\u2019IA] un vrai levier pour faciliter l\u2019apprentissage. Il faut que chacun soit conscient que c\u2019est un peu comme un cerveau auxiliaire : \u00e7a ne dispense pas de faire fonctionner son cerveau (sic), d\u2019apprendre \u00e0 raisonner, d\u2019apprendre \u00e0 r\u00e9fl\u00e9chir. C\u2019est simplement un outil qu\u2019on doit bien savoir utiliser. \u00bb Notamment pour d\u00e9tecter les devoirs faits du m\u00eame m\u00e9tal\u2026<\/p>\n<p>En revanche, Mme Borne ne nous dit pas quelle IA le minist\u00e8re a privil\u00e9gi\u00e9e\u00a0: ChapGPT, Mistral AI, Gamma, Maia, MidJourney, Kling\u00a0? Elle a bien annonc\u00e9 cet \u00e9t\u00e9, sur le <a href=\"https:\/\/www.education.gouv.fr\/intelligence-artificielle-au-service-de-l-education-des-mesures-ambitieuses-pour-accompagner-les-416551\" target=\"_blank\" rel=\"noopener nofollow\">site du minist\u00e8re<\/a>, qu\u2019un appel \u00e0 projets de 20 millions d\u2019euros serait lanc\u00e9 pour d\u00e9velopper une IA souveraine \u00e0 l\u2019horizon 2030, mais la rentr\u00e9e avec les cerveaux de secours, c\u2019est pour demain, pas dans cinq ans ! Elle y pr\u00e9cisait aussi que les \u00e9l\u00e8ves allaient\u00a0se voir \u00ab offrir un parcours de formation \u00bb qui \u00ab \u00e9valuera les connaissances et les comp\u00e9tences en IA de l\u2019\u00e9l\u00e8ve, puis lui proposera un programme personnalis\u00e9 de formation avec des modules sur des th\u00e9matiques pr\u00e9cises \u00bb.<\/p>\n<p>La fin du bac pour tous et l\u2019\u00e9ducation \u00e0 la vie affective<\/p>\n<p>Deux autres mesures chocs, pour cette rentr\u00e9e : d&rsquo;abord, la fin du bac pour tous. Mme Borne l\u2019affirme : nous allons \u00ab resserrer les exigences \u00bb. Fini le rattrapage \u00e0 la louche : \u00ab Nous allons limiter la possibilit\u00e9 des jurys de remonter les moyennes \u00e0 50 points. Donc, un \u00e9l\u00e8ve qui aura moins de 9,5 ne pourra pas avoir le bac. Jusqu\u2019ici, un candidat pouvait b\u00e9n\u00e9ficier, en une ou deux fois, de plus de 100 points \u00bb, dit Mme Borne.<\/p>\n<p>Quant \u00e0 l&rsquo;autre mesure, essentielle \u00e0 toutes ces t\u00eates blondes ou brunes, peut-\u00eatre pensez-vous qu\u2019il s\u2019agit, enfin, de leur apprendre \u00e0 lire, \u00e9crire et compter ? Eh bien, non, vous n\u2019y \u00eates pas ! C\u2019est l\u2019<a href=\"https:\/\/www.bvoltaire.fr\/reaction-education-sexuelle-evars-le-conseil-detat-valide-la-rhetorique-woke\/\" target=\"_blank\" rel=\"noopener nofollow\">EVARS<\/a>, le programme d\u2019\u00e9ducation \u00e0 la vie affective, relationnelle et \u00e0 la sexualit\u00e9. Un enseignement obligatoire en trois s\u00e9ances, et pour les parents qui se montreraient r\u00e9calcitrants, le ministre a \u00ab demand\u00e9 qu\u2019il y ait, dans chaque \u00e9tablissement et \u00e0 chaque niveau, une r\u00e9union avec les parents d\u2019\u00e9l\u00e8ves en d\u00e9but d\u2019ann\u00e9e \u00bb. Cela, pour \u00ab lever toutes les fausses nouvelles \u00bb et \u00ab rassurer les parents \u00bb.<\/p>\n<p>Enfin, et sur ce point ne doutons pas de la vigilance du gouvernement, quel que soit le ministricule qui succ\u00e9dera \u00e0 Mme Borne, le contr\u00f4le des \u00e9tablissements priv\u00e9s sous contrat va \u00ab\u00a0se resserrer\u00a0\u00bb. Plus de 800 contr\u00f4les ont d\u00e9j\u00e0 \u00e9t\u00e9 effectu\u00e9s, cette ann\u00e9e, sur un objectif de 1.000. Et pour le public, quand est-ce qu\u2019on s\u2019y att\u00e8le ?<\/p>\n<p>                    <a href=\"#\" rel=\"nofollow\" onclick=\"window.print(); pfTrackEvent('Entre IA et sexualit\u00e9, les trouvailles d\u2019\u00c9lisabeth Borne pour la rentr\u00e9e'); return false;\" title=\"Printer Friendly, PDF &amp; Email\"><br \/>\n                    <img decoding=\"async\" src=\"https:\/\/www.europesays.com\/fr\/wp-content\/uploads\/2025\/04\/printfriendly-icon-sm.png\" alt=\"Print Friendly, PDF &amp; Email\" class=\"pf-button-img\" style=\"width: 17px;height: 17px;\"\/>Imprimer, enregistrer en PDF cet article<br \/>\n                    <\/a><\/p>\n","protected":false},"excerpt":{"rendered":"Avant sa visite de rentr\u00e9e dans un \u00e9tablissement QPV (quartier prioritaire de la ville) d\u2019Angers, \u00c9lisabeth Borne, ministre&hellip;\n","protected":false},"author":2,"featured_media":348390,"comment_status":"","ping_status":"","sticky":false,"template":"","format":"standard","meta":{"footnotes":""},"categories":[1356],"tags":[58,59,1011,27,252,1364],"class_list":{"0":"post-348389","1":"post","2":"type-post","3":"status-publish","4":"format-standard","5":"has-post-thumbnail","7":"category-television","8":"tag-divertissement","9":"tag-entertainment","10":"tag-fr","11":"tag-france","12":"tag-television","13":"tag-tv"},"share_on_mastodon":{"url":"https:\/\/pubeurope.com\/@fr\/115102557494823253","error":""},"_links":{"self":[{"href":"https:\/\/www.europesays.com\/fr\/wp-json\/wp\/v2\/posts\/348389","targetHints":{"allow":["GET"]}}],"collection":[{"href":"https:\/\/www.europesays.com\/fr\/wp-json\/wp\/v2\/posts"}],"about":[{"href":"https:\/\/www.europesays.com\/fr\/wp-json\/wp\/v2\/types\/post"}],"author":[{"embeddable":true,"href":"https:\/\/www.europesays.com\/fr\/wp-json\/wp\/v2\/users\/2"}],"replies":[{"embeddable":true,"href":"https:\/\/www.europesays.com\/fr\/wp-json\/wp\/v2\/comments?post=348389"}],"version-history":[{"count":0,"href":"https:\/\/www.europesays.com\/fr\/wp-json\/wp\/v2\/posts\/348389\/revisions"}],"wp:featuredmedia":[{"embeddable":true,"href":"https:\/\/www.europesays.com\/fr\/wp-json\/wp\/v2\/media\/348390"}],"wp:attachment":[{"href":"https:\/\/www.europesays.com\/fr\/wp-json\/wp\/v2\/media?parent=348389"}],"wp:term":[{"taxonomy":"category","embeddable":true,"href":"https:\/\/www.europesays.com\/fr\/wp-json\/wp\/v2\/categories?post=348389"},{"taxonomy":"post_tag","embeddable":true,"href":"https:\/\/www.europesays.com\/fr\/wp-json\/wp\/v2\/tags?post=348389"}],"curies":[{"name":"wp","href":"https:\/\/api.w.org\/{rel}","templated":true}]}}