{"id":348391,"date":"2025-08-27T20:13:15","date_gmt":"2025-08-27T20:13:15","guid":{"rendered":"https:\/\/www.europesays.com\/fr\/348391\/"},"modified":"2025-08-27T20:13:15","modified_gmt":"2025-08-27T20:13:15","slug":"pierre-garnier-hue-en-plein-concert-il-presente-ses-excuses-apres-une-soiree-compliquee","status":"publish","type":"post","link":"https:\/\/www.europesays.com\/fr\/348391\/","title":{"rendered":"Pierre Garnier : hu\u00e9 en plein concert, il pr\u00e9sente ses excuses apr\u00e8s une soir\u00e9e compliqu\u00e9e"},"content":{"rendered":"<p>      R\u00e9sum\u00e9<\/p>\n<p>Pierre Garnier a travers\u00e9 une soir\u00e9e difficile lors d\u2019un concert o\u00f9 il a \u00e9t\u00e9 hu\u00e9, avant de partager ses regrets et un regain d\u2019\u00e9nergie lors de sa prestation suivante.<\/p>\n<p>        Sommaire<\/p>\n<p>Il a d\u00e9cid\u00e9 de tout d\u00e9voiler, m\u00eame les moments les plus g\u00eanants. Depuis sa victoire \u00e0 la <strong>\u00ab\u00a0Star Academy\u00a0\u00bb<\/strong> en 2024, <a href=\"https:\/\/www.public.fr\/tag\/pierre-garnier\" target=\"_blank\" rel=\"noopener\">Pierre Garnier<\/a> partage tout avec son public. Que ce soit sur sc\u00e8ne lorsqu\u2019il interpr\u00e8te ses morceaux d\u00e9j\u00e0 devenus cultes, ou sur YouTube, par le biais de ses vlogs.\u00a0<\/p>\n<p>En effet, pour faire profiter ses fans n\u2019ayant pas pu d\u00e9crocher une place ou se rendre \u00e0 l\u2019un de ses concerts au cours de sa tourn\u00e9e estivale, l\u2019interpr\u00e8te de <strong>\u00ab\u00a0Ceux qu\u2019on \u00e9tait\u00a0\u00bb<\/strong> a fait le choix de tout filmer ou presque. Afin de d\u00e9voiler les coulisses de ses diff\u00e9rents shows.<\/p>\n<p>Un show manqu\u00e9 \u00e0 Solli\u00e8s-Pont<\/p>\n<p>Il y a quelques jours, Pierre Garnier publiait le troisi\u00e8me \u00e9pisode de son vlog. Dans celui-ci, l\u2019acolyte d\u2019<a href=\"https:\/\/www.public.fr\/tag\/helena-bailly\" target=\"_blank\" rel=\"noopener\">H\u00e9l\u00e9na Bailly<\/a> \u00e9voque son quotidien, mais aussi <a href=\"https:\/\/www.public.fr\/ca-ma-soule-jai-chante-comme-de-la-merde-pierre-garnier-se-flagelle-apres-une-performance-completement-ratee\" target=\"_blank\" rel=\"noopener\">son concert totalement rat\u00e9<\/a>, selon ses dires, \u00e0 Solli\u00e8s-Pont dans le Var.\u00a0<\/p>\n<p>Lors de son passage dans la ville situ\u00e9e dans le sud de la France, au Festival du Ch\u00e2teau de Solli\u00e8s-Pont, <a href=\"https:\/\/vsd.fr\/tag\/pierre-garnier\/\" target=\"_blank\" rel=\"noopener\">le chanteur de 23 ans<\/a> a vu le public le huer. \u00ab\u00a0C\u2019\u00e9tait bien en vrai, mais \u00e7a m&rsquo;a soul\u00e9 car j&rsquo;ai chant\u00e9 comme de la m*rde\u00a0\u00bb, a-t-il reconnu.<\/p>\n<p>Et pourtant, Pierre Garnier ne souffrait d\u2019aucun probl\u00e8me comme il l\u2019a assur\u00e9 : \u00ab\u00a0alors que je n&rsquo;avais rien de particulier. Pas de probl\u00e8mes&#8230; Je ne sais m\u00eame pas ce que j&rsquo;ai eu&#8230; J&rsquo;ai chant\u00e9 comme de la m*rde\u00a0\u00bb.<\/p>\n<p>Pierre Garnier hu\u00e9 apr\u00e8s son concert rat\u00e9<\/p>\n<p>Il y a peu, l\u2019artiste a souhait\u00e9 revenir sur ce triste \u00e9v\u00e9nement dans le quatri\u00e8me \u00e9pisode de ses vlogs. Dans celui-ci, il fait part de sa joie d\u2019avoir r\u00e9ussi son show lors de <strong>sa repr\u00e9sentation \u00e0 Carcassonne<\/strong>. De quoi faire oublier les hu\u00e9es survenues quelques heures plus t\u00f4t, ou presque.\u00a0<\/p>\n<p>\u00ab\u00a0Nous avons un Pierre heureux apr\u00e8s avoir pass\u00e9 une soir\u00e9e compliqu\u00e9e. Il a un peu chant\u00e9 avec difficult\u00e9 m\u00eame s&rsquo;il avait tout donn\u00e9, oui, je parle de moi \u00e0 la troisi\u00e8me personne\u2026\u00a0\u00bb, peut-on l\u2019entendre raconter dans la vid\u00e9o lorsqu\u2019il fait r\u00e9f\u00e9rence au comportement de certains membres du public de Solli\u00e8s-Pont.<\/p>\n<p>Apr\u00e8s avoir rat\u00e9 son show, Pierre Garnier a en effet pas pu r\u00e9pondre favorablement \u00e0 quelques fans souhaitant prendre une photo avec lui. \u00ab\u00a0\u00c9puis\u00e9\u00a0\u00bb, l\u2019interpr\u00e8te de <strong>\u00ab\u00a0Adieu nous deux\u00a0\u00bb<\/strong> a en effet d\u00e9clin\u00e9 la proposition. De fait, quelques fans l\u2019ont siffl\u00e9 : <strong>\u00ab\u00a0Je rentre dans le bus, je me fais huer, c&rsquo;est compliqu\u00e9\u2026\u00a0\u00bb<\/strong>, a-t-il confi\u00e9 attrist\u00e9, toujours dans le quatri\u00e8me \u00e9pisode de ses vlogs.\u00a0<\/p>\n<p>      Mentionn\u00e9s dans cet article<\/p>\n<p>      Sur le m\u00eame sujet<\/p>\n","protected":false},"excerpt":{"rendered":"R\u00e9sum\u00e9 Pierre Garnier a travers\u00e9 une soir\u00e9e difficile lors d\u2019un concert o\u00f9 il a \u00e9t\u00e9 hu\u00e9, avant de&hellip;\n","protected":false},"author":2,"featured_media":348392,"comment_status":"","ping_status":"","sticky":false,"template":"","format":"standard","meta":{"footnotes":""},"categories":[1355],"tags":[1697,58,59,1011,27,5098,1361,873,5096,5095,2784],"class_list":{"0":"post-348391","1":"post","2":"type-post","3":"status-publish","4":"format-standard","5":"has-post-thumbnail","7":"category-musique","8":"tag-concert","9":"tag-divertissement","10":"tag-entertainment","11":"tag-fr","12":"tag-france","13":"tag-helena-bailly","14":"tag-music","15":"tag-musique","16":"tag-pierre-garnier","17":"tag-star-academy","18":"tag-youtube"},"share_on_mastodon":{"url":"https:\/\/pubeurope.com\/@fr\/115102561603894934","error":""},"_links":{"self":[{"href":"https:\/\/www.europesays.com\/fr\/wp-json\/wp\/v2\/posts\/348391","targetHints":{"allow":["GET"]}}],"collection":[{"href":"https:\/\/www.europesays.com\/fr\/wp-json\/wp\/v2\/posts"}],"about":[{"href":"https:\/\/www.europesays.com\/fr\/wp-json\/wp\/v2\/types\/post"}],"author":[{"embeddable":true,"href":"https:\/\/www.europesays.com\/fr\/wp-json\/wp\/v2\/users\/2"}],"replies":[{"embeddable":true,"href":"https:\/\/www.europesays.com\/fr\/wp-json\/wp\/v2\/comments?post=348391"}],"version-history":[{"count":0,"href":"https:\/\/www.europesays.com\/fr\/wp-json\/wp\/v2\/posts\/348391\/revisions"}],"wp:featuredmedia":[{"embeddable":true,"href":"https:\/\/www.europesays.com\/fr\/wp-json\/wp\/v2\/media\/348392"}],"wp:attachment":[{"href":"https:\/\/www.europesays.com\/fr\/wp-json\/wp\/v2\/media?parent=348391"}],"wp:term":[{"taxonomy":"category","embeddable":true,"href":"https:\/\/www.europesays.com\/fr\/wp-json\/wp\/v2\/categories?post=348391"},{"taxonomy":"post_tag","embeddable":true,"href":"https:\/\/www.europesays.com\/fr\/wp-json\/wp\/v2\/tags?post=348391"}],"curies":[{"name":"wp","href":"https:\/\/api.w.org\/{rel}","templated":true}]}}