{"id":348410,"date":"2025-08-27T20:23:27","date_gmt":"2025-08-27T20:23:27","guid":{"rendered":"https:\/\/www.europesays.com\/fr\/348410\/"},"modified":"2025-08-27T20:23:27","modified_gmt":"2025-08-27T20:23:27","slug":"une-premiere-pierre-dun-projet-a-6-millions-deuros","status":"publish","type":"post","link":"https:\/\/www.europesays.com\/fr\/348410\/","title":{"rendered":"une premi\u00e8re pierre d\u2019un projet \u00e0 6 millions d\u2019euros"},"content":{"rendered":"<p><img decoding=\"async\" class=\"\" style=\"width:100%\" src=\"https:\/\/www.europesays.com\/fr\/wp-content\/uploads\/2025\/08\/uhvurbu1750946696457.png\" alt=\"Conf\u00e9rence \u00e0 l'\u00e9cole \u00e9l\u00e9mentaire Jacquard\"\/><\/p>\n<p>Conf\u00e9rence \u00e0 l&rsquo;\u00e9cole \u00e9l\u00e9mentaire Jacquard<\/p>\n<p>Cr\u00e9dit : Activ Radio<\/p>\n<p>\u00ab\u00a0Toutes les constructions que m\u00e8ne la ville de Saint-Etienne accordent une importance particuli\u00e8re \u00e0 ces questions environnementales. \u00c0 la fois pour pr\u00e9server au maximum les mati\u00e8res premi\u00e8res et donc on aura l\u00e0 un b\u00e2timent qui fait \u00e0 la fois de b\u00e9ton, mais aussi de bois ave une ossature bois tr\u00e8s importante. On attache beaucoup d\u2019attention \u00e9galement \u00e0 la fili\u00e8re. Il faut que ce soit un bois proche de nos for\u00eats. Et \u00e9galement en mati\u00e8re de chauffage, le b\u00e2timent sera \u00e9quip\u00e9 d\u2019une pompe \u00e0 chaleur, l\u00e0 aussi pour pr\u00e9server au maximum les ressources naturelles.\u00a0\u00bb Tels sont les mots de Ga\u00ebl Perdriau, maire de Saint-Etienne sur le sujet de l\u2019impact \u00e9cologique du nouveau chantier.<\/p>\n<p>Ce b\u00e2timent de 6 millions d\u2019euros, fera en tout 1200 m2, il sera sur 3 \u00e9tages et comportera un ascenseur, une salle polyvalente, 6 salles de classe et une cantine suppl\u00e9mentaire.<\/p>\n<p>Cette construction fait partie du \u00ab\u00a0plan \u00e9cole\u00a0\u00bb d\u00e9ploy\u00e9 il y a d\u00e9sormais 5 ans par la mairie st\u00e9phanoise. 40 millions ont \u00e9t\u00e9 utilis\u00e9s depuis, que ce soit dans la construction de nouveaux \u00e9tablissements scolaires, ou la modernisation de ces derniers. Comme \u00e7a a pu \u00eatre le cas \u00e0 l\u2019\u00e9cole de Vivaraize ou \u00e0 celle des Thiollier.<\/p>\n<p>La premi\u00e8re pierre \u00e0 l\u2019\u00e9cole \u00e9l\u00e9mentaire Jacquard a donc \u00e9t\u00e9 pos\u00e9e le jeudi 26 juin. La livraison est esp\u00e9r\u00e9e pour la rentr\u00e9e 2026.\u00a0<\/p>\n","protected":false},"excerpt":{"rendered":"Conf\u00e9rence \u00e0 l&rsquo;\u00e9cole \u00e9l\u00e9mentaire Jacquard Cr\u00e9dit : Activ Radio \u00ab\u00a0Toutes les constructions que m\u00e8ne la ville de Saint-Etienne&hellip;\n","protected":false},"author":2,"featured_media":348411,"comment_status":"","ping_status":"","sticky":false,"template":"","format":"standard","meta":{"footnotes":""},"categories":[9653],"tags":[1111,11,2430,4107,1122,1777,674,1011,27,12242,35074,5415,12,25,4001],"class_list":{"0":"post-348410","1":"post","2":"type-post","3":"status-publish","4":"format-standard","5":"has-post-thumbnail","7":"category-saint-etienne","8":"tag-actu","9":"tag-actualites","10":"tag-auvergne-rhone-alpes","11":"tag-chantier","12":"tag-ecole","13":"tag-eu","14":"tag-europe","15":"tag-fr","16":"tag-france","17":"tag-gael-perdriau","18":"tag-jacquard","19":"tag-mairie","20":"tag-news","21":"tag-republique-francaise","22":"tag-saint-etienne"},"share_on_mastodon":{"url":"https:\/\/pubeurope.com\/@fr\/115102600833467891","error":""},"_links":{"self":[{"href":"https:\/\/www.europesays.com\/fr\/wp-json\/wp\/v2\/posts\/348410","targetHints":{"allow":["GET"]}}],"collection":[{"href":"https:\/\/www.europesays.com\/fr\/wp-json\/wp\/v2\/posts"}],"about":[{"href":"https:\/\/www.europesays.com\/fr\/wp-json\/wp\/v2\/types\/post"}],"author":[{"embeddable":true,"href":"https:\/\/www.europesays.com\/fr\/wp-json\/wp\/v2\/users\/2"}],"replies":[{"embeddable":true,"href":"https:\/\/www.europesays.com\/fr\/wp-json\/wp\/v2\/comments?post=348410"}],"version-history":[{"count":0,"href":"https:\/\/www.europesays.com\/fr\/wp-json\/wp\/v2\/posts\/348410\/revisions"}],"wp:featuredmedia":[{"embeddable":true,"href":"https:\/\/www.europesays.com\/fr\/wp-json\/wp\/v2\/media\/348411"}],"wp:attachment":[{"href":"https:\/\/www.europesays.com\/fr\/wp-json\/wp\/v2\/media?parent=348410"}],"wp:term":[{"taxonomy":"category","embeddable":true,"href":"https:\/\/www.europesays.com\/fr\/wp-json\/wp\/v2\/categories?post=348410"},{"taxonomy":"post_tag","embeddable":true,"href":"https:\/\/www.europesays.com\/fr\/wp-json\/wp\/v2\/tags?post=348410"}],"curies":[{"name":"wp","href":"https:\/\/api.w.org\/{rel}","templated":true}]}}