{"id":348414,"date":"2025-08-27T20:25:33","date_gmt":"2025-08-27T20:25:33","guid":{"rendered":"https:\/\/www.europesays.com\/fr\/348414\/"},"modified":"2025-08-27T20:25:33","modified_gmt":"2025-08-27T20:25:33","slug":"nancy-foire-expo-2025-jean-baptiste-guegan","status":"publish","type":"post","link":"https:\/\/www.europesays.com\/fr\/348414\/","title":{"rendered":"NANCY > FOIRE EXPO 2025 > JEAN BAPTISTE GUEGAN"},"content":{"rendered":"<p><strong>Jean-Baptiste Gu\u00e9gan enflamme la Foire de Nancy pour sa premi\u00e8re date de tourn\u00e9e d\u2019\u00e9t\u00e9<\/strong><\/p>\n<p><img loading=\"lazy\" decoding=\"async\" width=\"1024\" height=\"683\" src=\"https:\/\/www.europesays.com\/fr\/wp-content\/uploads\/2025\/08\/012.jpg\" alt=\"\" class=\"wp-image-1510609\"\/><\/p>\n<p class=\"has-medium-font-size\">La <strong>Foire de Nancy<\/strong> a vibr\u00e9 au rythme du rock gr\u00e2ce \u00e0 un concert exceptionnel de <strong>Jean-Baptiste Gu\u00e9gan<\/strong>. Pour sa premi\u00e8re date de sa tourn\u00e9e estivale, l\u2019artiste a offert une performance magistrale, m\u00ealant \u00e9motion, puissance vocale et une connexion authentique avec son public.<\/p>\n<p><strong>Un hommage \u00e0 Johnny Hallyday et des moments inoubliables<\/strong><\/p>\n<p><img loading=\"lazy\" decoding=\"async\" width=\"1024\" height=\"684\" src=\"https:\/\/www.europesays.com\/fr\/wp-content\/uploads\/2025\/08\/03.jpg\" alt=\"\" class=\"wp-image-1510603\"\/><\/p>\n<p class=\"has-medium-font-size\">D\u00e8s les premi\u00e8res notes, Jean-Baptiste Gu\u00e9gan a su capter l\u2019attention du public, avec des classiques de Johnny Hallyday comme \u201cDiego, libre dans sa t\u00eate\u201d, \u201cGabrielle\u201d, \u201cOh ma jolie Sarah\u201d, et bien s\u00fbr \u201cL\u2019envie\u201d. Les fans de la premi\u00e8re heure \u00e9taient en \u00e9moi, et les applaudissements ne se sont pas fait attendre. Avec sa voix puissante et \u00e9motive, Jean-Baptiste a incarn\u00e9 l\u2019esprit de Johnny tout en y ajoutant sa propre touche d\u2019authenticit\u00e9. Chaque chanson a r\u00e9sonn\u00e9 comme un hommage vibrant, mais aussi comme un partage intime entre l\u2019artiste et son public.<\/p>\n<p><strong>Des morceaux de son r\u00e9pertoire personnel<\/strong><\/p>\n<p>Jean-Baptiste Gu\u00e9gan a \u00e9galement interpr\u00e9t\u00e9 plusieurs de ses propres chansons, dont \u201cPays d\u2019Armor\u201d , \u00ab\u00a0Rester le m\u00eame\u00a0\u00bb,et \u201cRetourner l\u00e0-bas\u201d. Ces morceaux, qui t\u00e9moignent de sa propre histoire et de son attachement aux racines bretonnes, ont fait \u00e9cho chez un public ravi de d\u00e9couvrir l\u2019univers plus personnel de l\u2019artiste.<\/p>\n<p><img loading=\"lazy\" decoding=\"async\" width=\"684\" height=\"1024\" src=\"https:\/\/www.europesays.com\/fr\/wp-content\/uploads\/2025\/08\/025-684x1024.jpg\" alt=\"\" class=\"wp-image-1510623\"\/><\/p>\n<p class=\"has-medium-font-size\">Ce qui a particuli\u00e8rement marqu\u00e9 la soir\u00e9e, c\u2019est la <strong>premi\u00e8re pr\u00e9sentation en live<\/strong> de nouvelles chansons extraites de son 4\u00e8me album, \u201cDe l\u2019ombre \u00e0 la lumi\u00e8re\u201d. Les titres \u201cLettre \u00e0 ma voix\u201d, \u00ab\u00a0 Une chanson\u00a0\u00bb, \u201cMa d\u00e9livrance\u201d, et \u201cLes nuits o\u00f9 tu t\u2019en vas\u201d ont \u00e9t\u00e9 un v\u00e9ritable cadeau pour les fans, qui ont d\u00e9couvert avec \u00e9motion la profondeur de son \u00e9volution musicale. Les nouveaux morceaux ont fait la d\u00e9monstration d\u2019un Jean-Baptiste Gu\u00e9gan plus affirm\u00e9, plus mature, et toujours aussi \u00e9mouvant.<\/p>\n<p><strong>Une sc\u00e9nographie \u00e9poustouflante et un show de haute vol\u00e9e<\/strong><\/p>\n<p class=\"has-medium-font-size\">Le concert a \u00e9t\u00e9 sublim\u00e9 par les jeux de lumi\u00e8re de <strong>Jocelyn Morel<\/strong>, qui a magistralement accompagn\u00e9 chaque instant du show. Les \u00e9clairages ont cr\u00e9\u00e9 une atmosph\u00e8re \u00e0 la fois intime et explosive, parfaitement en phase avec l\u2019\u00e9nergie d\u00e9gag\u00e9e par l\u2019artiste. Les choristes <strong>Audrey Letac<\/strong> et <strong>Isabel Staron<\/strong> ont ajout\u00e9 une dimension suppl\u00e9mentaire au spectacle, avec des harmonies qui se sont parfaitement m\u00e9lang\u00e9es \u00e0 la voix unique de Jean-Baptiste.<\/p>\n<p><img loading=\"lazy\" decoding=\"async\" width=\"684\" height=\"1024\" src=\"https:\/\/www.europesays.com\/fr\/wp-content\/uploads\/2025\/08\/06-684x1024.jpg\" alt=\"\" class=\"wp-image-1510606\"\/><\/p>\n<p class=\"has-medium-font-size\">Le groupe de musiciens, compos\u00e9 de <strong>Philippe Russo<\/strong> (directeur artistique), <strong>Olivier Baldissera<\/strong> (direction musicale et batterie), <strong>Brice Delage<\/strong> (1 \u00e8re guitare) , Marc Perrier (basse) et <strong>Christophe Dupeu<\/strong> (harmonica), a assur\u00e9 un son irr\u00e9prochable.<\/p>\n<p class=\"has-large-font-size\"><strong>Un artiste proche de son public<\/strong><\/p>\n<p class=\"has-medium-font-size\">L\u2019une des marques de fabrique de Jean-Baptiste Gu\u00e9gan reste sa proximit\u00e9 avec ses fans, et ce concert \u00e0 la Foire de Nancy ne l\u2019a pas d\u00e9menti. D\u00e8s les premi\u00e8res minutes, il a su cr\u00e9er une v\u00e9ritable complicit\u00e9 avec la foule, qui l\u2019a soutenu chaleureusement. Apr\u00e8s un show \u00e9blouissant, l\u2019artiste a pris le temps de remercier ses fans pour leur fid\u00e9lit\u00e9 et leur enthousiasme.<\/p>\n<p><img loading=\"lazy\" decoding=\"async\" width=\"1024\" height=\"684\" src=\"https:\/\/www.europesays.com\/fr\/wp-content\/uploads\/2025\/08\/018.jpg\" alt=\"\" class=\"wp-image-1510619\"\/><\/p>\n<p class=\"has-medium-font-size\">\u00c0 la fin du concert, comme \u00e0 son habitude, Jean-Baptiste a partag\u00e9 un moment privil\u00e9gi\u00e9 avec ses admirateurs. Des d\u00e9dicaces, des photos et des \u00e9changes amicaux ont cl\u00f4tur\u00e9 la soir\u00e9e dans une ambiance conviviale et \u00e9motive. Les fans, qui \u00e9taient pr\u00e9sents d\u00e8s <strong>12h<\/strong> pour esp\u00e9rer un aper\u00e7u de l\u2019artiste, n\u2019ont pas \u00e9t\u00e9 d\u00e9\u00e7us. Jean-Baptiste leur a rendu l\u2019affection qu\u2019ils lui ont toujours donn\u00e9e.<\/p>\n<p><strong>Un show marquant pour d\u00e9buter la tourn\u00e9e estivale<\/strong><\/p>\n<p class=\"has-medium-font-size\">Ce concert a \u00e9t\u00e9 un v\u00e9ritable triomphe pour Jean-Baptiste Gu\u00e9gan, qui a brillamment r\u00e9ussi sa premi\u00e8re de tourn\u00e9e d\u2019\u00e9t\u00e9. Avec des chansons qui rendent hommage \u00e0 Johnny Hallyday tout en affirmant son propre univers, il a prouv\u00e9 une fois de plus qu\u2019il est un artiste \u00e0 part enti\u00e8re, capable de toucher et d\u2019\u00e9mouvoir.<\/p>\n<p><img loading=\"lazy\" decoding=\"async\" width=\"1024\" height=\"684\" src=\"https:\/\/www.europesays.com\/fr\/wp-content\/uploads\/2025\/08\/010.jpg\" alt=\"\" class=\"wp-image-1510602\"\/><\/p>\n<p class=\"has-medium-font-size\">Les fans pr\u00e9sents \u00e0 la Foire de Nancy repartiront sans aucun doute avec des souvenirs inoubliables et l\u2019envie de revoir Jean-Baptiste sur sc\u00e8ne d\u00e8s que possible. Une chose est certaine : sa tourn\u00e9e estivale promet encore de magnifiques moments de partage et d\u2019\u00e9motion.<\/p>\n<p class=\"has-medium-font-size\">Journaliste : St\u00e9phanie AUBRICE<\/p>\n<p class=\"has-medium-font-size\">Photographe : <a href=\"https:\/\/www.facebook.com\/Steffy57\" target=\"_blank\" rel=\"noopener\">St\u00e9ph\u2019Anie Fotografy<\/a><\/p>\n<p>PHOTOS NANCY &gt; FOIRE EXPO 2025 &gt; JEAN BAPTISTE GUEGAN<\/p>\n<p><a href=\"https:\/\/www.europesays.com\/fr\/wp-content\/uploads\/2025\/08\/1756326318_412_01.jpg\"><img loading=\"lazy\" decoding=\"async\" width=\"1024\" height=\"681\" data-id=\"1510598\" src=\"https:\/\/www.europesays.com\/fr\/wp-content\/uploads\/2025\/08\/1756326318_412_01.jpg\" alt=\"\" class=\"wp-image-1510598\"\/><\/a>C.Prod\u2019homme 2017<\/p>\n<p><a href=\"https:\/\/www.europesays.com\/fr\/wp-content\/uploads\/2025\/08\/02.jpg\"><img loading=\"lazy\" decoding=\"async\" width=\"1024\" height=\"684\" data-id=\"1510607\" src=\"https:\/\/www.europesays.com\/fr\/wp-content\/uploads\/2025\/08\/02.jpg\" alt=\"\" class=\"wp-image-1510607\"\/><\/a><\/p>\n<p><a href=\"https:\/\/www.europesays.com\/fr\/wp-content\/uploads\/2025\/08\/03.jpg\"><img loading=\"lazy\" decoding=\"async\" width=\"1024\" height=\"684\" data-id=\"1510603\" src=\"https:\/\/www.europesays.com\/fr\/wp-content\/uploads\/2025\/08\/03.jpg\" alt=\"\" class=\"wp-image-1510603\"\/><\/a><\/p>\n<p><a href=\"https:\/\/www.info-lux.com\/wp-content\/uploads\/2025\/08\/04.jpg\" target=\"_blank\" rel=\"noopener\"><img loading=\"lazy\" decoding=\"async\" width=\"684\" height=\"1024\" data-id=\"1510605\" src=\"https:\/\/www.europesays.com\/fr\/wp-content\/uploads\/2025\/08\/04-684x1024.jpg\" alt=\"\" class=\"wp-image-1510605\"\/><\/a><\/p>\n<p><a href=\"https:\/\/www.info-lux.com\/wp-content\/uploads\/2025\/08\/05-1.jpg\" target=\"_blank\" rel=\"noopener\"><img loading=\"lazy\" decoding=\"async\" width=\"684\" height=\"1024\" data-id=\"1510604\" src=\"https:\/\/www.europesays.com\/fr\/wp-content\/uploads\/2025\/08\/05-1-684x1024.jpg\" alt=\"\" class=\"wp-image-1510604\"\/><\/a><\/p>\n<p><a href=\"https:\/\/www.info-lux.com\/wp-content\/uploads\/2025\/08\/06.jpg\" target=\"_blank\" rel=\"noopener\"><img loading=\"lazy\" decoding=\"async\" width=\"684\" height=\"1024\" data-id=\"1510606\" src=\"https:\/\/www.europesays.com\/fr\/wp-content\/uploads\/2025\/08\/06-684x1024.jpg\" alt=\"\" class=\"wp-image-1510606\"\/><\/a><\/p>\n<p><a href=\"https:\/\/www.europesays.com\/fr\/wp-content\/uploads\/2025\/08\/1756326321_461_07.jpg\"><img loading=\"lazy\" decoding=\"async\" width=\"1024\" height=\"684\" data-id=\"1510618\" src=\"https:\/\/www.europesays.com\/fr\/wp-content\/uploads\/2025\/08\/1756326321_461_07.jpg\" alt=\"\" class=\"wp-image-1510618\"\/><\/a><\/p>\n<p><a href=\"https:\/\/www.europesays.com\/fr\/wp-content\/uploads\/2025\/08\/08.jpg\"><img loading=\"lazy\" decoding=\"async\" width=\"1024\" height=\"684\" data-id=\"1510601\" src=\"https:\/\/www.europesays.com\/fr\/wp-content\/uploads\/2025\/08\/08.jpg\" alt=\"\" class=\"wp-image-1510601\"\/><\/a><\/p>\n<p><a href=\"https:\/\/www.europesays.com\/fr\/wp-content\/uploads\/2025\/08\/09.jpg\"><img loading=\"lazy\" decoding=\"async\" width=\"1024\" height=\"684\" data-id=\"1510599\" src=\"https:\/\/www.europesays.com\/fr\/wp-content\/uploads\/2025\/08\/09.jpg\" alt=\"\" class=\"wp-image-1510599\"\/><\/a><\/p>\n<p><a href=\"https:\/\/www.europesays.com\/fr\/wp-content\/uploads\/2025\/08\/010.jpg\"><img loading=\"lazy\" decoding=\"async\" width=\"1024\" height=\"684\" data-id=\"1510602\" src=\"https:\/\/www.europesays.com\/fr\/wp-content\/uploads\/2025\/08\/010.jpg\" alt=\"\" class=\"wp-image-1510602\"\/><\/a><\/p>\n<p><a href=\"https:\/\/www.europesays.com\/fr\/wp-content\/uploads\/2025\/08\/011.jpg\"><img loading=\"lazy\" decoding=\"async\" width=\"1024\" height=\"684\" data-id=\"1510600\" src=\"https:\/\/www.europesays.com\/fr\/wp-content\/uploads\/2025\/08\/011.jpg\" alt=\"\" class=\"wp-image-1510600\"\/><\/a><\/p>\n<p><a href=\"https:\/\/www.europesays.com\/fr\/wp-content\/uploads\/2025\/08\/012.jpg\"><img loading=\"lazy\" decoding=\"async\" width=\"1024\" height=\"683\" data-id=\"1510609\" src=\"https:\/\/www.europesays.com\/fr\/wp-content\/uploads\/2025\/08\/012.jpg\" alt=\"\" class=\"wp-image-1510609\"\/><\/a><\/p>\n<p><a href=\"https:\/\/www.europesays.com\/fr\/wp-content\/uploads\/2025\/08\/013.jpg\"><img loading=\"lazy\" decoding=\"async\" width=\"1024\" height=\"683\" data-id=\"1510608\" src=\"https:\/\/www.europesays.com\/fr\/wp-content\/uploads\/2025\/08\/013.jpg\" alt=\"\" class=\"wp-image-1510608\"\/><\/a><\/p>\n<p><a href=\"https:\/\/www.europesays.com\/fr\/wp-content\/uploads\/2025\/08\/014.jpg\"><img loading=\"lazy\" decoding=\"async\" width=\"1024\" height=\"683\" data-id=\"1510610\" src=\"https:\/\/www.europesays.com\/fr\/wp-content\/uploads\/2025\/08\/014.jpg\" alt=\"\" class=\"wp-image-1510610\"\/><\/a><\/p>\n<p><a href=\"https:\/\/www.europesays.com\/fr\/wp-content\/uploads\/2025\/08\/015.jpg\"><img loading=\"lazy\" decoding=\"async\" width=\"1024\" height=\"683\" data-id=\"1510621\" src=\"https:\/\/www.europesays.com\/fr\/wp-content\/uploads\/2025\/08\/015.jpg\" alt=\"\" class=\"wp-image-1510621\"\/><\/a><\/p>\n<p><a href=\"https:\/\/www.europesays.com\/fr\/wp-content\/uploads\/2025\/08\/016.jpg\"><img loading=\"lazy\" decoding=\"async\" width=\"1024\" height=\"684\" data-id=\"1510612\" src=\"https:\/\/www.europesays.com\/fr\/wp-content\/uploads\/2025\/08\/016.jpg\" alt=\"\" class=\"wp-image-1510612\"\/><\/a><\/p>\n<p><a href=\"https:\/\/www.europesays.com\/fr\/wp-content\/uploads\/2025\/08\/017.jpg\"><img loading=\"lazy\" decoding=\"async\" width=\"1024\" height=\"684\" data-id=\"1510614\" src=\"https:\/\/www.europesays.com\/fr\/wp-content\/uploads\/2025\/08\/017.jpg\" alt=\"\" class=\"wp-image-1510614\"\/><\/a><\/p>\n<p><a href=\"https:\/\/www.europesays.com\/fr\/wp-content\/uploads\/2025\/08\/018.jpg\"><img loading=\"lazy\" decoding=\"async\" width=\"1024\" height=\"684\" data-id=\"1510619\" src=\"https:\/\/www.europesays.com\/fr\/wp-content\/uploads\/2025\/08\/018.jpg\" alt=\"\" class=\"wp-image-1510619\"\/><\/a><\/p>\n<p><a href=\"https:\/\/www.europesays.com\/fr\/wp-content\/uploads\/2025\/08\/019.jpg\"><img loading=\"lazy\" decoding=\"async\" width=\"1024\" height=\"684\" data-id=\"1510615\" src=\"https:\/\/www.europesays.com\/fr\/wp-content\/uploads\/2025\/08\/019.jpg\" alt=\"\" class=\"wp-image-1510615\"\/><\/a><\/p>\n<p><a href=\"https:\/\/www.europesays.com\/fr\/wp-content\/uploads\/2025\/08\/020.jpg\"><img loading=\"lazy\" decoding=\"async\" width=\"1024\" height=\"684\" data-id=\"1510611\" src=\"https:\/\/www.europesays.com\/fr\/wp-content\/uploads\/2025\/08\/020.jpg\" alt=\"\" class=\"wp-image-1510611\"\/><\/a><\/p>\n<p><a href=\"https:\/\/www.europesays.com\/fr\/wp-content\/uploads\/2025\/08\/021.jpg\"><img loading=\"lazy\" decoding=\"async\" width=\"1024\" height=\"684\" data-id=\"1510613\" src=\"https:\/\/www.europesays.com\/fr\/wp-content\/uploads\/2025\/08\/021.jpg\" alt=\"\" class=\"wp-image-1510613\"\/><\/a><\/p>\n<p><a href=\"https:\/\/www.europesays.com\/fr\/wp-content\/uploads\/2025\/08\/022.jpg\"><img loading=\"lazy\" decoding=\"async\" width=\"1024\" height=\"684\" data-id=\"1510617\" src=\"https:\/\/www.europesays.com\/fr\/wp-content\/uploads\/2025\/08\/022.jpg\" alt=\"\" class=\"wp-image-1510617\"\/><\/a><\/p>\n<p><a href=\"https:\/\/www.europesays.com\/fr\/wp-content\/uploads\/2025\/08\/023.jpg\"><img loading=\"lazy\" decoding=\"async\" width=\"1024\" height=\"684\" data-id=\"1510620\" src=\"https:\/\/www.europesays.com\/fr\/wp-content\/uploads\/2025\/08\/023.jpg\" alt=\"\" class=\"wp-image-1510620\"\/><\/a><\/p>\n<p><a href=\"https:\/\/www.info-lux.com\/wp-content\/uploads\/2025\/08\/024.jpg\" target=\"_blank\" rel=\"noopener\"><img loading=\"lazy\" decoding=\"async\" width=\"1024\" height=\"1534\" data-id=\"1510622\" src=\"https:\/\/www.europesays.com\/fr\/wp-content\/uploads\/2025\/08\/024-684x1024.jpg\" alt=\"\" class=\"wp-image-1510622\"\/><\/a><\/p>\n<p><a href=\"https:\/\/www.info-lux.com\/wp-content\/uploads\/2025\/08\/025.jpg\" target=\"_blank\" rel=\"noopener\"><img loading=\"lazy\" decoding=\"async\" width=\"684\" height=\"1024\" data-id=\"1510623\" src=\"https:\/\/www.europesays.com\/fr\/wp-content\/uploads\/2025\/08\/025-684x1024.jpg\" alt=\"\" class=\"wp-image-1510623\"\/><\/a><\/p>\n<p><a href=\"https:\/\/www.europesays.com\/fr\/wp-content\/uploads\/2025\/08\/026.jpg\"><img loading=\"lazy\" decoding=\"async\" width=\"1024\" height=\"684\" data-id=\"1510624\" src=\"https:\/\/www.europesays.com\/fr\/wp-content\/uploads\/2025\/08\/026.jpg\" alt=\"\" class=\"wp-image-1510624\"\/><\/a><\/p>\n<p><a href=\"https:\/\/www.europesays.com\/fr\/wp-content\/uploads\/2025\/08\/027.jpg\"><img loading=\"lazy\" decoding=\"async\" width=\"1024\" height=\"684\" data-id=\"1510616\" src=\"https:\/\/www.europesays.com\/fr\/wp-content\/uploads\/2025\/08\/027.jpg\" alt=\"\" class=\"wp-image-1510616\"\/><\/a><\/p>\n","protected":false},"excerpt":{"rendered":"Jean-Baptiste Gu\u00e9gan enflamme la Foire de Nancy pour sa premi\u00e8re date de tourn\u00e9e d\u2019\u00e9t\u00e9 La Foire de Nancy&hellip;\n","protected":false},"author":2,"featured_media":348415,"comment_status":"","ping_status":"","sticky":false,"template":"","format":"standard","meta":{"footnotes":""},"categories":[9635],"tags":[1111,11,2593,1777,674,5729,4434,1011,27,775,937,1702,12,20528,2189,25,953,3140],"class_list":{"0":"post-348414","1":"post","2":"type-post","3":"status-publish","4":"format-standard","5":"has-post-thumbnail","7":"category-nancy","8":"tag-actu","9":"tag-actualites","10":"tag-artiste","11":"tag-eu","12":"tag-europe","13":"tag-fin","14":"tag-foire","15":"tag-fr","16":"tag-france","17":"tag-grand-est","18":"tag-histoire","19":"tag-nancy","20":"tag-news","21":"tag-photographe","22":"tag-photos","23":"tag-republique-francaise","24":"tag-soiree","25":"tag-spectacle"},"share_on_mastodon":{"url":"https:\/\/pubeurope.com\/@fr\/115102609536325553","error":""},"_links":{"self":[{"href":"https:\/\/www.europesays.com\/fr\/wp-json\/wp\/v2\/posts\/348414","targetHints":{"allow":["GET"]}}],"collection":[{"href":"https:\/\/www.europesays.com\/fr\/wp-json\/wp\/v2\/posts"}],"about":[{"href":"https:\/\/www.europesays.com\/fr\/wp-json\/wp\/v2\/types\/post"}],"author":[{"embeddable":true,"href":"https:\/\/www.europesays.com\/fr\/wp-json\/wp\/v2\/users\/2"}],"replies":[{"embeddable":true,"href":"https:\/\/www.europesays.com\/fr\/wp-json\/wp\/v2\/comments?post=348414"}],"version-history":[{"count":0,"href":"https:\/\/www.europesays.com\/fr\/wp-json\/wp\/v2\/posts\/348414\/revisions"}],"wp:featuredmedia":[{"embeddable":true,"href":"https:\/\/www.europesays.com\/fr\/wp-json\/wp\/v2\/media\/348415"}],"wp:attachment":[{"href":"https:\/\/www.europesays.com\/fr\/wp-json\/wp\/v2\/media?parent=348414"}],"wp:term":[{"taxonomy":"category","embeddable":true,"href":"https:\/\/www.europesays.com\/fr\/wp-json\/wp\/v2\/categories?post=348414"},{"taxonomy":"post_tag","embeddable":true,"href":"https:\/\/www.europesays.com\/fr\/wp-json\/wp\/v2\/tags?post=348414"}],"curies":[{"name":"wp","href":"https:\/\/api.w.org\/{rel}","templated":true}]}}