{"id":348421,"date":"2025-08-27T20:29:11","date_gmt":"2025-08-27T20:29:11","guid":{"rendered":"https:\/\/www.europesays.com\/fr\/348421\/"},"modified":"2025-08-27T20:29:11","modified_gmt":"2025-08-27T20:29:11","slug":"passage-orageux-intense-attendu-ce-soir-sur-lherault-a-montpellier-stationnement-interdit-sur-le-quai-du-piree-a-partir-de-22-h","status":"publish","type":"post","link":"https:\/\/www.europesays.com\/fr\/348421\/","title":{"rendered":"\u00ab\u00a0Passage orageux intense\u00a0\u00bb attendu ce soir sur l\u2019H\u00e9rault\u00a0: \u00e0 Montpellier, stationnement interdit sur le quai du Pir\u00e9e \u00e0 partir de 22\u00a0h"},"content":{"rendered":"<p>\n                                                                Le \u00ab\u00a0passage orageux intense\u00a0\u00bb attendu sur l\u2019ensemble du territoire et notamment sur l\u2019H\u00e9rault, ce mercredi 27\u00a0ao\u00fbt, conduit la Ville et la M\u00e9tropole de Montpellier \u00e0 prendre des mesures de s\u00e9curit\u00e9.\n                            <\/p>\n<p>\u00ab\u00a0Un passage orageux intense\u00a0\u00bb avec \u00ab\u00a0une intensit\u00e9 pouvant atteindre 50\u00a0mm de pluie sur les secteurs les plus impact\u00e9s\u00a0\u00bb\u00a0: l\u2019alerte lanc\u00e9e par M\u00e9t\u00e9o France pour ce mercredi 27\u00a0ao\u00fbt \u00e0 partir de 22\u00a0h, conduit la Ville et la M\u00e9tropole \u00e0 prendre des mesures de s\u00e9curit\u00e9.<\/p>\n<p>Des routes pourraient \u00eatre ferm\u00e9es<\/p>\n<p>Le stationnement sera ainsi interdit quai du Pir\u00e9e, face \u00e0 l\u2019H\u00f4tel de R\u00e9gion, d\u00e8s ce soir, et \u00ab\u00a0certaines routes pourront \u00eatre ferm\u00e9es \u00e0 la circulation\u00a0\u00bb, annonce la Ville dans un communiqu\u00e9.<\/p>\n<p>Le d\u00e9partement de l\u2019H\u00e9rault sera plac\u00e9 en vigilance orange \u00ab\u00a0orages\u00a0\u00bb, ce mercredi \u00e0 partir de 22\u00a0h et dans la nuit jusqu\u2019\u00e0 4\u00a0h. Il sera en outre en vigilance jaune \u00ab\u00a0pluie-inondation\u00a0\u00bb.<\/p>\n<p>Possibilit\u00e9 de gr\u00eale<\/p>\n<p>\u00ab\u00a0L\u2019ensemble du d\u00e9partement h\u00e9raultais est concern\u00e9, m\u00eame si les ph\u00e9nom\u00e8nes les plus significatifs semblent se concentrer sur les reliefs. La\u00a0pr\u00e9sence de gr\u00eale sur cet \u00e9pisode orageux n\u2019est pas \u00e0 exclure\u00a0\u00bb, ajoute la Ville de Montpellier.<\/p>\n","protected":false},"excerpt":{"rendered":"Le \u00ab\u00a0passage orageux intense\u00a0\u00bb attendu sur l\u2019ensemble du territoire et notamment sur l\u2019H\u00e9rault, ce mercredi 27\u00a0ao\u00fbt, conduit la&hellip;\n","protected":false},"author":2,"featured_media":348422,"comment_status":"","ping_status":"","sticky":false,"template":"","format":"standard","meta":{"footnotes":""},"categories":[9599],"tags":[1111,11,1777,674,1011,27,2208,12,2680,25],"class_list":{"0":"post-348421","1":"post","2":"type-post","3":"status-publish","4":"format-standard","5":"has-post-thumbnail","7":"category-montpellier","8":"tag-actu","9":"tag-actualites","10":"tag-eu","11":"tag-europe","12":"tag-fr","13":"tag-france","14":"tag-montpellier","15":"tag-news","16":"tag-occitanie","17":"tag-republique-francaise"},"share_on_mastodon":{"url":"https:\/\/pubeurope.com\/@fr\/115102624405804738","error":""},"_links":{"self":[{"href":"https:\/\/www.europesays.com\/fr\/wp-json\/wp\/v2\/posts\/348421","targetHints":{"allow":["GET"]}}],"collection":[{"href":"https:\/\/www.europesays.com\/fr\/wp-json\/wp\/v2\/posts"}],"about":[{"href":"https:\/\/www.europesays.com\/fr\/wp-json\/wp\/v2\/types\/post"}],"author":[{"embeddable":true,"href":"https:\/\/www.europesays.com\/fr\/wp-json\/wp\/v2\/users\/2"}],"replies":[{"embeddable":true,"href":"https:\/\/www.europesays.com\/fr\/wp-json\/wp\/v2\/comments?post=348421"}],"version-history":[{"count":0,"href":"https:\/\/www.europesays.com\/fr\/wp-json\/wp\/v2\/posts\/348421\/revisions"}],"wp:featuredmedia":[{"embeddable":true,"href":"https:\/\/www.europesays.com\/fr\/wp-json\/wp\/v2\/media\/348422"}],"wp:attachment":[{"href":"https:\/\/www.europesays.com\/fr\/wp-json\/wp\/v2\/media?parent=348421"}],"wp:term":[{"taxonomy":"category","embeddable":true,"href":"https:\/\/www.europesays.com\/fr\/wp-json\/wp\/v2\/categories?post=348421"},{"taxonomy":"post_tag","embeddable":true,"href":"https:\/\/www.europesays.com\/fr\/wp-json\/wp\/v2\/tags?post=348421"}],"curies":[{"name":"wp","href":"https:\/\/api.w.org\/{rel}","templated":true}]}}