{"id":348423,"date":"2025-08-27T20:30:17","date_gmt":"2025-08-27T20:30:17","guid":{"rendered":"https:\/\/www.europesays.com\/fr\/348423\/"},"modified":"2025-08-27T20:30:17","modified_gmt":"2025-08-27T20:30:17","slug":"le-mhb-innove-avec-larena-show-et-un-premier-concert-de-kendji-girac","status":"publish","type":"post","link":"https:\/\/www.europesays.com\/fr\/348423\/","title":{"rendered":"le MHB innove avec l\u2019Arena Show et un premier concert de Kendji Girac"},"content":{"rendered":"<p>            Par<br \/>\n        <strong><br \/>\n            <a href=\"https:\/\/actu.fr\/auteur\/g-martin\" title=\"Consulter tous les articles de Gil Martin\" target=\"_blank\" rel=\"noopener\">Gil Martin<\/a><br \/>\n        <\/strong><\/p>\n<p>        Publi\u00e9 le<\/p>\n<p>            27 ao\u00fbt 2025 \u00e0 19h28        <\/p>\n<p>Ce mercredi 27 ao\u00fbt, l<strong>e MHB et son staff<\/strong> organisaient leur traditionnelle conf\u00e9rence de presse de rentr\u00e9e. A l\u2019aube de la saison 2025-2026, le pr\u00e9sident du club, Julien Deljarry, \u00e9tait entour\u00e9 du coach <strong>Erick Math\u00e9<\/strong>, de son capitaine multicap\u00e9 <strong>Valentin Porte<\/strong> et du d\u00e9sormais vice-capitaine, le grand espoir du club <strong>Arthur Lenne<\/strong> qui vient d\u2019ailleurs de prolonger son contrat avec son club formateur jusqu\u2019en 2029\u2026<\/p>\n<p>Le MHB vient de battre Nantes !<\/p>\n<p class=\" wall-content\"><strong>M\u00e9tropolitain<\/strong> reviendra sur la pr\u00e9paration estivale du MHB et sur les ambitions d\u2019une \u00e9quipe <strong>profond\u00e9ment remani\u00e9e<\/strong> (sept arriv\u00e9es dans l\u2019H\u00e9rault) mais qui a d\u00e9j\u00e0 montr\u00e9 son <strong>potentiel intriguant<\/strong>. Il y a quelques jours, en match amical, le handballeurs montpelli\u00e9rains ont domin\u00e9 Nantes\u2026 et ce pour la premi\u00e8re fois depuis 2019 ! Et dans la foul\u00e9e, le MHB, <strong>vainqueur de la Coupe de France<\/strong> au printemps, tentera de confirmer sa bonne dynamique ce week-end lors d\u2019un match au sommet contre le <strong>PSG<\/strong>, champion de France, dans le cadre du <strong>Troph\u00e9e des Champions<\/strong>.<\/p>\n<p>Des soir\u00e9es match et spectacle<\/p>\n<p class=\" wall-content\">En attendant de revenir sur les enjeux et les ambitions sportives de cette nouvelle saison, une annonce du pr\u00e9sident du MHB <strong>a fait sensation<\/strong>. Julien Deljarry a r\u00e9v\u00e9l\u00e9, en effet que le club va innover cette saison <strong>en lan\u00e7ant les Arena Show<\/strong>, une nouvelle formule qui sera propos\u00e9e les soirs de grands matchs \u00e0 l\u2019Arena Sud de France <strong>m\u00ealant sport et spectacle<\/strong>.<\/p>\n<p>    <a href=\"https:\/\/www.google.com\/maps\/embed?pb=!1m18!1m12!1m3!1d2890.5894344872563!2d3.9489150756672595!3d43.57343747110606!2m3!1f0!2f0!3f0!3m2!1i1024!2i768!4f13.1!3m3!1m2!1s0x12b6a4d5fc7a3bf7%3A0x7409bb29f43e093a!2sSud%20de%20France%20Arena!5e0!3m2!1sfr!2sfr!4v1756335545164!5m2!1sfr!2sfr\" title=\"Ouvrie le lien\" target=\"_blank\" rel=\"noopener\">Cliquez ici pour visualiser le contenu<\/a><\/p>\n<p class=\" wall-content\"><strong>Trois Arena Show<\/strong> sont planifi\u00e9es parle MHB, dont la premi\u00e8re d\u00e8s octobre. Le MHB recevra deux fois d\u2019affil\u00e9e \u00e0 l\u2019Arena Sud de France : d\u2019abord <strong>Kiel le mardi 14 octobre<\/strong>, grand d\u2019Europe, et <strong>Nantes le vendredi 17 octobre.\u00a0<\/strong>Apr\u00e8s le match contre Kiel, le public de l\u2019enceinte montpelli\u00e9raine pourra assister \u00e0 un concert de <strong>Kendji Girac<\/strong>.<\/p>\n<p>Vid\u00e9os : en ce moment sur Actu<br \/>\n    <img   decoding=\"async\" loading=\"lazy\" src=\"https:\/\/www.europesays.com\/fr\/wp-content\/uploads\/2025\/08\/469417155-1112070550281437-6671397166786672729-n-960x640.jpg\" alt=\"la nouvelle formule du MHB sera inaugur\u00e9e par Kenji Girac\" width=\"960\" height=\"640\"\/><br \/>\n    la nouvelle formule du MHB sera inaugur\u00e9e par Kenji Girac (\u00a9Facebook \/ Kenji Girac)Le PSG, Toulouse et et N\u00eemes \u00e0 l\u2019Arena<\/p>\n<p class=\" wall-content\">Il y aura <strong>deux autres Arena Show<\/strong>, l\u2019une <strong>en mars<\/strong> avec les r\u00e9ceptions du <strong>PSG<\/strong> et pour un match de coupe d\u2019Europe (l\u2019adversaire sera d\u00e9termin\u00e9 par les r\u00e9sultats). Le dernier Arena Show est programm\u00e9 en fin de saison pour, encore une fois, deux matchs d\u2019affil\u00e9e, cette fois pour les derbys contre <strong>Toulouse le mardi 2 juin<\/strong> et <strong>N\u00eemes le samedi 6 juin<\/strong> ! Le MHB communiquera en temps voulu sur l\u2019identit\u00e9 des artistes qui viendront prendre la suite des handballeurs. Plus que jamais, le MHB entend bien profiter de l\u2019Arena pour faire le show.<\/p>\n<p class=\" wall-content\">Personnalisez votre actualit\u00e9 en ajoutant vos villes et m\u00e9dias en favori avec <a href=\"https:\/\/moncompte.actu.fr\" title=\"D\u00e9couvez Mon Actu\" rel=\"nofollow noopener\" data-trk=\"{&quot;cta&quot;:{&quot;action&quot;:&quot;https:\\\/\\\/moncompte.actu.fr&quot;,&quot;category&quot;:&quot;mon compte&quot;,&quot;from&quot;:&quot;article footer&quot;,&quot;name&quot;:&quot;Mon actu&quot;,&quot;type&quot;:&quot;cta&quot;}}\" target=\"_blank\">Mon Actu<\/a>.<\/p>\n","protected":false},"excerpt":{"rendered":"Par Gil Martin Publi\u00e9 le 27 ao\u00fbt 2025 \u00e0 19h28 Ce mercredi 27 ao\u00fbt, le MHB et son&hellip;\n","protected":false},"author":2,"featured_media":348424,"comment_status":"","ping_status":"","sticky":false,"template":"","format":"standard","meta":{"footnotes":""},"categories":[9599],"tags":[1111,11,1697,1777,674,1011,27,1792,2208,13473,12,2680,25,60],"class_list":{"0":"post-348423","1":"post","2":"type-post","3":"status-publish","4":"format-standard","5":"has-post-thumbnail","7":"category-montpellier","8":"tag-actu","9":"tag-actualites","10":"tag-concert","11":"tag-eu","12":"tag-europe","13":"tag-fr","14":"tag-france","15":"tag-handball","16":"tag-montpellier","17":"tag-montpellier-handball","18":"tag-news","19":"tag-occitanie","20":"tag-republique-francaise","21":"tag-sports"},"share_on_mastodon":{"url":"https:\/\/pubeurope.com\/@fr\/115102628373369472","error":""},"_links":{"self":[{"href":"https:\/\/www.europesays.com\/fr\/wp-json\/wp\/v2\/posts\/348423","targetHints":{"allow":["GET"]}}],"collection":[{"href":"https:\/\/www.europesays.com\/fr\/wp-json\/wp\/v2\/posts"}],"about":[{"href":"https:\/\/www.europesays.com\/fr\/wp-json\/wp\/v2\/types\/post"}],"author":[{"embeddable":true,"href":"https:\/\/www.europesays.com\/fr\/wp-json\/wp\/v2\/users\/2"}],"replies":[{"embeddable":true,"href":"https:\/\/www.europesays.com\/fr\/wp-json\/wp\/v2\/comments?post=348423"}],"version-history":[{"count":0,"href":"https:\/\/www.europesays.com\/fr\/wp-json\/wp\/v2\/posts\/348423\/revisions"}],"wp:featuredmedia":[{"embeddable":true,"href":"https:\/\/www.europesays.com\/fr\/wp-json\/wp\/v2\/media\/348424"}],"wp:attachment":[{"href":"https:\/\/www.europesays.com\/fr\/wp-json\/wp\/v2\/media?parent=348423"}],"wp:term":[{"taxonomy":"category","embeddable":true,"href":"https:\/\/www.europesays.com\/fr\/wp-json\/wp\/v2\/categories?post=348423"},{"taxonomy":"post_tag","embeddable":true,"href":"https:\/\/www.europesays.com\/fr\/wp-json\/wp\/v2\/tags?post=348423"}],"curies":[{"name":"wp","href":"https:\/\/api.w.org\/{rel}","templated":true}]}}