{"id":348425,"date":"2025-08-27T20:31:22","date_gmt":"2025-08-27T20:31:22","guid":{"rendered":"https:\/\/www.europesays.com\/fr\/348425\/"},"modified":"2025-08-27T20:31:22","modified_gmt":"2025-08-27T20:31:22","slug":"ou-aller-a-rouen-ce-week-end-du-29-au-31-aout-3-idees-sorties","status":"publish","type":"post","link":"https:\/\/www.europesays.com\/fr\/348425\/","title":{"rendered":"O\u00f9 aller \u00e0 Rouen ce week-end du 29 au 31 ao\u00fbt ? 3 id\u00e9es sorties"},"content":{"rendered":"<p class=\"intro\">Ah, le dernier week-end d&rsquo;ao\u00fbt \u00e0 Rouen\u00a0! Pendant que certains pleurent d\u00e9j\u00e0 la fin de l&rsquo;\u00e9t\u00e9, nous on pr\u00e9f\u00e8re vous concocter un programme qui m\u00e9lange bougies romantiques, voix d&rsquo;anges et orchestres symphoniques. Du 29 au 31 ao\u00fbt, la capitale normande nous prouve qu&rsquo;elle sait parfaitement marier culture classique et atmosph\u00e8res intimistes. Pr\u00e9parez vos oreilles et votre \u00e2me sensible, car ce week-end promet d&rsquo;\u00eatre d\u00e9licieusement m\u00e9lodieux\u00a0!<\/p>\n<p class=\"mise_en_avant\"><strong>Pr\u00e9visions m\u00e9t\u00e9o ce week-end\u00a0:<\/strong> Entre pluie mod\u00e9r\u00e9e vendredi (15\u00b0C) et l\u00e9g\u00e8res averses samedi et dimanche (22-23\u00b0C), c&rsquo;est le moment parfait pour se r\u00e9fugier dans de beaux lieux culturels\u00a0!<\/p>\n<p>1\/ Candlelight\u00a0: Les 4 Saisons de Vivaldi &#8211; Magie \u00e0 la lueur des bougies<\/p>\n<p>\ud83d\udd6f\ufe0f Quand la musique classique rencontre l&rsquo;art de l&rsquo;\u00e9clairage romantique, cela donne <a href=\"https:\/\/www.jds.fr\/rouen\/concerts\/candlelight-les-4-saisons-de-vivaldi-1130246_A\" rel=\"nofollow noopener\" target=\"_blank\">Candlelight\u00a0: Les 4 Saisons de Vivaldi \u00e0 Rouen<\/a>. Dans le cadre exceptionnel de l&rsquo;Historial Jeanne d&rsquo;Arc, laissez-vous transporter par les c\u00e9l\u00e8bres concertos de Vivaldi interpr\u00e9t\u00e9s par le Quatuor \u00e0 cordes Cotinga. \u2728 Une exp\u00e9rience sensorielle unique qui transforme un concert classique en v\u00e9ritable voyage \u00e9motionnel, parfaite pour d\u00e9buter ce week-end culturel en beaut\u00e9.<\/p>\n<p>\ud83d\udca1 <strong>Notre conseil\u00a0:<\/strong> Arrivez 30 minutes avant le d\u00e9but pour profiter pleinement de l&rsquo;ambiance magique qui s&rsquo;installe progressivement. Les places \u00e9tant attribu\u00e9es par ordre d&rsquo;arriv\u00e9e, la ponctualit\u00e9 sera votre meilleure alli\u00e9e\u00a0!<\/p>\n<p>\ud83d\udccd Historial Jeanne d&rsquo;Arc | Rouen<br \/>\ud83d\udcc5 Du 29\/08\/2025 au 09\/01\/2026<\/p>\n<p class=\"mise_en_avant\">\ud83d\udc49 <a href=\"https:\/\/www.jds.fr\/rouen\/concerts\/candlelight-les-4-saisons-de-vivaldi-1130246_A\" rel=\"nofollow noopener\" target=\"_blank\">Candlelight\u00a0: Les 4 Saisons de Vivaldi\u00a0: toutes les informations<\/a><\/p>\n<p><a class=\"btn btn-lg shadow-lg btn-primary rounded-pill fnac_link\" data-fnac=\"in_article\" href=\"https:\/\/pdt.tradedoubler.com\/click?a(3419081)p(354825)product(103801-198801)ttid(3)url(https%3A%2F%2Ffeverup.com%2Fm%2F198801)&amp;clickref=in_article-A-desktop\" target=\"_blank\" rel=\"nofollow noopener\"> Acheter des billets<\/a><\/p>\n<p><a data-lightbox=\"article\" data-title=\" DR\" class=\"image detail fullwidth\" href=\"https:\/\/www.jds.fr\/medias\/image\/candlelight-les-4-saisons-de-vivaldi-696318-1200-0-F.webp\" title=\" DR\" rel=\"nofollow noopener\" target=\"_blank\"><br \/>\n<img decoding=\"async\" loading=\"lazy\" src=\"https:\/\/www.europesays.com\/fr\/wp-content\/uploads\/2025\/08\/candlelight-les-4-saisons-de-vivaldi-696318-1200-0.webp.webp\"   alt=\"Candlelight : Les 4 Saisons de Vivaldi\" class=\"shortcode_image border\"\/><br \/>\n\u00a9 DR<br \/>\n<\/a>\n<\/p>\n<p>2\/ Evening Hymn &#8211; Voyage musical entre voix et viole de gambe<\/p>\n<p>\ud83c\udfb5 Direction Pont-de-l&rsquo;Arche pour d\u00e9couvrir <a href=\"https:\/\/www.jds.fr\/rouen\/spectacles\/evening-hymn-1002105_A\" rel=\"nofollow noopener\" target=\"_blank\">Evening Hymn \u00e0 Pont-de-l&rsquo;Arche<\/a>, un spectacle intimiste qui r\u00e9unit Salom\u00e9 Gasselin \u00e0 la viole de gambe et Paul-Antoine B\u00e9nos-Djian au contre-t\u00e9nor. Dans l&rsquo;\u00e9crin de l&rsquo;\u00c9glise Notre-Dame des Arts, ce duo explore l&rsquo;univers d&rsquo;Henry Purcell et de ses contemporains avec une intensit\u00e9 rare. \ud83c\udfbc Un choix audacieux qui nous emm\u00e8ne dans les m\u00e9andres de la musique baroque anglaise, loin des sentiers battus habituels.<\/p>\n<p>\ud83d\udca1 <strong>Notre conseil\u00a0:<\/strong> Pr\u00e9parez-vous \u00e0 une exp\u00e9rience contemplative intense. L&rsquo;acoustique exceptionnelle de l&rsquo;\u00e9glise sublimera chaque note, alors installez-vous confortablement et laissez-vous porter par cette alchimie vocale et instrumentale.<\/p>\n<p>\ud83d\udccd Eglise Notre-Dame des Arts | Pont-de-l&rsquo;Arche<br \/>\ud83d\udcc5 Le 30\/08\/2025<\/p>\n<p class=\"mise_en_avant\">\ud83d\udc49 <a href=\"https:\/\/www.jds.fr\/rouen\/spectacles\/evening-hymn-1002105_A\" rel=\"nofollow noopener\" target=\"_blank\">Evening Hymn\u00a0: toutes les informations<\/a><\/p>\n<p><a class=\"btn btn-lg shadow-lg btn-primary rounded-pill fnac_link\" data-fnac=\"in_article\" href=\"https:\/\/www.awin1.com\/pclick.php?p=41395094158&amp;a=634278&amp;m=12494&amp;clickref=in_article-A-desktop\" target=\"_blank\" rel=\"nofollow noopener\"> Acheter des billets<\/a><\/p>\n<p>3\/ Orchestre de l&rsquo;Op\u00e9ra Normandie Rouen &#8211; Mozart et Schubert en majest\u00e9<\/p>\n<p>\ud83c\udfbc Pour cl\u00f4turer ce week-end en apoth\u00e9ose, <a href=\"https:\/\/www.jds.fr\/rouen\/concerts\/musique-classique\/orchestre-de-l-opera-normandie-rouen-mozart-schubert-977082_A\" rel=\"nofollow noopener\" target=\"_blank\">l&rsquo;Orchestre de l&rsquo;Op\u00e9ra Normandie Rouen \u00e0 Rouen<\/a> investit la Chapelle Corneille avec un programme Mozart\/Schubert dirig\u00e9 par Karen Kagarlitsky. Au menu\u00a0: la sublime Symphonie concertante K.364 de Mozart et la joyeuse Symphonie n\u00b03 de Schubert, pr\u00e9c\u00e9d\u00e9es d&rsquo;une cr\u00e9ation contemporaine de Maya Brener. \ud83c\udfbb Un savant m\u00e9lange entre grands classiques et audace moderne, id\u00e9al pour terminer ce parcours musical dominical sur une note grandiose.<\/p>\n<p>\ud83d\udca1 <strong>Notre conseil\u00a0:<\/strong> Ne manquez pas le dialogue virtuose entre violon et alto dans la Symphonie concertante de Mozart &#8211; c&rsquo;est l&rsquo;un des moments les plus \u00e9mouvants du r\u00e9pertoire classique. Arrivez quelques minutes en avance pour vous impr\u00e9gner de l&rsquo;atmosph\u00e8re unique de la Chapelle Corneille.<\/p>\n<p>\ud83d\udccd Chapelle Corneille | Rouen<br \/>\ud83d\udcc5 Le 31\/08\/2025<\/p>\n<p class=\"mise_en_avant\">\ud83d\udc49 <a href=\"https:\/\/www.jds.fr\/rouen\/concerts\/musique-classique\/orchestre-de-l-opera-normandie-rouen-mozart-schubert-977082_A\" rel=\"nofollow noopener\" target=\"_blank\">Orchestre de l&rsquo;Op\u00e9ra Normandie Rouen, Mozart \/ Schubert\u00a0: toutes les informations<\/a><\/p>\n<p><a class=\"btn btn-lg shadow-lg btn-primary rounded-pill fnac_link\" data-fnac=\"in_article\" href=\"https:\/\/www.awin1.com\/pclick.php?p=41283044884&amp;a=634278&amp;m=12494&amp;clickref=in_article-A-desktop\" target=\"_blank\" rel=\"nofollow noopener\"> Acheter des billets<\/a><\/p>\n<p>Date de publication : le 27\/08\/2025.<\/p>\n<p class=\"font-size-30 fw-bold lh-1 mt-0 mb-4\">Je trouve les meilleures sorties dans ma ville<\/p>\n","protected":false},"excerpt":{"rendered":"Ah, le dernier week-end d&rsquo;ao\u00fbt \u00e0 Rouen\u00a0! Pendant que certains pleurent d\u00e9j\u00e0 la fin de l&rsquo;\u00e9t\u00e9, nous on&hellip;\n","protected":false},"author":2,"featured_media":348426,"comment_status":"","ping_status":"","sticky":false,"template":"","format":"standard","meta":{"footnotes":""},"categories":[9587],"tags":[1111,11,1777,674,1011,27,12,5161,25,9590],"class_list":{"0":"post-348425","1":"post","2":"type-post","3":"status-publish","4":"format-standard","5":"has-post-thumbnail","7":"category-rouen","8":"tag-actu","9":"tag-actualites","10":"tag-eu","11":"tag-europe","12":"tag-fr","13":"tag-france","14":"tag-news","15":"tag-normandie","16":"tag-republique-francaise","17":"tag-rouen"},"share_on_mastodon":{"url":"https:\/\/pubeurope.com\/@fr\/115102632274389997","error":""},"_links":{"self":[{"href":"https:\/\/www.europesays.com\/fr\/wp-json\/wp\/v2\/posts\/348425","targetHints":{"allow":["GET"]}}],"collection":[{"href":"https:\/\/www.europesays.com\/fr\/wp-json\/wp\/v2\/posts"}],"about":[{"href":"https:\/\/www.europesays.com\/fr\/wp-json\/wp\/v2\/types\/post"}],"author":[{"embeddable":true,"href":"https:\/\/www.europesays.com\/fr\/wp-json\/wp\/v2\/users\/2"}],"replies":[{"embeddable":true,"href":"https:\/\/www.europesays.com\/fr\/wp-json\/wp\/v2\/comments?post=348425"}],"version-history":[{"count":0,"href":"https:\/\/www.europesays.com\/fr\/wp-json\/wp\/v2\/posts\/348425\/revisions"}],"wp:featuredmedia":[{"embeddable":true,"href":"https:\/\/www.europesays.com\/fr\/wp-json\/wp\/v2\/media\/348426"}],"wp:attachment":[{"href":"https:\/\/www.europesays.com\/fr\/wp-json\/wp\/v2\/media?parent=348425"}],"wp:term":[{"taxonomy":"category","embeddable":true,"href":"https:\/\/www.europesays.com\/fr\/wp-json\/wp\/v2\/categories?post=348425"},{"taxonomy":"post_tag","embeddable":true,"href":"https:\/\/www.europesays.com\/fr\/wp-json\/wp\/v2\/tags?post=348425"}],"curies":[{"name":"wp","href":"https:\/\/api.w.org\/{rel}","templated":true}]}}