{"id":348427,"date":"2025-08-27T20:33:00","date_gmt":"2025-08-27T20:33:00","guid":{"rendered":"https:\/\/www.europesays.com\/fr\/348427\/"},"modified":"2025-08-27T20:33:00","modified_gmt":"2025-08-27T20:33:00","slug":"le-brunch-du-fridge-comedy-club-rouen-la-nouveaute-de-la-rentree","status":"publish","type":"post","link":"https:\/\/www.europesays.com\/fr\/348427\/","title":{"rendered":"le brunch du Fridge Comedy Club Rouen, la nouveaut\u00e9 de la rentr\u00e9e"},"content":{"rendered":"<p>   <img decoding=\"async\" src=\"https:\/\/www.europesays.com\/fr\/wp-content\/uploads\/2025\/08\/1756326780_276_560x315\" alt=\"illustration agrandir l'image\" style=\"--_image-preview:url('data:image\/jpeg;base64,\/9j\/2wBDACgcHiMeGSgjISMtKygwPGRBPDc3PHtYXUlkkYCZlo+AjIqgtObDoKrarYqMyP\/L2u71\/\/\/\/m8H\/\/\/\/6\/+b9\/\/j\/2wBDASstLTw1PHZBQXb4pYyl+Pj4+Pj4+Pj4+Pj4+Pj4+Pj4+Pj4+Pj4+Pj4+Pj4+Pj4+Pj4+Pj4+Pj4+Pj4+Pj4+Pj\/wAARCAAqACoDASIAAhEBAxEB\/8QAGAABAQEBAQAAAAAAAAAAAAAAAgEDAAX\/xAAYEAEBAQEBAAAAAAAAAAAAAAAAAQIREv\/EABYBAQEBAAAAAAAAAAAAAAAAAAIBA\/\/EABYRAQEBAAAAAAAAAAAAAAAAAAABEf\/aAAwDAQACEQMRAD8A8qQpl2Y0kbSBaPlLlrxLCwdY2DxpqCNhaWWmWMpzSypY1Sj6S6LUxNAto9C0oMpSgoSkfp10Dl1MW1Oo5NV\/\/9k=');\" loading=\"eager\" fetchpriority=\"high\" aria-hidden=\"true\" class=\"svelte-1pnmlwx rounded\" onload=\"this.__e=event\" onerror=\"this.__e=event\"\/> Le Fridge Comedy Club,  du mercredi au dimanche  4 Rue Georges d&rsquo;Amboise \u00e0 Rouen    <\/p>\n<p class=\"g-ici-body-regular-3 info svelte-1a514ib\">Diffus\u00e9 le mardi 26 ao\u00fbt 2025 \u00e0 8:48 <\/p>\n<p class=\"g-ici-body-regular-3 info svelte-1a514ib\">Publi\u00e9 le mardi 26 ao\u00fbt 2025 \u00e0 8:48 <\/p>\n<p class=\"g-ici-body-bold-1 standFirst svelte-g22axr\">l&rsquo;\u00e9v\u00e8nement d&rsquo;Ci  c&rsquo;est  la rentr\u00e9e du Fridge. Thomas Saunier, le directeur du Comedy club de Rouen ,vient au micro de Sylvain Geffroy nous rappeler le concept humour propos\u00e9 depuis d\u00e9cembre 2024, et \u00e9voquer \u00a0\u00bb le Brunch\u00a0\u00bb,   la nouveaut\u00e9 de cet automne .\n<\/p>\n<ul class=\"SocialNetworks svelte-bt5901\">\n<li class=\"svelte-bt5901\"><\/li>\n<li class=\"svelte-bt5901\"><\/li>\n<li class=\"svelte-bt5901\"><\/li>\n<li class=\"svelte-bt5901\"><\/li>\n<li class=\"svelte-bt5901\"><\/li>\n<\/ul>\n<p class=\"g-ici-body-regular-3 description svelte-1vha4t1\">Tous les vendredis, recevez le meilleur de la semaine d\u2019ici Normandie (Seine-Maritime &#8211; Eure)\u00a0: certifi\u00e9 100% local\u00a0!<\/p>\n<p>En cliquant sur \u00ab\u00a0S\u2019abonner\u00a0\u00bb, j&rsquo;accepte que les donn\u00e9es recueillies par<br \/>\n        Radio France soient destin\u00e9es \u00e0 l&rsquo;envoi par courrier \u00e9lectronique de<br \/>\n        contenus et d&rsquo;informations relatifs aux programmes. Plus d&rsquo;informations.<\/p>\n<p>   Les \u00e9pisodes de l\u2019\u00e9mission\u00a0: L&rsquo;invit\u00e9 ici matin, ici Normandie <\/p>\n<p class=\"IciLink ici-link disabled title no-color g-ici-title-5 svelte-lu7k6w\">Viva Cit\u00e9 \u00e0 Sotteville les Rouen<\/p>\n<p class=\"IciLink ici-link disabled title no-color g-ici-title-5 svelte-lu7k6w\">L&rsquo;invit\u00e9 ici matin, ici Normandie<\/p>\n","protected":false},"excerpt":{"rendered":"Le Fridge Comedy Club, du mercredi au dimanche 4 Rue Georges d&rsquo;Amboise \u00e0 Rouen Diffus\u00e9 le mardi 26&hellip;\n","protected":false},"author":2,"featured_media":348428,"comment_status":"","ping_status":"","sticky":false,"template":"","format":"standard","meta":{"footnotes":""},"categories":[9587],"tags":[1111,11,1777,674,1011,27,12,5161,25,9590],"class_list":{"0":"post-348427","1":"post","2":"type-post","3":"status-publish","4":"format-standard","5":"has-post-thumbnail","7":"category-rouen","8":"tag-actu","9":"tag-actualites","10":"tag-eu","11":"tag-europe","12":"tag-fr","13":"tag-france","14":"tag-news","15":"tag-normandie","16":"tag-republique-francaise","17":"tag-rouen"},"share_on_mastodon":{"url":"https:\/\/pubeurope.com\/@fr\/115102640468480337","error":""},"_links":{"self":[{"href":"https:\/\/www.europesays.com\/fr\/wp-json\/wp\/v2\/posts\/348427","targetHints":{"allow":["GET"]}}],"collection":[{"href":"https:\/\/www.europesays.com\/fr\/wp-json\/wp\/v2\/posts"}],"about":[{"href":"https:\/\/www.europesays.com\/fr\/wp-json\/wp\/v2\/types\/post"}],"author":[{"embeddable":true,"href":"https:\/\/www.europesays.com\/fr\/wp-json\/wp\/v2\/users\/2"}],"replies":[{"embeddable":true,"href":"https:\/\/www.europesays.com\/fr\/wp-json\/wp\/v2\/comments?post=348427"}],"version-history":[{"count":0,"href":"https:\/\/www.europesays.com\/fr\/wp-json\/wp\/v2\/posts\/348427\/revisions"}],"wp:featuredmedia":[{"embeddable":true,"href":"https:\/\/www.europesays.com\/fr\/wp-json\/wp\/v2\/media\/348428"}],"wp:attachment":[{"href":"https:\/\/www.europesays.com\/fr\/wp-json\/wp\/v2\/media?parent=348427"}],"wp:term":[{"taxonomy":"category","embeddable":true,"href":"https:\/\/www.europesays.com\/fr\/wp-json\/wp\/v2\/categories?post=348427"},{"taxonomy":"post_tag","embeddable":true,"href":"https:\/\/www.europesays.com\/fr\/wp-json\/wp\/v2\/tags?post=348427"}],"curies":[{"name":"wp","href":"https:\/\/api.w.org\/{rel}","templated":true}]}}