{"id":348429,"date":"2025-08-27T20:34:11","date_gmt":"2025-08-27T20:34:11","guid":{"rendered":"https:\/\/www.europesays.com\/fr\/348429\/"},"modified":"2025-08-27T20:34:11","modified_gmt":"2025-08-27T20:34:11","slug":"metropole-de-grenoble-une-inquietante-odeur-de-gaz-dans-un-immeuble-les-gendarmes-interviennent","status":"publish","type":"post","link":"https:\/\/www.europesays.com\/fr\/348429\/","title":{"rendered":"M\u00e9tropole de Grenoble. Une inqui\u00e9tante odeur de gaz dans un immeuble : les gendarmes interviennent"},"content":{"rendered":"<p>Les gendarmes de la compagnie de Meylan sont intervenus, ce mardi 26\u00a0ao\u00fbt rue des Alpes \u00e0 Dom\u00e8ne pour s\u00e9curiser un immeuble o\u00f9 une inqui\u00e9tante odeur de gaz avait \u00e9t\u00e9 sentie par les habitants. Alert\u00e9s vers 17 heures, les sapeurs-pompiers et les agents de GRDF ont fait des reconnaissances dans le b\u00e2timent et d\u00e9couvert qu\u2019une bouteille de propane avait \u00e9t\u00e9 malencontreusement laiss\u00e9e ouverte.<\/p>\n<p>Les occupants qui avaient pr\u00e9f\u00e9r\u00e9 \u00e9vacuer les lieux plut\u00f4t que d\u2019y rester confin\u00e9s ont pu regagner leurs logements respectifs une fois l\u2019intervention termin\u00e9e et tout risque d\u2019explosion \u00e9cart\u00e9.<\/p>\n<p>Ce contenu est bloqu\u00e9 car vous n&rsquo;avez pas accept\u00e9 les cookies et autres traceurs.<\/p>\n<p>En cliquant sur \u00ab J\u2019accepte \u00bb, les cookies et autres traceurs seront d\u00e9pos\u00e9s et vous pourrez visualiser les contenus  (<a href=\"\" class=\"consentModule_policy\" target=\"_blank\" title=\"Consulter la politique de protection des donn\u00e9es du fournisseur\">plus d&rsquo;informations<\/a>).<\/p>\n<p>En cliquant sur \u00ab J\u2019accepte tous les cookies \u00bb, vous autorisez des d\u00e9p\u00f4ts de cookies et autres traceurs pour le stockage de vos donn\u00e9es sur nos sites et applications \u00e0 des fins de personnalisation et de ciblage publicitaire.<\/p>\n<p class=\"consentModule_secondaryText\">Vous gardez la possibilit\u00e9 de retirer votre consentement \u00e0 tout moment en consultant notre <a href=\"https:\/\/www.ledauphine.com\/protection-des-donnees\" target=\"_blank\" title=\"Consulter notre politique de protection des donn\u00e9es\" rel=\"noopener\">politique de protection des donn\u00e9es<\/a>. <br \/>&#13;<br \/>\n            <a href=\"https:\/\/www.ledauphine.com\/faits-divers-justice\/2025\/08\/27\/javascript:Didomi.notice.show()\" class=\"consentModule_cmp\" target=\"_blank\" rel=\"noopener\">G\u00e9rer mes choix<\/a>&#13;\n        <\/p>\n<p>&#13;<br \/>\n                        J&rsquo;accepte&#13;<br \/>\n            J&rsquo;accepte tous les cookies&#13;\n        <\/p>\n","protected":false},"excerpt":{"rendered":"Les gendarmes de la compagnie de Meylan sont intervenus, ce mardi 26\u00a0ao\u00fbt rue des Alpes \u00e0 Dom\u00e8ne pour&hellip;\n","protected":false},"author":2,"featured_media":348430,"comment_status":"","ping_status":"","sticky":false,"template":"","format":"standard","meta":{"footnotes":""},"categories":[9566],"tags":[119,1111,11,2430,12492,113,1777,674,274,1011,27,2731,12204,108,12,25],"class_list":{"0":"post-348429","1":"post","2":"type-post","3":"status-publish","4":"format-standard","5":"has-post-thumbnail","7":"category-grenoble","8":"tag-accident","9":"tag-actu","10":"tag-actualites","11":"tag-auvergne-rhone-alpes","12":"tag-domene","13":"tag-edition-gresivaudan-oisans","14":"tag-eu","15":"tag-europe","16":"tag-faits-divers-justice","17":"tag-fr","18":"tag-france","19":"tag-grenoble","20":"tag-gresivaudan","21":"tag-isere","22":"tag-news","23":"tag-republique-francaise"},"share_on_mastodon":{"url":"https:\/\/pubeurope.com\/@fr\/115102643919180632","error":""},"_links":{"self":[{"href":"https:\/\/www.europesays.com\/fr\/wp-json\/wp\/v2\/posts\/348429","targetHints":{"allow":["GET"]}}],"collection":[{"href":"https:\/\/www.europesays.com\/fr\/wp-json\/wp\/v2\/posts"}],"about":[{"href":"https:\/\/www.europesays.com\/fr\/wp-json\/wp\/v2\/types\/post"}],"author":[{"embeddable":true,"href":"https:\/\/www.europesays.com\/fr\/wp-json\/wp\/v2\/users\/2"}],"replies":[{"embeddable":true,"href":"https:\/\/www.europesays.com\/fr\/wp-json\/wp\/v2\/comments?post=348429"}],"version-history":[{"count":0,"href":"https:\/\/www.europesays.com\/fr\/wp-json\/wp\/v2\/posts\/348429\/revisions"}],"wp:featuredmedia":[{"embeddable":true,"href":"https:\/\/www.europesays.com\/fr\/wp-json\/wp\/v2\/media\/348430"}],"wp:attachment":[{"href":"https:\/\/www.europesays.com\/fr\/wp-json\/wp\/v2\/media?parent=348429"}],"wp:term":[{"taxonomy":"category","embeddable":true,"href":"https:\/\/www.europesays.com\/fr\/wp-json\/wp\/v2\/categories?post=348429"},{"taxonomy":"post_tag","embeddable":true,"href":"https:\/\/www.europesays.com\/fr\/wp-json\/wp\/v2\/tags?post=348429"}],"curies":[{"name":"wp","href":"https:\/\/api.w.org\/{rel}","templated":true}]}}