{"id":348431,"date":"2025-08-27T20:35:19","date_gmt":"2025-08-27T20:35:19","guid":{"rendered":"https:\/\/www.europesays.com\/fr\/348431\/"},"modified":"2025-08-27T20:35:19","modified_gmt":"2025-08-27T20:35:19","slug":"horneland-prive-de-deux-lateraux-contre-grenoble","status":"publish","type":"post","link":"https:\/\/www.europesays.com\/fr\/348431\/","title":{"rendered":"Horneland priv\u00e9 de deux lat\u00e9raux contre Grenoble"},"content":{"rendered":"<p><strong>Eirik Horneland va devoir faire sans deux de ses lat\u00e9raux samedi pour le prochain match de l\u2019ASSE, face \u00e0 Grenoble.<\/strong><\/p>\n<p>Apr\u00e8s leur victoire \u00e0 Boulogne-sur-Mer (1-0) samedi soir, les Verts ont repris l\u2019entra\u00eenement matin \u00e0 L\u2019Etrat, une s\u00e9ance ouverte au public \u00e0 laquelle Ebenezer Annan n\u2019a pas particip\u00e9, tout comme Dennis Appiah.<\/p>\n<p>Annan et Appiah vers un forfait<\/p>\n<p>Pas vraiment une surprise dans la mesure o\u00f9 Annan \u00e9tait sorti sur blessure \u00e0 Boulogne en quittant le stade de la Lib\u00e9ration avec une attelle au pied droit et en boitant. Selon nos informations, le lat\u00e9ral gauche recrut\u00e9 cet \u00e9t\u00e9 \u00e0 l\u2019Etoile Rouge de Belgrade ne sera pas disponible samedi pour la r\u00e9ception de Grenoble et son indisponibilit\u00e9 devrait \u00eatre d\u2019un mois. Dennis Appiah, touch\u00e9 au niveau du pied, devrait lui aussi manquer \u00e0 l\u2019appel samedi pour la r\u00e9ception du GF 38. Deux forfaits qui devraient inciter Eirik Horneland \u00e0 lancer dans le grand bain le jeune s\u00e9n\u00e9galais Lassana Traor\u00e9 (18 ans).<\/p>\n","protected":false},"excerpt":{"rendered":"Eirik Horneland va devoir faire sans deux de ses lat\u00e9raux samedi pour le prochain match de l\u2019ASSE, face&hellip;\n","protected":false},"author":2,"featured_media":348432,"comment_status":"","ping_status":"","sticky":false,"template":"","format":"standard","meta":{"footnotes":""},"categories":[9566],"tags":[1111,11,2430,448,1777,674,63,1011,27,2731,66,3388,12,25,10662],"class_list":{"0":"post-348431","1":"post","2":"type-post","3":"status-publish","4":"format-standard","5":"has-post-thumbnail","7":"category-grenoble","8":"tag-actu","9":"tag-actualites","10":"tag-auvergne-rhone-alpes","11":"tag-champions-league","12":"tag-eu","13":"tag-europe","14":"tag-football","15":"tag-fr","16":"tag-france","17":"tag-grenoble","18":"tag-ligue-1","19":"tag-matchs","20":"tag-news","21":"tag-republique-francaise","22":"tag-transferts"},"share_on_mastodon":{"url":"https:\/\/pubeurope.com\/@fr\/115102647922312587","error":""},"_links":{"self":[{"href":"https:\/\/www.europesays.com\/fr\/wp-json\/wp\/v2\/posts\/348431","targetHints":{"allow":["GET"]}}],"collection":[{"href":"https:\/\/www.europesays.com\/fr\/wp-json\/wp\/v2\/posts"}],"about":[{"href":"https:\/\/www.europesays.com\/fr\/wp-json\/wp\/v2\/types\/post"}],"author":[{"embeddable":true,"href":"https:\/\/www.europesays.com\/fr\/wp-json\/wp\/v2\/users\/2"}],"replies":[{"embeddable":true,"href":"https:\/\/www.europesays.com\/fr\/wp-json\/wp\/v2\/comments?post=348431"}],"version-history":[{"count":0,"href":"https:\/\/www.europesays.com\/fr\/wp-json\/wp\/v2\/posts\/348431\/revisions"}],"wp:featuredmedia":[{"embeddable":true,"href":"https:\/\/www.europesays.com\/fr\/wp-json\/wp\/v2\/media\/348432"}],"wp:attachment":[{"href":"https:\/\/www.europesays.com\/fr\/wp-json\/wp\/v2\/media?parent=348431"}],"wp:term":[{"taxonomy":"category","embeddable":true,"href":"https:\/\/www.europesays.com\/fr\/wp-json\/wp\/v2\/categories?post=348431"},{"taxonomy":"post_tag","embeddable":true,"href":"https:\/\/www.europesays.com\/fr\/wp-json\/wp\/v2\/tags?post=348431"}],"curies":[{"name":"wp","href":"https:\/\/api.w.org\/{rel}","templated":true}]}}