{"id":348433,"date":"2025-08-27T20:36:37","date_gmt":"2025-08-27T20:36:37","guid":{"rendered":"https:\/\/www.europesays.com\/fr\/348433\/"},"modified":"2025-08-27T20:36:37","modified_gmt":"2025-08-27T20:36:37","slug":"secheresse-le-sud-de-lille-et-vilaine-place-en-alerte-renforcee","status":"publish","type":"post","link":"https:\/\/www.europesays.com\/fr\/348433\/","title":{"rendered":"S\u00e9cheresse\u00a0: le sud de l\u2019Ille-et-Vilaine plac\u00e9 en alerte renforc\u00e9e"},"content":{"rendered":"<p>Un comit\u00e9 de gestion de la ressource s\u2019est tenu \u00e0 Rennes (Ille-et-Vilaine) le mercredi 20\u00a0ao\u00fbt 2025. Objectif\u00a0: \u00e9valuer l\u2019\u00e9tat des cours d\u2019eau, leur d\u00e9bit, voir aussi comment se portent les nappes phr\u00e9atiques. Le constat n\u2019est pas bon. Les faibles pluies de l\u2019\u00e9t\u00e9 et les quelques orages n\u2019ont pas suffi \u00e0 r\u00e9tablir la situation.<strong> \u00ab\u00a0Les pluies de juillet ont permis de ralentir la diminution des volumes d\u2019eau stock\u00e9s en Ille-et-Vilaine, sans pour autant permettre de reconstituer les stocks\u00a0\u00bb,<\/strong> font savoir les services de la pr\u00e9fecture.<br \/>En cons\u00e9quence, ils ont d\u00e9cid\u00e9 de maintenir l\u2019Ille-et-Vilaine en niveau \u00ab\u00a0alerte\u00a0\u00bb s\u00e9cheresse dans lequel <a href=\"https:\/\/fougeres.maville.com\/actu\/actudet_--la-situation-s-aggrave-le-departement-d-ille-et-vilaine-place-en-alerte-secheresse-_7-6896711_actu.Htm\" target=\"_self\" rel=\"noopener\">il se trouve depuis le 11\u00a0juillet<\/a> mais \u00e9galement de placer le sud du d\u00e9partement en \u00ab\u00a0alerte renforc\u00e9e\u00a0\u00bb. Ce sont les secteurs du bassin du Semnon, de l\u2019Aff et de la Ch\u00e8re qui sont concern\u00e9s.<\/p>\n<p>Restrictions renforc\u00e9es<\/p>\n<p>L\u2019alerte renforc\u00e9e correspond au troisi\u00e8me niveau d\u2019alerte qui en compte quatre. Pour \u00e9viter d\u2019atteindre le niveau \u00ab\u00a0crise\u00a0\u00bb, les restrictions sont encore renforc\u00e9es. Les terrains de sport ne peuvent \u00eatre arros\u00e9s que de nuit et gr\u00e2ce \u00e0 une d\u00e9rogation, l\u2019irrigation devient interdite entre 10\u00a0h et 20\u00a0h sauf cas particuliers,\u00a0etc. Le nettoyage des fa\u00e7ades, terrasses, murs, escaliers, toitures, v\u00e9hicules dont les bateaux, le remplissage piscines priv\u00e9es et l\u2019arrosage des jardins sont toujours interdits.<\/p>\n<p>Le d\u00e9tail des restrictions est<a href=\"https:\/\/www.ille-et-vilaine.gouv.fr\/contenu\/telechargement\/76432\/606839\/file\/ACS-35_20230728_annexe_3_%20mesures-de-restriction.pdf\" target=\"_self\" rel=\"noopener\"> \u00e0 retrouver ici<\/a>.\u00a0Au-del\u00e0 de ces restrictions, tous les usagers (particuliers, collectivit\u00e9s, industriels, exploitants agricoles) sont appel\u00e9s \u00e0 r\u00e9duire de mani\u00e8re volontaire leurs consommations en eau, quelle que soit son origine (r\u00e9seau public d\u2019eau potable, pr\u00e9l\u00e8vement dans le milieu naturel\u2026).<\/p>\n<p>\u00a0<\/p>\n","protected":false},"excerpt":{"rendered":"Un comit\u00e9 de gestion de la ressource s\u2019est tenu \u00e0 Rennes (Ille-et-Vilaine) le mercredi 20\u00a0ao\u00fbt 2025. Objectif\u00a0: \u00e9valuer&hellip;\n","protected":false},"author":2,"featured_media":348434,"comment_status":"","ping_status":"","sticky":false,"template":"","format":"standard","meta":{"footnotes":""},"categories":[2821],"tags":[1111,11,829,1777,674,1011,27,848,12,5536,20098,584,25,12817,7053],"class_list":{"0":"post-348433","1":"post","2":"type-post","3":"status-publish","4":"format-standard","5":"has-post-thumbnail","7":"category-rennes","8":"tag-actu","9":"tag-actualites","10":"tag-bretagne","11":"tag-eu","12":"tag-europe","13":"tag-fr","14":"tag-france","15":"tag-ille-et-vilaine","16":"tag-news","17":"tag-place","18":"tag-renforcee","19":"tag-rennes","20":"tag-republique-francaise","21":"tag-secheresse","22":"tag-sud"},"share_on_mastodon":{"url":"https:\/\/pubeurope.com\/@fr\/115102651786245998","error":""},"_links":{"self":[{"href":"https:\/\/www.europesays.com\/fr\/wp-json\/wp\/v2\/posts\/348433","targetHints":{"allow":["GET"]}}],"collection":[{"href":"https:\/\/www.europesays.com\/fr\/wp-json\/wp\/v2\/posts"}],"about":[{"href":"https:\/\/www.europesays.com\/fr\/wp-json\/wp\/v2\/types\/post"}],"author":[{"embeddable":true,"href":"https:\/\/www.europesays.com\/fr\/wp-json\/wp\/v2\/users\/2"}],"replies":[{"embeddable":true,"href":"https:\/\/www.europesays.com\/fr\/wp-json\/wp\/v2\/comments?post=348433"}],"version-history":[{"count":0,"href":"https:\/\/www.europesays.com\/fr\/wp-json\/wp\/v2\/posts\/348433\/revisions"}],"wp:featuredmedia":[{"embeddable":true,"href":"https:\/\/www.europesays.com\/fr\/wp-json\/wp\/v2\/media\/348434"}],"wp:attachment":[{"href":"https:\/\/www.europesays.com\/fr\/wp-json\/wp\/v2\/media?parent=348433"}],"wp:term":[{"taxonomy":"category","embeddable":true,"href":"https:\/\/www.europesays.com\/fr\/wp-json\/wp\/v2\/categories?post=348433"},{"taxonomy":"post_tag","embeddable":true,"href":"https:\/\/www.europesays.com\/fr\/wp-json\/wp\/v2\/tags?post=348433"}],"curies":[{"name":"wp","href":"https:\/\/api.w.org\/{rel}","templated":true}]}}