{"id":348437,"date":"2025-08-27T20:38:28","date_gmt":"2025-08-27T20:38:28","guid":{"rendered":"https:\/\/www.europesays.com\/fr\/348437\/"},"modified":"2025-08-27T20:38:28","modified_gmt":"2025-08-27T20:38:28","slug":"a-schiltigheim-quel-futur-pour-la-brasserie-schutzenberger","status":"publish","type":"post","link":"https:\/\/www.europesays.com\/fr\/348437\/","title":{"rendered":"\u00e0 Schiltigheim, quel futur pour la brasserie Sch\u00fctzenberger ?"},"content":{"rendered":"<p>    <img loading=\"lazy\" width=\"1800\" height=\"900\" src=\"https:\/\/www.europesays.com\/fr\/wp-content\/uploads\/2025\/04\/jeanne-callthepolice.jpg\" class=\"attachment-full size-full\" alt=\"\" id=\"imageLove\" decoding=\"async\"  \/><\/p>\n<p id=\"breadcrumbs\"><a href=\"https:\/\/pokaa.fr\/\" target=\"_blank\" rel=\"noopener\">Accueil<\/a> \/ <a href=\"https:\/\/pokaa.fr\/categories\/actu\/\" target=\"_blank\" rel=\"noopener\">Info locale<\/a> \/ H\u00f4tel, food court, 180 logements : \u00e0 Schiltigheim, quel futur pour la brasserie Sch\u00fctzenberger ?<\/p>\n<p>                    Info locale<\/p>\n<p><b>Depuis le 25 ao\u00fbt, la r\u00e9habilitation des 2,6 hectares de friches de la brasserie Sch\u00fctzenberger est entr\u00e9e dans sa phase d\u2019enqu\u00eate publique. Jusqu\u2019au 26 septembre, les Schilikois(es) et habitant(e)s de l\u2019Eurom\u00e9tropole int\u00e9ress\u00e9(e)s peuvent donner leur avis et leurs contributions. Une phase d\u00e9cisive, qui donne l\u2019occasion de revenir sur le projet dans son ensemble.<\/b><\/p>\n<p class=\"p1\">La brasserie Sch\u00fctzenberger n\u2019a jamais \u00e9t\u00e9 aussi proche de rouvrir ses portes, 285 ans apr\u00e8s sa naissance. G\u00e9ante endormie depuis 18 ans maintenant, <b>un projet ambitieux couve depuis quelque temps, et attend patiemment de pouvoir se mettre en place<\/b>. Avant cela, il faudra passer une \u00e9preuve d\u00e9sormais bien connue des habitant(e)s de Strasbourg, de Schiltigheim et plus globalement de l\u2019Eurom\u00e9tropole : l\u2019enqu\u00eate publique.<\/p>\n<p class=\"p1\"><a href=\"https:\/\/pokaa.fr\/2024\/12\/10\/coup-de-tonnerre-a-strasbourg-lenquete-publique-defavorable-au-projet-du-tram-nord\/\" target=\"_blank\" rel=\"noopener\">Sur toutes les l\u00e8vres depuis l\u2019avis n\u00e9gatif inflig\u00e9 au projet du tram Nord,<\/a> <b>le proc\u00e9d\u00e9 va permettre \u00e0 celles et ceux int\u00e9ress\u00e9(e)s par le projet de r\u00e9habilitation des 26 000 m2 de friches de la brasserie Sch\u00fctzenberger de donner leur avis<\/b>. Cela est possible depuis le 25 ao\u00fbt, et la phase durera jusqu\u2019au 26 septembre.<\/p>\n<p>                <img width=\"694\" height=\"500\" src=\"https:\/\/www.europesays.com\/fr\/wp-content\/uploads\/2025\/08\/sob-croquis-place-couleur-def-toit-pente-694x500.jpg\" class=\"attachment-gallery size-gallery\" alt=\"place schutzenberger schiltigheim\" data-full-url=\"https:\/\/pokaa.fr\/wp-content\/uploads\/2025\/01\/28\/sob-croquis-place-couleur-def-toit-pente.jpg\" decoding=\"async\" loading=\"lazy\"  \/>            <\/p>\n<p>                <img width=\"667\" height=\"500\" src=\"https:\/\/www.europesays.com\/fr\/wp-content\/uploads\/2025\/08\/img-6269-grande-667x500.jpeg\" class=\"attachment-gallery size-gallery\" alt=\"brasserie schutzenberger schiltigheim\" data-full-url=\"https:\/\/pokaa.fr\/wp-content\/uploads\/2025\/01\/28\/img-6269-grande.jpeg\" decoding=\"async\" loading=\"lazy\"  \/>            <\/p>\n<p>                    1. \u00a9 Agence ANMA \/ Document remis ; 2. \u00a9 Nicolas Kaspar \/ Pokaa<\/p>\n<p>    <img width=\"800\" height=\"600\" src=\"https:\/\/www.europesays.com\/fr\/wp-content\/uploads\/2025\/08\/schutz-1-copie-800x600.jpg\" class=\"attachment-image-size-L size-image-size-L\" alt=\"brasserie Sch\u00fctzenberger\" decoding=\"async\" loading=\"lazy\"  \/>         \u00a9 Niko67000 &#8211; Wikip\u00e9dia \/ Capture d&rsquo;\u00e9cran <\/p>\n<p>Brasserie Sch\u00fctzenberger : quel est le projet ?<\/p>\n<p class=\"p1\">Avant de parler calendrier et modalit\u00e9s, le lancement de l\u2019enqu\u00eate publique permet de revenir sur le projet de r\u00e9habilitation des 2,6 hectares de la brasserie Sch\u00fctzenberger. D\u00e9j\u00e0, <b>il a pour but d\u2019ouvrir le site sur Schiltigheim, avec l\u2019am\u00e9nagement d\u2019une grande place en forme de carrefour<\/b>. Il compte \u00e9galement faire la part belle aux espaces verts, en d\u00e9veloppant \u00e9galement les solutions pour se d\u00e9placer \u00e0 pied ou \u00e0 v\u00e9lo.<\/p>\n<p>                <a href=\"https:\/\/pokaa.fr\/2025\/02\/09\/a-schiltigheim-lancienne-brasserie-schutzenberger-de-26-000-m2-va-enfin-reprendre-vie\/\" target=\"_blank\" rel=\"noopener\"><br \/>\n                    <img width=\"450\" height=\"270\" src=\"https:\/\/www.europesays.com\/fr\/wp-content\/uploads\/2025\/08\/img-6270-grande-450x270.jpeg\" class=\"attachment-card-horizontal--same-subject size-card-horizontal--same-subject wp-post-image\" alt=\"\" decoding=\"async\" loading=\"lazy\"\/>                <\/a><\/p>\n<p class=\"p1\">Sur ses 2,6 hectares, <b>le projet se divise ensuite en deux parties, une \u00e9conomique sur 60% du site et une r\u00e9sidentielle, occupant les 40% restants<\/b>. <a href=\"https:\/\/www.registre-dematerialise.fr\/6462\/download\/component\/102876\/2-note-de-presentation-ep-dp-schutz-aout-2025\" target=\"_blank\" rel=\"noopener\">Selon le dossier de l\u2019enqu\u00eate publique<\/a>, la partie \u00e9conomique comprendrait :<\/p>\n<ul class=\"ul1\">\n<li class=\"li1\"><b>un complexe h\u00f4telier avec un concept autour du bien-\u00eatre et de la bi\u00e8re<\/b>,<\/li>\n<li class=\"li1\">de l\u2019\u00e9v\u00e9nementiel,<\/li>\n<li class=\"li1\">des locaux \u00e0 destination des artisan(e)s,<\/li>\n<li class=\"li1\">des bureaux, notamment pour du coworking et des micro-entreprises,<\/li>\n<li class=\"li1\"><b>un projet de food court et un projet de restaurant \u00e9toil\u00e9 dans la maison de ma\u00eetre \u00e0 l\u2019angle de la rue Schutzenberger et de la rue de la Patrie<\/b>,<\/li>\n<li class=\"li1\">des cellules commerciales de petites superficies.<\/li>\n<\/ul>\n<p>                <img width=\"780\" height=\"500\" src=\"https:\/\/www.europesays.com\/fr\/wp-content\/uploads\/2025\/08\/capture-decran-2025-02-06-a-140131-780x500.png\" class=\"attachment-gallery size-gallery\" alt=\"projet schutzenberger schiltigheim\" data-full-url=\"https:\/\/pokaa.fr\/wp-content\/uploads\/2025\/02\/07\/capture-decran-2025-02-06-a-140131.png\" decoding=\"async\" loading=\"lazy\"  \/>            <\/p>\n<p>                <img width=\"667\" height=\"500\" src=\"https:\/\/www.europesays.com\/fr\/wp-content\/uploads\/2025\/08\/img-6271-grande-667x500.jpeg\" class=\"attachment-gallery size-gallery\" alt=\"brasserie schutzenberger schiltigheim\" data-full-url=\"https:\/\/pokaa.fr\/wp-content\/uploads\/2025\/01\/28\/img-6271-grande.jpeg\" decoding=\"async\" loading=\"lazy\"  \/>            <\/p>\n<p>                    1. \u00a9 Agence ANMA \/ Document remis ; 2. \u00a9 Nicolas Kaspar \/ Pokaa<\/p>\n<p class=\"p4\">Concernant la partie r\u00e9sidentielle, <strong>entre<\/strong> <b>180 et 200 logements maximum sont projet\u00e9s sur le site, soit environ 80 logements par hectare, principalement situ\u00e9s dans sa partie nord-ouest<\/b>. Le projet pourra proposer des logements en accession sociale s\u00e9curis\u00e9e, mais \u00e9galement du logement locatif pour s\u00e9niors.<\/p>\n<p class=\"p4\"><b>Les types de logements favoris\u00e9s seraient principalement les grands T2 pour les jeunes actifs, ou les T4 pour les familles<\/b>. Par ailleurs, un parking souterrain de 250 places maximum est \u00e9galement pr\u00e9vu pour l\u2019offre de stationnement.<\/p>\n<p>                <img width=\"1028\" height=\"500\" src=\"https:\/\/www.europesays.com\/fr\/wp-content\/uploads\/2025\/08\/capture-decran-2025-02-06-a-140158-1028x500.png\" class=\"attachment-gallery size-gallery\" alt=\"projet schutzenberger schiltigheim\" data-full-url=\"https:\/\/pokaa.fr\/wp-content\/uploads\/2025\/02\/07\/capture-decran-2025-02-06-a-140158.png\" decoding=\"async\" loading=\"lazy\"  \/>            <\/p>\n<p>                <img width=\"667\" height=\"500\" src=\"https:\/\/www.europesays.com\/fr\/wp-content\/uploads\/2025\/08\/img-6270-grande-667x500.jpeg\" class=\"attachment-gallery size-gallery\" alt=\"brasserie schutzenberger schiltigheim\" data-full-url=\"https:\/\/pokaa.fr\/wp-content\/uploads\/2025\/01\/28\/img-6270-grande.jpeg\" decoding=\"async\" loading=\"lazy\"  \/>            <\/p>\n<p>                    1. \u00a9 Agence ANMA \/ Document remis ; 2. \u00a9 Nicolas Kaspar \/ Pokaa<\/p>\n<p>Quel calendrier pour le projet ?<\/p>\n<p class=\"p4\">Avec l\u2019enqu\u00eate publique, le projet de r\u00e9habilitation de la brasserie Sch\u00fctzenberger entre dans une phase d\u00e9cisive. <a href=\"https:\/\/www.registre-dematerialise.fr\/6462\/\" target=\"_blank\" rel=\"noopener\">Sur cette page<\/a>, celles et ceux int\u00e9ress\u00e9(e)s par le projet peuvent s\u2019informer, lire les documents pr\u00e9sent\u00e9s et donner leur avis, jusqu\u2019au 26 septembre. <strong>Pour les plus curieux\/ses, une visite de la brasserie Sch\u00fctzenberger est m\u00eame propos\u00e9e au public le samedi 13 septembre 2025 \u00e0 partir de 10h<\/strong>.<\/p>\n<p class=\"p4\">Par la suite, le commissaire enqu\u00eateur rendra ses conclusions et son rapport durant le mois d\u2019octobre. Si l\u2019avis est positif, ou positif avec r\u00e9serves, <b>la Ville de Schiltigheim et l\u2019Eurom\u00e9tropole d\u00e9battront sur les d\u00e9lib\u00e9rations au mois de d\u00e9cembre, portant sur l\u2019int\u00e9r\u00eat g\u00e9n\u00e9ral du projet Sch\u00fctzenberger et l\u2019approbation de la mise en compatibilit\u00e9 du Plan local d\u2019urbanisme<\/b>. Enfin, d\u00e9but 2026, il sera possible de s\u2019opposer \u00e0 la proc\u00e9dure. Un projet qui se poursuivra ensuite dans le prochain mandat.<\/p>\n<p>    <img width=\"800\" height=\"600\" src=\"https:\/\/www.europesays.com\/fr\/wp-content\/uploads\/2025\/08\/schutz-9-copie-800x600.jpg\" class=\"attachment-image-size-L size-image-size-L\" alt=\"brasserie Sch\u00fctzenberger\" decoding=\"async\" loading=\"lazy\"  \/>         \u00a9 Niko67000 &#8211; Wikip\u00e9dia \/ Capture d&rsquo;\u00e9cran <\/p>\n","protected":false},"excerpt":{"rendered":"Accueil \/ Info locale \/ H\u00f4tel, food court, 180 logements : \u00e0 Schiltigheim, quel futur pour la brasserie&hellip;\n","protected":false},"author":2,"featured_media":348438,"comment_status":"","ping_status":"","sticky":false,"template":"","format":"standard","meta":{"footnotes":""},"categories":[2820],"tags":[1111,11,48480,1777,674,1011,27,775,12,25,5512,640],"class_list":{"0":"post-348437","1":"post","2":"type-post","3":"status-publish","4":"format-standard","5":"has-post-thumbnail","7":"category-strasbourg","8":"tag-actu","9":"tag-actualites","10":"tag-brasserie-schutzenberger","11":"tag-eu","12":"tag-europe","13":"tag-fr","14":"tag-france","15":"tag-grand-est","16":"tag-news","17":"tag-republique-francaise","18":"tag-schiltigheim","19":"tag-strasbourg"},"share_on_mastodon":{"url":"https:\/\/pubeurope.com\/@fr\/115102660142568982","error":""},"_links":{"self":[{"href":"https:\/\/www.europesays.com\/fr\/wp-json\/wp\/v2\/posts\/348437","targetHints":{"allow":["GET"]}}],"collection":[{"href":"https:\/\/www.europesays.com\/fr\/wp-json\/wp\/v2\/posts"}],"about":[{"href":"https:\/\/www.europesays.com\/fr\/wp-json\/wp\/v2\/types\/post"}],"author":[{"embeddable":true,"href":"https:\/\/www.europesays.com\/fr\/wp-json\/wp\/v2\/users\/2"}],"replies":[{"embeddable":true,"href":"https:\/\/www.europesays.com\/fr\/wp-json\/wp\/v2\/comments?post=348437"}],"version-history":[{"count":0,"href":"https:\/\/www.europesays.com\/fr\/wp-json\/wp\/v2\/posts\/348437\/revisions"}],"wp:featuredmedia":[{"embeddable":true,"href":"https:\/\/www.europesays.com\/fr\/wp-json\/wp\/v2\/media\/348438"}],"wp:attachment":[{"href":"https:\/\/www.europesays.com\/fr\/wp-json\/wp\/v2\/media?parent=348437"}],"wp:term":[{"taxonomy":"category","embeddable":true,"href":"https:\/\/www.europesays.com\/fr\/wp-json\/wp\/v2\/categories?post=348437"},{"taxonomy":"post_tag","embeddable":true,"href":"https:\/\/www.europesays.com\/fr\/wp-json\/wp\/v2\/tags?post=348437"}],"curies":[{"name":"wp","href":"https:\/\/api.w.org\/{rel}","templated":true}]}}