{"id":348439,"date":"2025-08-27T20:39:17","date_gmt":"2025-08-27T20:39:17","guid":{"rendered":"https:\/\/www.europesays.com\/fr\/348439\/"},"modified":"2025-08-27T20:39:17","modified_gmt":"2025-08-27T20:39:17","slug":"une-camionette-sencastre-sous-un-pont-pres-de-strasbourg-des-perturbations-en-cours","status":"publish","type":"post","link":"https:\/\/www.europesays.com\/fr\/348439\/","title":{"rendered":"Une camionette s&rsquo;encastre sous un pont pr\u00e8s de Strasbourg, des perturbations en cours"},"content":{"rendered":"<p>            Par<br \/>\n        <strong><br \/>\n            <a href=\"https:\/\/actu.fr\/auteur\/redaction-strasbourg\" title=\"Consulter tous les articles de R\u00e9daction Strasbourg\" rel=\"nofollow noopener\" target=\"_blank\">R\u00e9daction Strasbourg<\/a><br \/>\n        <\/strong><\/p>\n<p>        Publi\u00e9 le<\/p>\n<p>            27 ao\u00fbt 2025 \u00e0 18h38        <\/p>\n<p>Le secteur est \u00e0 \u00e9viter en cette fin d\u2019apr\u00e8s-midi du 27\u00a0ao\u00fbt. Une camionnette <strong>s\u2019est encastr\u00e9e sous le pont du nouveau passage de Geispolsheim,<\/strong> pr\u00e8s de <a href=\"https:\/\/actu.fr\/strasbourg\/\" rel=\"nofollow noopener\" target=\"_blank\">Strasbourg<\/a>. En cons\u00e9quence, des <strong>bouchons sont en cours dans le secteur de la Vigie<\/strong>.<\/p>\n<p>La camionnette a perdu toute sa cellule arri\u00e8re<\/p>\n<p class=\" wall-content\">En raison de sa hauteur trop importante par rapport \u00e0 celle du pont situ\u00e9 sous une ligne ferroviaire<strong>, la camionnette a perdu toute sa cellule arri\u00e8re.<\/strong><\/p>\n<p>    <a href=\"https:\/\/www.facebook.com\/plugins\/post.php?href=https%3A%2F%2Fwww.facebook.com%2FPontduNouveauPassage%2Fposts%2F122126234618929150&amp;show_text=true&amp;width=350\" title=\"Ouvrie le lien\" rel=\"nofollow noopener\" target=\"_blank\">Cliquez ici pour visualiser le contenu<\/a><\/p>\n<p class=\" wall-content\">En cons\u00e9quence,<strong> d\u2019importants bouchons sont en cours<\/strong> en cette fin de journ\u00e9e sur la <strong>D222 et la D484<\/strong> \u00e0 hauteur de la Vigie et du centre commercial E. Leclerc de Geispolsheim.<\/p>\n<p>    <img   decoding=\"async\" loading=\"lazy\" src=\"https:\/\/www.europesays.com\/fr\/wp-content\/uploads\/2025\/08\/design-sans-titre-45-960x640.jpg\" alt=\"Des bouchons sont en cours en cette fin de journ\u00e9e du mercredi 27 ao\u00fbt autour du secteur de la Vigie\/Geisposlsheim.\" width=\"960\" height=\"640\"\/><br \/>\n    Des bouchons sont en cours en cette fin de journ\u00e9e du mercredi 27\u00a0ao\u00fbt autour du secteur de la Vigie\/Geispolsheim. (\u00a9Google Maps)<\/p>\n<p class=\" wall-content\">R\u00e9put\u00e9 pour \u00eatre source d\u2019accidents r\u00e9guliers par des conducteurs inattentifs \u00e0 la hauteur de leur v\u00e9hicule, le pont poss\u00e8de sa propre page Facebook qui r\u00e9pertorie tous les accrochages.<\/p>\n<p class=\" wall-content\">Personnalisez votre actualit\u00e9 en ajoutant vos villes et m\u00e9dias en favori avec <a href=\"https:\/\/moncompte.actu.fr\" title=\"D\u00e9couvez Mon Actu\" rel=\"nofollow noopener\" data-trk=\"{&quot;cta&quot;:{&quot;action&quot;:&quot;https:\\\/\\\/moncompte.actu.fr&quot;,&quot;category&quot;:&quot;mon compte&quot;,&quot;from&quot;:&quot;article footer&quot;,&quot;name&quot;:&quot;Mon actu&quot;,&quot;type&quot;:&quot;cta&quot;}}\" target=\"_blank\">Mon Actu<\/a>.<\/p>\n","protected":false},"excerpt":{"rendered":"Par R\u00e9daction Strasbourg Publi\u00e9 le 27 ao\u00fbt 2025 \u00e0 18h38 Le secteur est \u00e0 \u00e9viter en cette fin&hellip;\n","protected":false},"author":2,"featured_media":348440,"comment_status":"","ping_status":"","sticky":false,"template":"","format":"standard","meta":{"footnotes":""},"categories":[2820],"tags":[119,1111,11,1777,674,118,1011,27,775,12,25,640],"class_list":{"0":"post-348439","1":"post","2":"type-post","3":"status-publish","4":"format-standard","5":"has-post-thumbnail","7":"category-strasbourg","8":"tag-accident","9":"tag-actu","10":"tag-actualites","11":"tag-eu","12":"tag-europe","13":"tag-faits-divers","14":"tag-fr","15":"tag-france","16":"tag-grand-est","17":"tag-news","18":"tag-republique-francaise","19":"tag-strasbourg"},"share_on_mastodon":{"url":"https:\/\/pubeurope.com\/@fr\/115102663600891005","error":""},"_links":{"self":[{"href":"https:\/\/www.europesays.com\/fr\/wp-json\/wp\/v2\/posts\/348439","targetHints":{"allow":["GET"]}}],"collection":[{"href":"https:\/\/www.europesays.com\/fr\/wp-json\/wp\/v2\/posts"}],"about":[{"href":"https:\/\/www.europesays.com\/fr\/wp-json\/wp\/v2\/types\/post"}],"author":[{"embeddable":true,"href":"https:\/\/www.europesays.com\/fr\/wp-json\/wp\/v2\/users\/2"}],"replies":[{"embeddable":true,"href":"https:\/\/www.europesays.com\/fr\/wp-json\/wp\/v2\/comments?post=348439"}],"version-history":[{"count":0,"href":"https:\/\/www.europesays.com\/fr\/wp-json\/wp\/v2\/posts\/348439\/revisions"}],"wp:featuredmedia":[{"embeddable":true,"href":"https:\/\/www.europesays.com\/fr\/wp-json\/wp\/v2\/media\/348440"}],"wp:attachment":[{"href":"https:\/\/www.europesays.com\/fr\/wp-json\/wp\/v2\/media?parent=348439"}],"wp:term":[{"taxonomy":"category","embeddable":true,"href":"https:\/\/www.europesays.com\/fr\/wp-json\/wp\/v2\/categories?post=348439"},{"taxonomy":"post_tag","embeddable":true,"href":"https:\/\/www.europesays.com\/fr\/wp-json\/wp\/v2\/tags?post=348439"}],"curies":[{"name":"wp","href":"https:\/\/api.w.org\/{rel}","templated":true}]}}