{"id":348443,"date":"2025-08-27T20:41:11","date_gmt":"2025-08-27T20:41:11","guid":{"rendered":"https:\/\/www.europesays.com\/fr\/348443\/"},"modified":"2025-08-27T20:41:11","modified_gmt":"2025-08-27T20:41:11","slug":"dans-une-lettre-de-20-pages-ciotti-se-devoile-pour-nice-entre-salves-contre-estrosi-et-propositions","status":"publish","type":"post","link":"https:\/\/www.europesays.com\/fr\/348443\/","title":{"rendered":"dans une lettre de 20 pages, Ciotti se d\u00e9voile pour Nice entre salves contre Estrosi et propositions"},"content":{"rendered":"<p>Apr\u00e8s avoir officialis\u00e9 sa candidature aux \u00e9lections municipales \u00e0 Nice au journal de TF1, \u00c9ric Ciotti a r\u00e9dig\u00e9 un long courrier aux Ni\u00e7ois.<\/p>\n<p class=\"fig-paragraph\">Apr\u00e8s son livre,\u00a0<a href=\"http:\/\/www.lefigaro.fr\/politique\/ce-n-est-pas-la-crise-financiere-qui-a-tue-le-quinquennat-de-nicolas-sarkozy-c-est-lui-meme-les-verites-d-eric-ciotti-20250530\" data-fig-type=\"Article\" data-gtm-custom-categorie=\"navigation\" data-gtm-custom-action=\"crossclick\" data-gtm-custom-label=\"Contextuel\" data-gtm-event=\"customEventSPE\" data-fig-domain=\"LEFIGARO\" target=\"_blank\" rel=\"noopener\">Je ne regrette rien (Fayard)<\/a>, \u00c9ric Ciotti a de nouveau pris la plume pour r\u00e9diger une longue lettre aux Ni\u00e7ois afin d\u2019expliquer les motivations de sa candidature \u00e0 la mairie de Nice,\u00a0<a href=\"http:\/\/www.lefigaro.fr\/elections\/municipales\/municipales-2026-eric-ciotti-officialise-sa-candidature-a-nice-20250827\" data-fig-type=\"NewsFlash\" data-gtm-custom-categorie=\"navigation\" data-gtm-custom-action=\"crossclick\" data-gtm-custom-label=\"Contextuel\" data-gtm-event=\"customEventSPE\" data-fig-domain=\"LEFIGARO\" target=\"_blank\" rel=\"noopener\">qu\u2019il a officialis\u00e9e, ce mercredi, sur TF1<\/a>. En 20 pages, avec comme slogan \u00able meilleur est \u00e0 venir\u00bb, le d\u00e9put\u00e9 et pr\u00e9sident de l\u2019union des droites (UDR) alterne critiques acerbes de la gestion du maire\u00a0<a href=\"http:\/\/www.lefigaro.fr\/nice\/municipales-2026-a-un-an-des-elections-christian-estrosi-deja-en-mode-campagne-a-nice-20250328\" data-fig-type=\"NewsFlash\" data-gtm-custom-categorie=\"navigation\" data-gtm-custom-action=\"crossclick\" data-gtm-custom-label=\"Contextuel\" data-gtm-event=\"customEventSPE\" data-fig-domain=\"LEFIGARO\" target=\"_blank\" rel=\"noopener\">Christian Estrosi<\/a>, son ancien mentor devenu son pire ennemi, et propositions pour la cinqui\u00e8me ville de France.<\/p>\n<p class=\"fig-paragraph\">\u00c9ric Ciotti voit cette \u00e9lection,\u00a0<a href=\"http:\/\/www.lefigaro.fr\/politique\/les-elections-municipales-auront-lieu-les-15-et-22-mars-2026-a-annonce-la-porte-parole-du-gouvernement-20250827\" data-fig-type=\"NewsFlash\" data-gtm-custom-categorie=\"navigation\" data-gtm-custom-action=\"crossclick\" data-gtm-custom-label=\"Contextuel\" data-gtm-event=\"customEventSPE\" data-fig-domain=\"LEFIGARO\" target=\"_blank\" rel=\"noopener\">pr\u00e9vue les 15 et 22 mars 2026<\/a>, comme \u00abd\u00e9cisive\u00bb. Et m\u00eame s\u2019il s\u2019agit d\u2019un scrutin local, il veut aussi l\u2019inclure dans une clarification nationale. \u00abVotre bulletin de vote comptera double\u00a0: il dira non \u00e0 la fuite en avant d\u2019un pouvoir pr\u00e9sidentiel us\u00e9 et oui \u00e0 un nouveau destin pour Nice\u00bb, \u00e9crit-il en r\u00e9f\u00e9rence au ralliement de Christian Estrosi \u00e0 Emmanuel Macron, puis aujourd\u2019hui \u00e0 Horizons, alors qu\u2019ils \u00e9taient \u00e0 l\u2019\u00e9poque tous les deux membres de LR.<\/p>\n<p>                                    <a class=\"fig-a11y-skip a11y-hidden\" href=\"#fig-a11y-skip-main-inarticle\"><br \/>\n        Passer la publicit\u00e9<br \/>\n    <\/a><\/p>\n<p class=\"fig-paragraph\">\u00abNice et les Ni\u00e7ois ne pourraient supporter un quatri\u00e8me mandat aussi ruineux, marqu\u00e9 par des pol\u00e9miques qui ont terni l\u2019image de notre ville [&#8230;] Je vous invite \u00e0 oser sereinement le changement\u00bb, r\u00e9sume \u00c9ric Ciotti. Il assume ainsi son tournant\u00a0<a href=\"http:\/\/www.lefigaro.fr\/politique\/eric-ciotti-la-droite-ne-pourra-plus-jamais-gagner-sans-une-union-claire-avec-le-rassemblement-national-20250605\" data-fig-type=\"Article\" data-gtm-custom-categorie=\"navigation\" data-gtm-custom-action=\"crossclick\" data-gtm-custom-label=\"Contextuel\" data-gtm-event=\"customEventSPE\" data-fig-domain=\"LEFIGARO\" target=\"_blank\" rel=\"noopener\">vers l\u2019UDR<\/a>\u00a0et son alliance avec le Rassemblement national, qu\u2019il veut aussi croire gagnante pour la conqu\u00eate de l\u2019h\u00f4tel de ville du bord de la baie des Anges. Sur X, Jordan Bardella, le pr\u00e9sident du parti \u00e0 la flamme, lui a d\u2019ailleurs apport\u00e9 son soutien.<\/p>\n<p>D\u00e9testation<\/p>\n<p class=\"fig-paragraph\">Ce courrier de 20 pages donne aussi la teneur de la profonde d\u00e9testation de Christian Estrosi et amorce ainsi le duel sanglant \u00e0 venir entre les deux fr\u00e8res ennemis de la C\u00f4te d\u2019Azur. \u00abPolitique bling-bling, irr\u00e9fl\u00e9chie\u00bb, \u00abd\u00e9molisseur le plus co\u00fbteux de France\u00bb, \u00abcommunication extravagante et disproportionn\u00e9e\u00bb, \u00able maire de la dette, des imp\u00f4ts, du provisoire, de l\u2019artificiel\u00bb&#8230; Les accusations s\u2019\u00e9talent sur quasiment toutes les pages. Il n\u2019est plus le Christian Estrosi qu\u2019il a connu comme directeur de cabinet, il s\u2019est \u00abd\u00e9tourn\u00e9 de ses valeurs et de ses promesses pour engager au fil des ann\u00e9es une politique clinquante, hasardeuse, ruineuse, faible\u00bb, \u00e9nonce-t-il comme il fait d\u00e9j\u00e0 depuis quelques ann\u00e9es.<\/p>\n<p class=\"fig-paragraph\">Mais \u00c9ric Ciotti assure que s\u2019il saute le pas d\u2019une candidature, contrairement \u00e0 2020 o\u00f9 il s\u2019\u00e9tait retir\u00e9 au dernier moment, c\u2019est pour \u00abl\u2019amour\u00bb qu\u2019il porte \u00e0 Nice. \u00c0 cette \u00e9poque, d\u00e9j\u00e0, il avait song\u00e9 \u00e0 une lettre pour annoncer sa candidature. Dans les premi\u00e8res pages, le d\u00e9put\u00e9 s\u2019applique ainsi \u00e0 d\u00e9crire, quartier par quartier, la ville et \u00e9voque son \u00abcaract\u00e8re tenace\u00bb par divers profils de Ni\u00e7ois (fleuriste, fonctionnaire, enseignante, caissier, boulanger&#8230;).<\/p>\n<p class=\"fig-paragraph\">\u00abNice est toujours aussi belle, bien s\u00fbr. Mais la politique conduite par la municipalit\u00e9 depuis plusieurs ann\u00e9es l\u2019a rendue moins authentique, moins fraternelle, moins fid\u00e8le \u00e0 elle-m\u00eame et surtout moins s\u00fbre\u00bb, ajoute \u00c9ric Ciotti, d\u00e9non\u00e7ant ainsi une \u00abtransformation brutale, souvent artificielle\u00bb.<\/p>\n<p>\u00abChanger de m\u00e9thode\u00bb<\/p>\n<p class=\"fig-paragraph\">Il promet ainsi un changement \u00abde m\u00e9thode, de rythme, d\u2019\u00e9quipe et surtout, de cap\u00bb avec \u00abune \u00e9quipe d\u00e9j\u00e0 en train de b\u00e2tir un grand projet pour Nice\u00bb. Avec son constat alarmiste, il esquisse une dizaine de propositions. C\u00f4t\u00e9 s\u00e9curit\u00e9, premier point qu\u2019il aborde, \u00c9ric Ciotti veut le \u00abdoublement des effectifs de police municipale sur le terrain\u00bb et souhaite \u00abla construction d\u2019un centre \u00e9ducatif ferm\u00e9 et la cr\u00e9ation d\u2019une cour d\u2019appel \u00e0 Nice\u00bb.<\/p>\n<p>                                    <a class=\"fig-a11y-skip a11y-hidden\" href=\"#fig-a11y-skip-main-inarticle_mtf\"><br \/>\n        Passer la publicit\u00e9<br \/>\n    <\/a><\/p>\n<p class=\"fig-paragraph\">Noir sur blanc, il s\u2019engage ensuite \u00e0 baisser\u00a0<a href=\"http:\/\/www.lefigaro.fr\/nice\/j-assume-ce-choix-a-nice-l-inevitable-hausse-de-la-taxe-fonciere-decidee-par-christian-estrosi-20240329\" data-fig-type=\"NewsFlash\" data-gtm-custom-categorie=\"navigation\" data-gtm-custom-action=\"crossclick\" data-gtm-custom-label=\"Contextuel\" data-gtm-event=\"customEventSPE\" data-fig-domain=\"LEFIGARO\" target=\"_blank\" rel=\"noopener\">la taxe fonci\u00e8re<\/a>\u00a0de 20% \u00abd\u00e8s les premi\u00e8res ann\u00e9es du mandat pour effacer la derni\u00e8re augmentation\u00bb et \u00e0 lancer \u00abun audit complet des finances municipales\u00bb. Cr\u00e8ches suppl\u00e9mentaires, climatisation dans les \u00e9coles, \u00e9tablissements de proximit\u00e9 pour les s\u00e9niors sont aussi \u00e9voqu\u00e9s. La sant\u00e9 sera \u00abune priorit\u00e9 municipale\u00bb, pr\u00e9vient-il encore.<\/p>\n<p class=\"fig-paragraph\">En quelques paragraphes sur l\u2019\u00e9cologie, il d\u00e9nonce une \u00e9ni\u00e8me fois la destruction de l\u2019ancien th\u00e9\u00e2tre et palais des congr\u00e8s Acropolis pour\u00a0<a href=\"http:\/\/www.lefigaro.fr\/nice\/a-nice-la-coulee-verte-symbole-d-une-transformation-urbaine-et-terrain-d-un-affrontement-politique-20231029\" data-fig-type=\"NewsFlash\" data-gtm-custom-categorie=\"navigation\" data-gtm-custom-action=\"crossclick\" data-gtm-custom-label=\"Contextuel\" data-gtm-event=\"customEventSPE\" data-fig-domain=\"LEFIGARO\" target=\"_blank\" rel=\"noopener\">prolonger la \u00abcoul\u00e9e verte\u00bb<\/a>\u00a0en pleine ville. \u00abOn ne v\u00e9g\u00e9talise pas une ville avec quelques arbres en pot et du gazon en plaque sur des dalles de b\u00e9ton\u00bb, raille-t-il. Sur ce volet, il mise davantage sur \u00abla g\u00e9othermie et la thalassothermie\u00bb. Le march\u00e9 d\u2019int\u00e9r\u00eat national (MIN),\u00a0<a href=\"http:\/\/www.lefigaro.fr\/nice\/a-nice-une-partie-du-min-va-demenager-provisoirement-toujours-dans-l-attente-d-une-relocalisation-complete-20250203\" data-fig-type=\"NewsFlash\" data-gtm-custom-categorie=\"navigation\" data-gtm-custom-action=\"crossclick\" data-gtm-custom-label=\"Contextuel\" data-gtm-event=\"customEventSPE\" data-fig-domain=\"LEFIGARO\" target=\"_blank\" rel=\"noopener\">le Rungis de la C\u00f4te d\u2019Azur<\/a>, doit pour lui devenir \u00able centre d\u2019un grand projet \u00e9conomique \u00e0 dimension internationale\u00bb. Il songe aussi \u00e0 la construction d\u2019un nouveau palais des congr\u00e8s et d\u2019exposition,\u00a0<a href=\"http:\/\/www.lefigaro.fr\/nice\/nice-accouche-de-son-nouveau-centre-de-congres-sur-le-port-en-vue-du-sommet-onusien-sur-l-ocean-20250218\" data-fig-type=\"NewsFlash\" data-gtm-custom-categorie=\"navigation\" data-gtm-custom-action=\"crossclick\" data-gtm-custom-label=\"Contextuel\" data-gtm-event=\"customEventSPE\" data-fig-domain=\"LEFIGARO\" target=\"_blank\" rel=\"noopener\">l\u2019actuel au port<\/a>\u00a0\u00e9tant pour lui un \u00abhangar\u00bb.<\/p>\n<p class=\"fig-paragraph\">Il d\u00e9crit la ville comme \u00abendormie culturellement\u00bb et maintient son id\u00e9e de cr\u00e9er\u00a0<a href=\"http:\/\/www.lefigaro.fr\/nice\/a-nice-une-grande-salle-de-theatre-toujours-esperee-dans-le-centre-ville-20250223\" data-fig-type=\"NewsFlash\" data-gtm-custom-categorie=\"navigation\" data-gtm-custom-action=\"crossclick\" data-gtm-custom-label=\"Contextuel\" data-gtm-event=\"customEventSPE\" data-fig-domain=\"LEFIGARO\" target=\"_blank\" rel=\"noopener\">un th\u00e9\u00e2tre<\/a>\u00a0dans\u00a0<a href=\"http:\/\/www.lefigaro.fr\/nice\/a-nice-eric-ciotti-propose-un-nouvel-emplacement-pour-le-theatre-national-demoli-fin-2022-20240704\" data-fig-type=\"Article\" data-gtm-custom-categorie=\"navigation\" data-gtm-custom-action=\"crossclick\" data-gtm-custom-label=\"Contextuel\" data-gtm-event=\"customEventSPE\" data-fig-domain=\"LEFIGARO\" target=\"_blank\" rel=\"noopener\">l\u2019ancienne gare du Sud<\/a>, actuellement une halle gourmande. \u00abVous pouvez compter sur moi comme je sais pouvoir compter sur vous\u00bb, \u00e9crit-il manuscritement \u00e0 la fin de sa lettre, qui va commencer \u00e0 \u00eatre distribu\u00e9e ce jeudi et tout au long d\u2019une longue campagne, o\u00f9 tous les coups s\u2019annoncent permis.<\/p>\n","protected":false},"excerpt":{"rendered":"Apr\u00e8s avoir officialis\u00e9 sa candidature aux \u00e9lections municipales \u00e0 Nice au journal de TF1, \u00c9ric Ciotti a r\u00e9dig\u00e9&hellip;\n","protected":false},"author":2,"featured_media":348444,"comment_status":"","ping_status":"","sticky":false,"template":"","format":"standard","meta":{"footnotes":""},"categories":[2819],"tags":[1111,11,2397,4188,6537,1777,674,1011,27,12,2401,882,25],"class_list":{"0":"post-348443","1":"post","2":"type-post","3":"status-publish","4":"format-standard","5":"has-post-thumbnail","7":"category-nice","8":"tag-actu","9":"tag-actualites","10":"tag-christian-estrosi","11":"tag-elections-municipales","12":"tag-eric-ciotti","13":"tag-eu","14":"tag-europe","15":"tag-fr","16":"tag-france","17":"tag-news","18":"tag-nice","19":"tag-provence-alpes-cote-dazur","20":"tag-republique-francaise"},"share_on_mastodon":{"url":"https:\/\/pubeurope.com\/@fr\/115102671435202978","error":""},"_links":{"self":[{"href":"https:\/\/www.europesays.com\/fr\/wp-json\/wp\/v2\/posts\/348443","targetHints":{"allow":["GET"]}}],"collection":[{"href":"https:\/\/www.europesays.com\/fr\/wp-json\/wp\/v2\/posts"}],"about":[{"href":"https:\/\/www.europesays.com\/fr\/wp-json\/wp\/v2\/types\/post"}],"author":[{"embeddable":true,"href":"https:\/\/www.europesays.com\/fr\/wp-json\/wp\/v2\/users\/2"}],"replies":[{"embeddable":true,"href":"https:\/\/www.europesays.com\/fr\/wp-json\/wp\/v2\/comments?post=348443"}],"version-history":[{"count":0,"href":"https:\/\/www.europesays.com\/fr\/wp-json\/wp\/v2\/posts\/348443\/revisions"}],"wp:featuredmedia":[{"embeddable":true,"href":"https:\/\/www.europesays.com\/fr\/wp-json\/wp\/v2\/media\/348444"}],"wp:attachment":[{"href":"https:\/\/www.europesays.com\/fr\/wp-json\/wp\/v2\/media?parent=348443"}],"wp:term":[{"taxonomy":"category","embeddable":true,"href":"https:\/\/www.europesays.com\/fr\/wp-json\/wp\/v2\/categories?post=348443"},{"taxonomy":"post_tag","embeddable":true,"href":"https:\/\/www.europesays.com\/fr\/wp-json\/wp\/v2\/tags?post=348443"}],"curies":[{"name":"wp","href":"https:\/\/api.w.org\/{rel}","templated":true}]}}