{"id":348445,"date":"2025-08-27T20:42:23","date_gmt":"2025-08-27T20:42:23","guid":{"rendered":"https:\/\/www.europesays.com\/fr\/348445\/"},"modified":"2025-08-27T20:42:23","modified_gmt":"2025-08-27T20:42:23","slug":"une-serie-de-55-cambriolages-resolue-apres-une-operation-policiere-dans-des-bidonvilles-a","status":"publish","type":"post","link":"https:\/\/www.europesays.com\/fr\/348445\/","title":{"rendered":"Une s\u00e9rie de 55\u00a0cambriolages r\u00e9solue apr\u00e8s une op\u00e9ration polici\u00e8re dans des bidonvilles \u00e0"},"content":{"rendered":"<tr wp_automatic_readability=\"5.8922155688623\">\n<td valign=\"middle\" align=\"center\" class=\"col-logo\" wp_automatic_readability=\"5\">\n    <img decoding=\"async\" src=\"https:\/\/maville.com\/design\/images\/logo-of-monetise.svg?version=20130627\" alt=\"logo Ouest-France\" height=\"66\"\/><\/p>\n<p>Contenu r\u00e9serv\u00e9 aux abonn\u00e9s<\/p>\n<\/td>\n<td class=\"col-titre\">\n\t\t\tMercredi 27 ao\u00fbt 2025 19:16<br \/>\n\t\t\t<a class=\"icon-bulle sizeL count\" href=\"#ancreAvis\"><br \/>\n\t&#8230;<br \/>\n<\/a><\/td>\n<\/tr>\n<p>\t\t<a class=\"mavillebox2 elmt-photo\" href=\"https:\/\/maville.com\/photosmvi\/2025\/08\/27\/P35426921D6949108G.jpg\" title=\" L\u2019op\u00e9ration d\u2019interpellations a \u00e9t\u00e9 lanc\u00e9e \u00e0 7\u00a0h, lundi matin, dans les bidonvilles situ\u00e9s quai Emile-Cormerais \u00e0 Saint-Herblain. La CRS 82\u00a0\u00e9tait pr\u00e9sente pour s\u00e9curiser l\u2019op\u00e9ration men\u00e9e par le SLPJ de Nantes.  \u00a9  Mathieu Pattier \/ Ouest France  &lt;!--TAG-BLC credit--&gt;\" rel=\"galerie_actu noopener\" target=\"_blank\"><br \/>\n\t<img decoding=\"async\" src=\"https:\/\/www.europesays.com\/fr\/wp-content\/uploads\/2025\/08\/P35426921D6949108G_crop_640-330_.jpg\" alt=\"photo  l\u2019op\u00e9ration d\u2019interpellations a \u00e9t\u00e9 lanc\u00e9e \u00e0 7\u00a0h, lundi matin, dans les bidonvilles situ\u00e9s quai emile-cormerais \u00e0 saint-herblain. la crs 82\u00a0\u00e9tait pr\u00e9sente pour s\u00e9curiser l\u2019op\u00e9ration men\u00e9e par le slpj de nantes.  \u00a9  mathieu pattier \/ ouest france \"\/><br \/>\n\t1<br \/>\n<\/a><\/p>\n<p class=\"elmt-legende\"> L\u2019op\u00e9ration d\u2019interpellations a \u00e9t\u00e9 lanc\u00e9e \u00e0 7\u00a0h, lundi matin, dans les bidonvilles situ\u00e9s quai Emile-Cormerais \u00e0 Saint-Herblain. La CRS 82\u00a0\u00e9tait pr\u00e9sente pour s\u00e9curiser l\u2019op\u00e9ration men\u00e9e par le SLPJ de Nantes.  \u00a9  Mathieu Pattier \/ Ouest France  <\/p>\n<p>\t\tLes policiers de la CRS 82 et du service local de police judiciaire (SLPJ) de Nantes ont investi des camps, lundi 25\u00a0ao\u00fbt 2025, aux abords de Nantes. Six personnes, dont trois mineurs, ont \u00e9t\u00e9 interpell\u00e9es pour une s\u00e9rie de cambriolages visant des entreprises. Soixante-dix ordinateurs ont \u00e9t\u00e9 retrouv\u00e9s en perquisition. Le pr\u00e9judice des vols s\u2019\u00e9l\u00e8ve \u00e0 400\u00a0000\u00a0\u20ac. Les suspects ont \u00e9t\u00e9 d\u00e9f\u00e9r\u00e9s ce mercredi 27\u00a0ao\u00fbt.<\/p>\n<p><b>Cet article est r\u00e9serv\u00e9 aux abonn\u00e9s<\/b><\/p>\n<p>Pour un acc\u00e8s imm\u00e9diat, abonnez-vous<\/p>\n<p><b>1\u00e8re semaine offerte<\/b><\/p>\n<p>\t\t Thibaud GRASLAND. \u00a0\u00a0<br \/>\n\t\tOuest-France<\/p>\n<p>Retrouvez d&rsquo;autres actus sur les communes de :<\/p>\n<p>\t\t&#13;<\/p>\n","protected":false},"excerpt":{"rendered":"Contenu r\u00e9serv\u00e9 aux abonn\u00e9s Mercredi 27 ao\u00fbt 2025 19:16 &#8230; 1 L\u2019op\u00e9ration d\u2019interpellations a \u00e9t\u00e9 lanc\u00e9e \u00e0 7\u00a0h,&hellip;\n","protected":false},"author":2,"featured_media":348446,"comment_status":"","ping_status":"","sticky":false,"template":"","format":"standard","meta":{"footnotes":""},"categories":[2818],"tags":[48481,1111,11,48483,9462,1777,674,1011,27,766,12,1476,2636,17416,25,48482,521],"class_list":{"0":"post-348445","1":"post","2":"type-post","3":"status-publish","4":"format-standard","5":"has-post-thumbnail","7":"category-nantes","8":"tag-48481","9":"tag-actu","10":"tag-actualites","11":"tag-bidonvilles","12":"tag-cambriolages","13":"tag-eu","14":"tag-europe","15":"tag-fr","16":"tag-france","17":"tag-nantes","18":"tag-news","19":"tag-operation","20":"tag-pays-de-la-loire","21":"tag-policiere","22":"tag-republique-francaise","23":"tag-resolue","24":"tag-serie"},"share_on_mastodon":{"url":"https:\/\/pubeurope.com\/@fr\/115102676071365198","error":""},"_links":{"self":[{"href":"https:\/\/www.europesays.com\/fr\/wp-json\/wp\/v2\/posts\/348445","targetHints":{"allow":["GET"]}}],"collection":[{"href":"https:\/\/www.europesays.com\/fr\/wp-json\/wp\/v2\/posts"}],"about":[{"href":"https:\/\/www.europesays.com\/fr\/wp-json\/wp\/v2\/types\/post"}],"author":[{"embeddable":true,"href":"https:\/\/www.europesays.com\/fr\/wp-json\/wp\/v2\/users\/2"}],"replies":[{"embeddable":true,"href":"https:\/\/www.europesays.com\/fr\/wp-json\/wp\/v2\/comments?post=348445"}],"version-history":[{"count":0,"href":"https:\/\/www.europesays.com\/fr\/wp-json\/wp\/v2\/posts\/348445\/revisions"}],"wp:featuredmedia":[{"embeddable":true,"href":"https:\/\/www.europesays.com\/fr\/wp-json\/wp\/v2\/media\/348446"}],"wp:attachment":[{"href":"https:\/\/www.europesays.com\/fr\/wp-json\/wp\/v2\/media?parent=348445"}],"wp:term":[{"taxonomy":"category","embeddable":true,"href":"https:\/\/www.europesays.com\/fr\/wp-json\/wp\/v2\/categories?post=348445"},{"taxonomy":"post_tag","embeddable":true,"href":"https:\/\/www.europesays.com\/fr\/wp-json\/wp\/v2\/tags?post=348445"}],"curies":[{"name":"wp","href":"https:\/\/api.w.org\/{rel}","templated":true}]}}