{"id":348460,"date":"2025-08-27T20:50:11","date_gmt":"2025-08-27T20:50:11","guid":{"rendered":"https:\/\/www.europesays.com\/fr\/348460\/"},"modified":"2025-08-27T20:50:11","modified_gmt":"2025-08-27T20:50:11","slug":"marie-josee-ordener-et-emmanuel-perrodin-signent-un-livre-consacre-au-couscous","status":"publish","type":"post","link":"https:\/\/www.europesays.com\/fr\/348460\/","title":{"rendered":"Marie-Jos\u00e9e Ordener et Emmanuel Perrodin signent un livre consacr\u00e9 au couscous"},"content":{"rendered":"<p>S\u2019emparer d\u2019une recette, \u00ab\u00a0c\u2019est toujours, plus ou moins, un acte de pirate\u00a0: on vous la raconte, vous en captez l\u2019esprit et apr\u00e8s, vous en faites un peu ce que vous voulez\u00a0\u00bb, consid\u00e8re le chef nomade Emmanuel Perrodin, notamment connu par ici pour \u00eatre l\u2019ordonnateur des <a href=\"https:\/\/www.laprovence.com\/article\/region\/7521783642839114\/bouches-du-rhone-derniere-ligne-droite-pour-reserver-une-place-aux-diners-insolites\" target=\"_blank\" rel=\"nofollow noopener\">D\u00eeners insolites<\/a>. Vu sous cet angle, le livre Couscous\u00a0! Le meilleur c\u2019est celui de ma m\u00e8re, qu\u2019il cosigne aux \u00e9ditions First (photographies de Maki Manoukian) est un sacr\u00e9 abordage avec ses cinquante d\u00e9clinaisons du plat. Dit plus doucement par sa coautrice, Marie-Jos\u00e9e Ordener, cofondatrice des <a href=\"https:\/\/www.laprovence.com\/article\/region\/2818310639270614\/a-la-friche-belle-de-mai-un-diner-solidaire-au-profit-de-sos-mediterranee-le-16-mai\" target=\"_blank\" rel=\"nofollow noopener\">Grandes tables<\/a>, l\u2019ouvrage est un acte \u00ab\u00a0de colporteurs de versions familiales, qu\u2019on a r\u00e9cup\u00e9r\u00e9es un peu partout autour de nous\u00a0\u00bb.<\/p>\n<p>Forbans et colporteurs<\/p>\n<p>On peut \u00eatre forban et avoir une r\u00e8gle de conduite\u00a0: \u00ab\u00a0Nous n\u2019avons jamais rien chang\u00e9 aux recettes qu\u2019on nous a confi\u00e9es, on les a refaites pour les besoins du livre et on les livre telles quelles\u00a0\u00bb, poursuit Marie-Jos\u00e9e Ordener.<\/p>\n<p>L\u2019ouvrage sera officiellement pr\u00e9sent\u00e9 au cours du <a href=\"https:\/\/www.laprovence.com\/article\/food\/50382444655226\/le-festival-kouss-kouss-se-prepare-a-rouler-sa-graine-dans-tout-marseille\" target=\"_blank\" rel=\"nofollow noopener\">festival Kouss-Kouss<\/a>, qui se tient un peu partout en ville jusqu\u2019au 7\u00a0septembre. Et pour coller \u00e0 l\u2019itin\u00e9rance de l\u2019\u00e9v\u00e9nement, Marie-Jos\u00e9e Ordener et Emmanuel Perrodin ont ressorti leur <a href=\"https:\/\/www.laprovence.com\/article\/loisirs\/2310073\/pour-mp-2013-les-carrioles-mettent-les-boucheesdoubles.html\" target=\"_blank\" rel=\"nofollow noopener\">carriole<\/a> (une sp\u00e9&#8230;<\/p>\n","protected":false},"excerpt":{"rendered":"S\u2019emparer d\u2019une recette, \u00ab\u00a0c\u2019est toujours, plus ou moins, un acte de pirate\u00a0: on vous la raconte, vous en&hellip;\n","protected":false},"author":2,"featured_media":348461,"comment_status":"","ping_status":"","sticky":false,"template":"","format":"standard","meta":{"footnotes":""},"categories":[2814],"tags":[17,1111,11,28032,11513,1777,674,1011,27,2003,48484,884,12,48485,48486,882,16,25,19073],"class_list":{"0":"post-348460","1":"post","2":"type-post","3":"status-publish","4":"format-standard","5":"has-post-thumbnail","7":"category-marseille","8":"tag-17","9":"tag-actu","10":"tag-actualites","11":"tag-consacre","12":"tag-emmanuel","13":"tag-eu","14":"tag-europe","15":"tag-fr","16":"tag-france","17":"tag-livre","18":"tag-marie-josee","19":"tag-marseille","20":"tag-news","21":"tag-ordener","22":"tag-perrodin","23":"tag-provence-alpes-cote-dazur","24":"tag-region","25":"tag-republique-francaise","26":"tag-signent"},"share_on_mastodon":{"url":"https:\/\/pubeurope.com\/@fr\/115102706780494240","error":""},"_links":{"self":[{"href":"https:\/\/www.europesays.com\/fr\/wp-json\/wp\/v2\/posts\/348460","targetHints":{"allow":["GET"]}}],"collection":[{"href":"https:\/\/www.europesays.com\/fr\/wp-json\/wp\/v2\/posts"}],"about":[{"href":"https:\/\/www.europesays.com\/fr\/wp-json\/wp\/v2\/types\/post"}],"author":[{"embeddable":true,"href":"https:\/\/www.europesays.com\/fr\/wp-json\/wp\/v2\/users\/2"}],"replies":[{"embeddable":true,"href":"https:\/\/www.europesays.com\/fr\/wp-json\/wp\/v2\/comments?post=348460"}],"version-history":[{"count":0,"href":"https:\/\/www.europesays.com\/fr\/wp-json\/wp\/v2\/posts\/348460\/revisions"}],"wp:featuredmedia":[{"embeddable":true,"href":"https:\/\/www.europesays.com\/fr\/wp-json\/wp\/v2\/media\/348461"}],"wp:attachment":[{"href":"https:\/\/www.europesays.com\/fr\/wp-json\/wp\/v2\/media?parent=348460"}],"wp:term":[{"taxonomy":"category","embeddable":true,"href":"https:\/\/www.europesays.com\/fr\/wp-json\/wp\/v2\/categories?post=348460"},{"taxonomy":"post_tag","embeddable":true,"href":"https:\/\/www.europesays.com\/fr\/wp-json\/wp\/v2\/tags?post=348460"}],"curies":[{"name":"wp","href":"https:\/\/api.w.org\/{rel}","templated":true}]}}