{"id":348464,"date":"2025-08-27T20:52:18","date_gmt":"2025-08-27T20:52:18","guid":{"rendered":"https:\/\/www.europesays.com\/fr\/348464\/"},"modified":"2025-08-27T20:52:18","modified_gmt":"2025-08-27T20:52:18","slug":"wwe-smackdown-lyon-les-stars-du-catch-de-retour-a-larena-de-decines-vendredi","status":"publish","type":"post","link":"https:\/\/www.europesays.com\/fr\/348464\/","title":{"rendered":"WWE SmackDown Lyon : les stars du catch de retour \u00e0 l&rsquo;Arena de D\u00e9cines vendredi !"},"content":{"rendered":"<p>Ce vendredi 29 ao\u00fbt, l&rsquo;Arena de Lyon-D\u00e9cines accueille un show de catch. Les plus grands seront l\u00e0 : John Cena, Cody Rhodes ou encore Randy Orton. Il y a un an, le public lyonnais avait marqu\u00e9 les esprits, avec un retentissement jusqu&rsquo;aux \u00c9tats-Unis.<\/p>\n<p>La<b> WWE Friday Night SmackDown<\/b> se d\u00e9roulera ce vendredi 29 ao\u00fbt, \u00e0 <b>Lyon<\/b>, dans le cadre de la <b>Road to Clash in Paris<\/b>.<\/p>\n<p>D&rsquo;apr\u00e8s les communications de la WWE, toutes les plus grandes stars du catch : <b>John Cena<\/b>, <b>Cody Rhodes<\/b>, <b>Randy Orton<\/b>&#8230;<\/p>\n<p>Le show de catch aura lieu \u00e0<b> l&rsquo;Arena de Lyon<\/b> \u00e0 partir de 19h30, et sera diffus\u00e9 en direct sur la cha\u00eene AB1.<\/p>\n<p>\u201cLa plus grande foule de l&rsquo;histoire\u201d est \u00e0 Lyon, selon John Cena<\/p>\n<p>En mai 2024, Lyon avait accueilli pour la premi\u00e8re fois un gros \u00e9v\u00e9nement de catch.<\/p>\n<p>Et le moins que l&rsquo;on puisse dire, c&rsquo;est que le public lyonnais avait marqu\u00e9 les esprits en faisant un bruit\u00a0\u201cabsolument fou\u201d,\u00a0d&rsquo;apr\u00e8s le catcheur <b>Triple H<\/b>.<\/p>\n<p>C&rsquo;est d&rsquo;ailleurs ce qui ressort <a class=\"url\" href=\"https:\/\/radioscoop.com\/infos\/catch-john-cena-a-hate-d-etre-devant-la-plus-grande-foule-de-l-histoire-a-lyon_335297\" target=\"_blank\" rel=\"noopener\">des propos de la star\u00a0John Cena<\/a>, qui n&rsquo;\u00e9tait m\u00eame pas pr\u00e9sent l&rsquo;ann\u00e9e derni\u00e8re.\u00a0<\/p>\n<blockquote><p>\u201cJ&rsquo;ai \u00e9t\u00e9 face \u00e0 des foules d\u00e9cha\u00een\u00e9es. Mais je n&rsquo;ai jamais \u00e9t\u00e9 face \u00e0 la foule que notre \u00e9quipe actuelle qualifie de la plus grande foule de l&rsquo;histoire de la WWE, \u00e0 Lyon, en France.\u201d<\/p><\/blockquote>\n<p>Il reste encore des places pour rejoindre la plus grande foule de l&rsquo;histoire de la WWE, <a class=\"url\" href=\"https:\/\/billetterie.ldlcarena.com\/fr\/manifestation\/wwe-friday-night-smackdown-billet\/idmanif\/622422\/codtypadh\/FTT\/numadh\/01\/codeconf\/FTMS01\" target=\"_blank\" rel=\"noopener\">sur le site de l&rsquo;Arena<\/a>.<img loading=\"lazy\" decoding=\"async\" src=\"https:\/\/www.europesays.com\/fr\/wp-content\/uploads\/2025\/08\/1756327938_582_img\" width=\"350\" height=\"200\" border=\"0\" title=\"Lyon : encore plein d'\u00c3\u00a9v\u00c3\u00a9nements gratuits et en plein air avant la rentr\u00c3\u00a9e\"\/><\/p>\n<p>\u25baId\u00e9e sortie<\/p>\n<p style=\"font-size: 22px;\"><b>Lyon : quelques id\u00e9es de sortie gratuites et en plein air avant la rentr\u00e9e<\/b><\/p>\n<p>Cet \u00e9t\u00e9, la Ville de Lyon avait pr\u00e9vu 200 \u00e9v\u00e9nements&#8230;<\/p>\n<p><\/p>\n","protected":false},"excerpt":{"rendered":"Ce vendredi 29 ao\u00fbt, l&rsquo;Arena de Lyon-D\u00e9cines accueille un show de catch. Les plus grands seront l\u00e0 :&hellip;\n","protected":false},"author":2,"featured_media":348465,"comment_status":"","ping_status":"","sticky":false,"template":"","format":"standard","meta":{"footnotes":""},"categories":[1889],"tags":[1111,11,13705,2430,48488,1777,674,1011,27,35930,2428,12,48489,25,48490,2053,48487,2051],"class_list":{"0":"post-348464","1":"post","2":"type-post","3":"status-publish","4":"format-standard","5":"has-post-thumbnail","7":"category-lyon","8":"tag-actu","9":"tag-actualites","10":"tag-arena","11":"tag-auvergne-rhone-alpes","12":"tag-cody-rhodes","13":"tag-eu","14":"tag-europe","15":"tag-fr","16":"tag-france","17":"tag-john-cena","18":"tag-lyon","19":"tag-news","20":"tag-randy-orton","21":"tag-republique-francaise","22":"tag-road-to-clash-in-paris","23":"tag-smackdown","24":"tag-triple-h","25":"tag-wwe"},"share_on_mastodon":{"url":"https:\/\/pubeurope.com\/@fr\/115102714729591080","error":""},"_links":{"self":[{"href":"https:\/\/www.europesays.com\/fr\/wp-json\/wp\/v2\/posts\/348464","targetHints":{"allow":["GET"]}}],"collection":[{"href":"https:\/\/www.europesays.com\/fr\/wp-json\/wp\/v2\/posts"}],"about":[{"href":"https:\/\/www.europesays.com\/fr\/wp-json\/wp\/v2\/types\/post"}],"author":[{"embeddable":true,"href":"https:\/\/www.europesays.com\/fr\/wp-json\/wp\/v2\/users\/2"}],"replies":[{"embeddable":true,"href":"https:\/\/www.europesays.com\/fr\/wp-json\/wp\/v2\/comments?post=348464"}],"version-history":[{"count":0,"href":"https:\/\/www.europesays.com\/fr\/wp-json\/wp\/v2\/posts\/348464\/revisions"}],"wp:featuredmedia":[{"embeddable":true,"href":"https:\/\/www.europesays.com\/fr\/wp-json\/wp\/v2\/media\/348465"}],"wp:attachment":[{"href":"https:\/\/www.europesays.com\/fr\/wp-json\/wp\/v2\/media?parent=348464"}],"wp:term":[{"taxonomy":"category","embeddable":true,"href":"https:\/\/www.europesays.com\/fr\/wp-json\/wp\/v2\/categories?post=348464"},{"taxonomy":"post_tag","embeddable":true,"href":"https:\/\/www.europesays.com\/fr\/wp-json\/wp\/v2\/tags?post=348464"}],"curies":[{"name":"wp","href":"https:\/\/api.w.org\/{rel}","templated":true}]}}