{"id":348466,"date":"2025-08-27T20:53:11","date_gmt":"2025-08-27T20:53:11","guid":{"rendered":"https:\/\/www.europesays.com\/fr\/348466\/"},"modified":"2025-08-27T20:53:11","modified_gmt":"2025-08-27T20:53:11","slug":"metropole-de-lyon-au-volant-de-sa-mercedes-drogue-il-fonce-a-plus-de-200-km-h-sur-une-route-limitee-a-90","status":"publish","type":"post","link":"https:\/\/www.europesays.com\/fr\/348466\/","title":{"rendered":"M\u00e9tropole de Lyon. Au volant de sa Mercedes, drogu\u00e9, il fonce \u00e0 plus de 200\u00a0km\/h sur une route limit\u00e9e \u00e0 90"},"content":{"rendered":"<p>Jeudi 21\u00a0ao\u00fbt au soir, les gendarmes de la brigade motoris\u00e9e de Brignais ont r\u00e9alis\u00e9 des contr\u00f4les de vitesse sur la commune de Corbas. Et malheureusement, les r\u00e9sultats de l\u2019op\u00e9ration se sont r\u00e9v\u00e9l\u00e9s d\u00e9sastreux.<\/p>\n<p>Sur une portion de route limit\u00e9e \u00e0 90\u00a0km\/h, les forces de l\u2019ordre ont relev\u00e9 des vitesses de 150, 151 et 160\u00a0km\/h.<\/p>\n<p>  Les \u00ab\u00a0champions\u00a0\u00bb repartent \u00e0 pied<\/p>\n<p>Toutefois, le grand gagnant de la soir\u00e9e est le conducteur d\u2019une Mercedes qualifi\u00e9e de \u00ab\u00a0puissante\u00a0\u00bb par les gendarmes sur les r\u00e9seaux sociaux\u00a0: un bolide qu\u2019il conduisait \u00e0 202\u00a0km\/h, tout en \u00e9tant positif au cannabis.<\/p>\n<p>Tous les conducteurs sont repartis \u00e0 pied avec mise en fourri\u00e8re de leur bolide pour une dur\u00e9e de 7 jours. Ils vont recevoir prochainement la suspension de leur permis pour une dur\u00e9e de 5 \u00e0 9 mois ainsi que la convocation en justice pour le paiement d\u2019une amende qui s\u2019annonce sal\u00e9e.<\/p>\n<p>Face \u00e0 ces comportements dangereux et irresponsables, les gendarmes annoncent une multiplication prochaine des contr\u00f4les de vitesse sur l\u2019ensemble du d\u00e9partement.<\/p>\n","protected":false},"excerpt":{"rendered":"Jeudi 21\u00a0ao\u00fbt au soir, les gendarmes de la brigade motoris\u00e9e de Brignais ont r\u00e9alis\u00e9 des contr\u00f4les de vitesse&hellip;\n","protected":false},"author":2,"featured_media":348467,"comment_status":"","ping_status":"","sticky":false,"template":"","format":"standard","meta":{"footnotes":""},"categories":[1889],"tags":[1111,11,2430,24503,271,272,3152,1777,674,274,107,1011,27,2428,12,18283,25,2429],"class_list":{"0":"post-348466","1":"post","2":"type-post","3":"status-publish","4":"format-standard","5":"has-post-thumbnail","7":"category-lyon","8":"tag-actu","9":"tag-actualites","10":"tag-auvergne-rhone-alpes","11":"tag-corbas","12":"tag-crime","13":"tag-delit-et-contravention","14":"tag-edition-est-lyonnais","15":"tag-eu","16":"tag-europe","17":"tag-faits-divers-justice","18":"tag-fil-info","19":"tag-fr","20":"tag-france","21":"tag-lyon","22":"tag-news","23":"tag-plaine-de-lest","24":"tag-republique-francaise","25":"tag-rhone"},"share_on_mastodon":{"url":"https:\/\/pubeurope.com\/@fr\/115102718748185093","error":""},"_links":{"self":[{"href":"https:\/\/www.europesays.com\/fr\/wp-json\/wp\/v2\/posts\/348466","targetHints":{"allow":["GET"]}}],"collection":[{"href":"https:\/\/www.europesays.com\/fr\/wp-json\/wp\/v2\/posts"}],"about":[{"href":"https:\/\/www.europesays.com\/fr\/wp-json\/wp\/v2\/types\/post"}],"author":[{"embeddable":true,"href":"https:\/\/www.europesays.com\/fr\/wp-json\/wp\/v2\/users\/2"}],"replies":[{"embeddable":true,"href":"https:\/\/www.europesays.com\/fr\/wp-json\/wp\/v2\/comments?post=348466"}],"version-history":[{"count":0,"href":"https:\/\/www.europesays.com\/fr\/wp-json\/wp\/v2\/posts\/348466\/revisions"}],"wp:featuredmedia":[{"embeddable":true,"href":"https:\/\/www.europesays.com\/fr\/wp-json\/wp\/v2\/media\/348467"}],"wp:attachment":[{"href":"https:\/\/www.europesays.com\/fr\/wp-json\/wp\/v2\/media?parent=348466"}],"wp:term":[{"taxonomy":"category","embeddable":true,"href":"https:\/\/www.europesays.com\/fr\/wp-json\/wp\/v2\/categories?post=348466"},{"taxonomy":"post_tag","embeddable":true,"href":"https:\/\/www.europesays.com\/fr\/wp-json\/wp\/v2\/tags?post=348466"}],"curies":[{"name":"wp","href":"https:\/\/api.w.org\/{rel}","templated":true}]}}