{"id":348468,"date":"2025-08-27T20:54:22","date_gmt":"2025-08-27T20:54:22","guid":{"rendered":"https:\/\/www.europesays.com\/fr\/348468\/"},"modified":"2025-08-27T20:54:22","modified_gmt":"2025-08-27T20:54:22","slug":"paris-et-lile-de-france-places-en-vigilance-orange-une-crue-majeure-attendue-en-seine-et-marne","status":"publish","type":"post","link":"https:\/\/www.europesays.com\/fr\/348468\/","title":{"rendered":"Paris et l\u2019\u00cele-de-France plac\u00e9s en vigilance orange, une crue majeure attendue en Seine-et-Marne"},"content":{"rendered":"<p>Les <a href=\"https:\/\/www.20minutes.fr\/societe\/4114577-20241009-direct-tempete-kirk-rafales-vent-plus-200-km-h-secouent-pyrenees-atlantiques\" class=\"c-link c-link--is-underlined\" target=\"_blank\" rel=\"noopener\">pluies diluviennes<\/a> qui s\u2019abattent ce mercredi sur <a href=\"https:\/\/www.20minutes.fr\/dossier\/ile-de-france\" class=\"c-link c-link--is-underlined\" target=\"_blank\" rel=\"noopener\">l\u2019\u00cele-de-France<\/a> confirment les pr\u00e9visions de <a href=\"https:\/\/www.20minutes.fr\/planete\/4114479-20241009-meteo-france-face-depression-kirk-25-departements-places-vigilance-orange-mercredi\" class=\"c-link c-link--is-underlined\" target=\"_blank\" rel=\"noopener\">M\u00e9t\u00e9o-France<\/a>, qui a plac\u00e9 la r\u00e9gion en <a href=\"https:\/\/www.20minutes.fr\/paris\/4106089-20240817-meteo-france-place-six-departements-franciliens-vigilance-orange-pluie-inondation\" class=\"c-link c-link--is-underlined\" target=\"_blank\" rel=\"noopener\">vigilance orange pluie-inondation<\/a> ce mercredi, et ce, jusqu\u2019\u00e0 3 heures du matin jeudi 10\u00a0octobre.<\/p>\n<p>La <a href=\"https:\/\/www.20minutes.fr\/societe\/4114248-20241008-orages-44-departements-toujours-vigilance-jaune-mardi-ecoles-fermees-sud\" class=\"c-link c-link--is-underlined\" target=\"_blank\" rel=\"noopener\">d\u00e9pression Kirk<\/a> doit apporter tout au long de la journ\u00e9e des cumuls de pluie tr\u00e8s importants sur toute la r\u00e9gion qui devraient s\u2019accentuer jusqu\u2019\u00e0 cette nuit de mercredi \u00e0 jeudi.<\/p>\n<p>Risque de crue de la rivi\u00e8re du Grand Morin en Seine-et-Marne<\/p>\n<p>Dans certaines zones de la r\u00e9gion parisienne, M\u00e9t\u00e9o-France annonce des cumuls qui pourraient approcher les 100 millim\u00e8tres en vingt-quatre heures. Notamment en <a href=\"https:\/\/www.20minutes.fr\/societe\/seine-et-marne\/\" class=\"c-link c-link--is-underlined\" target=\"_blank\" rel=\"noopener\">Seine-et-Marne<\/a> o\u00f9 la <a href=\"https:\/\/www.20minutes.fr\/societe\/4112340-20240927-seine-marne-sous-eaux-vigilance-orange-maintenue\" class=\"c-link c-link--is-underlined\" target=\"_blank\" rel=\"noopener\">rivi\u00e8re du Grand Morin<\/a> pourrait atteindre un niveau proche des quatre m\u00e8tres et causer des crues records. M\u00e9t\u00e9o-France a d\u2019ailleurs plac\u00e9 la zone en vigilance orange <a href=\"https:\/\/www.20minutes.fr\/dossier\/crue\" class=\"c-link c-link--is-underlined\" target=\"_blank\" rel=\"noopener\">crue<\/a>.<\/p>\n<p>Selon <a href=\"https:\/\/www.vigicrues.gouv.fr\/\" target=\"_blank\" class=\"c-link c-link--is-underlined\" rel=\"noopener\">Vigicrues<\/a>, les pr\u00e9cipitations pr\u00e9vues \u00e9galeront environ un mois de pluie en l\u2019espace d\u2019une journ\u00e9e et on peut s\u2019attendre \u00e0 \u00ab\u00a0une hausse du niveau du tron\u00e7on \u00e0 partir du milieu de journ\u00e9e\u00a0\u00bb.<\/p>\n<p>Des rafales de vent jusqu\u2019\u00e0 50\u00a0km\/h<\/p>\n<p>Des rafales de vent sont aussi attendues en fin de journ\u00e9e dans toute la r\u00e9gion, notamment en <a href=\"https:\/\/www.20minutes.fr\/societe\/essonne\/\" class=\"c-link c-link--is-underlined\" target=\"_blank\" rel=\"noopener\">Essonne<\/a>, dans les Yvelines et en Seine-et-Marne o\u00f9 on pourrait subir des rafales de vent avec des pointes \u00e0 50\u00a0km\/h.<\/p>\n<p class=\"mb-xxl@xs color-ultramarine font-weight-semi-bold@xs font-source-serif-pro heading-s@xs\">L\u2019acc\u00e8s \u00e0 ce contenu a \u00e9t\u00e9 bloqu\u00e9 afin de respecter votre choix de consentement<\/p>\n<p class=\"mb-m@xs text-l@xs\">En cliquant sur\u00ab J\u2019accepte \u00bb, vous acceptez le d\u00e9p\u00f4t de cookies par des services externes et aurez ainsi acc\u00e8s aux contenus de nos partenaires.<\/p>\n<p class=\"mb-xl@xs text-s@xs\">Plus d\u2019informations sur la page<a href=\"https:\/\/www.20minutes.fr\/gestion-cookies\" class=\"mx-xxs@xs color-ultramarine\" target=\"_blank\" rel=\"noopener\">Politique de gestion des cookies<\/a><\/p>\n<p>J\u2019accepte<\/p>\n<p>Ainsi, les parcs et les jardins du Grand Paris Seine Ouest, qui regroupe les communes de Boulogne-Billancourt, Chaville, Issy-les-Moulineaux, Marnes-la-Coquette, Meudon, S\u00e8vres, Vanves et Ville-d\u2019Avray, sont ferm\u00e9s depuis 11 heures ce mercredi.<\/p>\n<p>C\u2019est \u00e9galement le cas dans le <a href=\"https:\/\/www.20minutes.fr\/dossier\/val_d_oise\" class=\"c-link c-link--is-underlined\" target=\"_blank\" rel=\"noopener\">Val-d\u2019Oise<\/a>, \u00e0 Argenteuil o\u00f9 la ville a ferm\u00e9 ses parcs et jardins.<\/p>\n<p>Les transports en commun probablement perturb\u00e9s<\/p>\n<p>\u00c0 <a href=\"https:\/\/www.20minutes.fr\/paris\/\" class=\"c-link c-link--is-underlined\" target=\"_blank\" rel=\"noopener\">Paris<\/a>, si la ville n\u2019a pas encore ferm\u00e9 les parcs, la mairie appelle les habitants \u00e0 faire attention, et \u00e0 s\u2019\u00e9loigner \u00ab\u00a0des cours d\u2019eau et des points bas\u00a0\u00bb et \u00e0 \u00e9viter de s\u2019engager sur les routes immerg\u00e9es \u00ab\u00a0m\u00eame partiellement\u00a0\u00bb.<\/p>\n<\/p>\n<p>Des perturbations pourraient \u00e9galement \u00eatre constat\u00e9es dans les transports en commun \u00e0 Paris et en \u00cele-de-France. Sur son site Internet, <a href=\"https:\/\/www.transilien.com\/fr\" rel=\"nofollow noopener\" target=\"_blank\" class=\"c-link c-link--is-underlined\">Transilien<\/a> pr\u00e9vient et annonce que \u00ab\u00a0les fortes pluies de la d\u00e9pression Kirk risquent de perturber le trafic\u00a0\u00bb en r\u00e9gion francilienne. Plusieurs gares de RER ou du r\u00e9seau Transilien ainsi que certaines stations de m\u00e9tro pourraient \u00eatre inond\u00e9es et devenir inaccessibles.<\/p>\n","protected":false},"excerpt":{"rendered":"Les pluies diluviennes qui s\u2019abattent ce mercredi sur l\u2019\u00cele-de-France confirment les pr\u00e9visions de M\u00e9t\u00e9o-France, qui a plac\u00e9 la&hellip;\n","protected":false},"author":2,"featured_media":348469,"comment_status":"","ping_status":"","sticky":false,"template":"","format":"standard","meta":{"footnotes":""},"categories":[1592],"tags":[1111,11,30200,11295,1936,1777,674,1011,27,662,4458,2357,12,626,4459,2119,1306,25,1937,12443,2292],"class_list":{"0":"post-348468","1":"post","2":"type-post","3":"status-publish","4":"format-standard","5":"has-post-thumbnail","7":"category-ile-de-france","8":"tag-actu","9":"tag-actualites","10":"tag-boulogne-billancourt","11":"tag-crue","12":"tag-essonne","13":"tag-eu","14":"tag-europe","15":"tag-fr","16":"tag-france","17":"tag-ile-de-france","18":"tag-inondation","19":"tag-meteo-france","20":"tag-news","21":"tag-paris","22":"tag-pluie","23":"tag-previsions-meteo","24":"tag-regions","25":"tag-republique-francaise","26":"tag-seine-et-marne","27":"tag-transilien","28":"tag-val-doise"},"share_on_mastodon":{"url":"https:\/\/pubeurope.com\/@fr\/115102722551268989","error":""},"_links":{"self":[{"href":"https:\/\/www.europesays.com\/fr\/wp-json\/wp\/v2\/posts\/348468","targetHints":{"allow":["GET"]}}],"collection":[{"href":"https:\/\/www.europesays.com\/fr\/wp-json\/wp\/v2\/posts"}],"about":[{"href":"https:\/\/www.europesays.com\/fr\/wp-json\/wp\/v2\/types\/post"}],"author":[{"embeddable":true,"href":"https:\/\/www.europesays.com\/fr\/wp-json\/wp\/v2\/users\/2"}],"replies":[{"embeddable":true,"href":"https:\/\/www.europesays.com\/fr\/wp-json\/wp\/v2\/comments?post=348468"}],"version-history":[{"count":0,"href":"https:\/\/www.europesays.com\/fr\/wp-json\/wp\/v2\/posts\/348468\/revisions"}],"wp:featuredmedia":[{"embeddable":true,"href":"https:\/\/www.europesays.com\/fr\/wp-json\/wp\/v2\/media\/348469"}],"wp:attachment":[{"href":"https:\/\/www.europesays.com\/fr\/wp-json\/wp\/v2\/media?parent=348468"}],"wp:term":[{"taxonomy":"category","embeddable":true,"href":"https:\/\/www.europesays.com\/fr\/wp-json\/wp\/v2\/categories?post=348468"},{"taxonomy":"post_tag","embeddable":true,"href":"https:\/\/www.europesays.com\/fr\/wp-json\/wp\/v2\/tags?post=348468"}],"curies":[{"name":"wp","href":"https:\/\/api.w.org\/{rel}","templated":true}]}}