{"id":348476,"date":"2025-08-27T20:58:09","date_gmt":"2025-08-27T20:58:09","guid":{"rendered":"https:\/\/www.europesays.com\/fr\/348476\/"},"modified":"2025-08-27T20:58:09","modified_gmt":"2025-08-27T20:58:09","slug":"a-paris-accord-en-vue-entre-les-republicains-et-rachida-dati","status":"publish","type":"post","link":"https:\/\/www.europesays.com\/fr\/348476\/","title":{"rendered":"\u00c0 Paris, accord en vue entre les R\u00e9publicains et Rachida Dati"},"content":{"rendered":"<p class=\"paragraph text_align_left lp-f-body-02\">C\u2019est un petit incendie qui s\u2019\u00e9tait d\u00e9clar\u00e9 au c\u0153ur de l\u2019\u00e9t\u00e9, un de ces<a href=\"https:\/\/www.leparisien.fr\/elections\/legislatives\/legislative-partielle-a-paris-la-rivalite-entre-rachida-dati-et-michel-barnier-met-lr-sens-dessus-dessous-24-08-2025-SIRP37QUIBADHDQFTFA4B6NHZE.php\" target=\"_blank\" rel=\"noreferrer nofollow noopener\"> psychodrames internes<\/a> dont Les R\u00e9publicains n\u2019ont pas le monopole, mais pour lesquels ils d\u00e9tiennent un savoir-faire certain. Et qui doit normalement prendre fin ce jeudi soir.<\/p>\n<p class=\"paragraph text_align_left lp-f-body-02\">Le parti de <a href=\"https:\/\/www.leparisien.fr\/politique\/bruno-retailleau\/\" target=\"_blank\" rel=\"noreferrer nofollow noopener\">Bruno Retailleau<\/a> y a convoqu\u00e9 une commission nationale d\u2019investiture (CNI) extraordinaire, dont le seul objectif est de mettre un terme \u00e0 la crise parisienne de laquelle il redoutait de ne jamais sortir. Objectif du rendez-vous : investir officiellement <a href=\"https:\/\/www.leparisien.fr\/politique\/rachida-dati\/\" target=\"_blank\" rel=\"noreferrer nofollow noopener\">Rachida Dati<\/a> comme la candidate LR \u00e0 la mairie de Paris. Et acter, c\u2019est la partie tacite de l\u2019accord qui s\u2019est nou\u00e9 ces derniers jours, que la maire du VIIe arrondissement de Paris renonce \u00e0 se pr\u00e9senter \u00e0 l\u2019\u00e9lection l\u00e9gislative partielle dans la 2e circonscription de la capitale, face \u00e0 l\u2019ancien Premier ministre<a href=\"authentication.leparisien.fr\/connexion\/?redirect_url=https:\/\/www.leparisien.fr\/politique\/michel-barnier\/\" target=\"_self\" rel=\"\"> Michel Barnier<\/a>.<\/p>\n","protected":false},"excerpt":{"rendered":"C\u2019est un petit incendie qui s\u2019\u00e9tait d\u00e9clar\u00e9 au c\u0153ur de l\u2019\u00e9t\u00e9, un de ces psychodrames internes dont Les&hellip;\n","protected":false},"author":2,"featured_media":348477,"comment_status":"","ping_status":"","sticky":false,"template":"","format":"standard","meta":{"footnotes":""},"categories":[1888],"tags":[11,1777,674,1011,27,12,626,316,25],"class_list":{"0":"post-348476","1":"post","2":"type-post","3":"status-publish","4":"format-standard","5":"has-post-thumbnail","7":"category-paris","8":"tag-actualites","9":"tag-eu","10":"tag-europe","11":"tag-fr","12":"tag-france","13":"tag-news","14":"tag-paris","15":"tag-politique","16":"tag-republique-francaise"},"share_on_mastodon":{"url":"https:\/\/pubeurope.com\/@fr\/115102738269703777","error":""},"_links":{"self":[{"href":"https:\/\/www.europesays.com\/fr\/wp-json\/wp\/v2\/posts\/348476","targetHints":{"allow":["GET"]}}],"collection":[{"href":"https:\/\/www.europesays.com\/fr\/wp-json\/wp\/v2\/posts"}],"about":[{"href":"https:\/\/www.europesays.com\/fr\/wp-json\/wp\/v2\/types\/post"}],"author":[{"embeddable":true,"href":"https:\/\/www.europesays.com\/fr\/wp-json\/wp\/v2\/users\/2"}],"replies":[{"embeddable":true,"href":"https:\/\/www.europesays.com\/fr\/wp-json\/wp\/v2\/comments?post=348476"}],"version-history":[{"count":0,"href":"https:\/\/www.europesays.com\/fr\/wp-json\/wp\/v2\/posts\/348476\/revisions"}],"wp:featuredmedia":[{"embeddable":true,"href":"https:\/\/www.europesays.com\/fr\/wp-json\/wp\/v2\/media\/348477"}],"wp:attachment":[{"href":"https:\/\/www.europesays.com\/fr\/wp-json\/wp\/v2\/media?parent=348476"}],"wp:term":[{"taxonomy":"category","embeddable":true,"href":"https:\/\/www.europesays.com\/fr\/wp-json\/wp\/v2\/categories?post=348476"},{"taxonomy":"post_tag","embeddable":true,"href":"https:\/\/www.europesays.com\/fr\/wp-json\/wp\/v2\/tags?post=348476"}],"curies":[{"name":"wp","href":"https:\/\/api.w.org\/{rel}","templated":true}]}}