{"id":348480,"date":"2025-08-27T21:00:12","date_gmt":"2025-08-27T21:00:12","guid":{"rendered":"https:\/\/www.europesays.com\/fr\/348480\/"},"modified":"2025-08-27T21:00:12","modified_gmt":"2025-08-27T21:00:12","slug":"leurope-et-macron-affichent-leur-soutien-determine-a-la-moldavie-face-a-la-russie","status":"publish","type":"post","link":"https:\/\/www.europesays.com\/fr\/348480\/","title":{"rendered":"L\u2019Europe et Macron affichent leur \u00ab\u00a0soutien d\u00e9termin\u00e9\u00a0\u00bb \u00e0 la Moldavie face \u00e0 la Russie"},"content":{"rendered":"<p>Une d\u00e9monstration de force symbolique : Friedrich Merz, Emmanuel Macron et Donald Tusk ont apport\u00e9, mercredi \u00e0 Chisinau, un \u00ab soutien d\u00e9termin\u00e9 \u00bb \u00e0 la Moldavie en vue de son <a href=\"https:\/\/www.letelegramme.fr\/monde\/la-moldavie-veut-entrer-dans-lunion-europeenne-des-que-possible-pour-se-proteger-de-la-russie-5777249.php\" target=\"_blank\" rel=\"nofollow noopener\">adh\u00e9sion \u00e0 l\u2019Union europ\u00e9enne<\/a> face aux \u00ab mensonges \u00bb et aux \u00ab ing\u00e9rences \u00bb de Moscou, \u00e0 la veille d\u2019une campagne \u00e9lectorale cruciale.<\/p>\n<p>\u00ab La porte de l\u2019Union europ\u00e9enne est ouverte \u00bb \u00e0 la Moldavie, a lanc\u00e9 le chancelier allemand aux c\u00f4t\u00e9s du pr\u00e9sident fran\u00e7ais, du Premier ministre polonais et de la pr\u00e9sidente moldave, la pro-europ\u00e9enne Maia Sandu.<\/p>\n<p>La France va \u00ab apporter un soutien d\u00e9termin\u00e9 \u00e0 la Moldavie au cours des prochaines \u00e9tapes de son parcours vers l\u2019adh\u00e9sion \u00bb \u00e0 l\u2019Union europ\u00e9enne, a promis pour sa part Emmanuel Macron.<\/p>\n<blockquote class=\"twitter-tweet\">\n<p lang=\"ro\" dir=\"ltr\">Ast\u0103zi, la Chi\u0219in\u0103u, s\u0103rb\u0103torim Ziua Independen\u021bei Republicii Moldova, moment care marcheaz\u0103 intrarea \u021b\u0103rii \u00een epoca suveranit\u0103\u021bii \u0219i a libert\u0103\u021bii reg\u0103site.<\/p>\n<p>Un orizont comun ne une\u0219te: Europa, prietenia, solidaritatea \u0219i \u00eencrederea \u00een viitor. <a href=\"https:\/\/t.co\/HUip3MpXrn\" rel=\"nofollow\">pic.twitter.com\/HUip3MpXrn<\/a><\/p>\n<p>\u2014 Emmanuel Macron (@EmmanuelMacron) <a href=\"https:\/\/twitter.com\/EmmanuelMacron\/status\/1960735180835913990?ref_src=twsrc%5Etfw\" rel=\"nofollow noopener\" target=\"_blank\">August 27, 2025<\/a><\/p><\/blockquote>\n<p>Anniversaire de l\u2019ind\u00e9pendance moldave<\/p>\n<p>Le chef de l\u2019\u00c9tat fran\u00e7ais a \u00e9voqu\u00e9 une \u00ab chance historique \u00bb pour cette ex-r\u00e9publique sovi\u00e9tique de 2,6 millions d\u2019habitants frontali\u00e8re de l\u2019UE mais aussi de l\u2019Ukraine en guerre.<\/p>\n<p>La date n\u2019a pas \u00e9t\u00e9 choisie au hasard : les dirigeants des trois pays que les diplomates surnomment le \u00ab Triangle de Weimar \u00bb participeront dans la soir\u00e9e au 34e anniversaire de l\u2019ind\u00e9pendance moldave et s\u2019adresseront \u00e0 la foule r\u00e9unie pour un m\u00e9gaconcert dans la capitale Chisinau.<\/p>\n<p>Et ce \u00e0 la veille du d\u00e9but de la campagne officielle pour les \u00e9lections l\u00e9gislatives de fin septembre troubl\u00e9es, selon la Moldavie et ses alli\u00e9s europ\u00e9ens, par des \u00ab<a href=\"https:\/\/www.letelegramme.fr\/monde\/moldavie-macron-denonce-des-tentatives-russes-de-plus-en-plus-desinhibees-de-destabilisation-6775984.php\" target=\"_blank\" rel=\"nofollow noopener\"> ing\u00e9rences<\/a> \u00bb de Moscou pour faire basculer cet \u00c9tat dans son camp.<\/p>\n<p>Friedrich Merz y a fait directement r\u00e9f\u00e9rence en affirmant que, d\u2019ores et d\u00e9j\u00e0, \u00ab pas un jour ne se passe sans des attaques hybrides massives de la part de la Russie \u00bb. \u00ab La d\u00e9mocratie moldave est sur la sellette \u00bb, a-t-il accus\u00e9.<\/p>\n<p>\u00ab Signal fort \u00bb<\/p>\n<p>\u00ab L\u00e0 o\u00f9 renaissent des vell\u00e9it\u00e9s de venir fausser le jeu de votre d\u00e9mocratie, l\u00e0 o\u00f9, nous le voyons \u00e0 vos portes, les fronti\u00e8res sont contest\u00e9es, la souverainet\u00e9 des peuples bafou\u00e9e \u00bb, \u00ab nous venons, si je puis dire, \u00e0 visage d\u00e9couvert, vous dire la confiance que nous avons dans l\u2019avenir \u00bb, a martel\u00e9 Emmanuel Macron.<\/p>\n<p>Selon lui, \u00ab la propagande du Kremlin nous explique que les Europ\u00e9ens souhaitent prolonger <a href=\"https:\/\/www.letelegramme.fr\/monde\/guerre-ukraine-russie\/\" target=\"_blank\" rel=\"nofollow noopener\">la guerre<\/a> et que l\u2019Union europ\u00e9enne opprime les peuples \u00bb. \u00ab Ce sont des mensonges \u00bb, a-t-il mis en garde.<\/p>\n<p>La pr\u00e9sidente Sandu, r\u00e9\u00e9lue en novembre 2024, a salu\u00e9 la pr\u00e9sence du trio, qui \u00ab d\u00e9montre non seulement votre soutien pour la Moldavie mais aussi que le projet europ\u00e9en continue et que nous en faisons partie \u00bb.<\/p>\n<p>\u00ab Il n\u2019y a pas d\u2019alternative \u00e0 l\u2019Europe \u00bb pour la Moldavie \u00e0 un moment o\u00f9 \u00ab notre ind\u00e9pendance, notre souverainet\u00e9 et notre paix sont mises \u00e0 l\u2019\u00e9preuve peut-\u00eatre plus que jamais \u00bb, a-t-elle lanc\u00e9.<\/p>\n<p>Crainte d\u2019ing\u00e9rence russe<\/p>\n<p>\u00ab Cette visite est vraiment un signal fort du soutien \u00e0 la Moldavie et elle adresse un message symbolique \u00e0 la Russie, \u00e0 savoir que les principaux pays europ\u00e9ens se pr\u00e9occupent de ce qui se passe ici \u00bb, estime l\u2019analyste politique Valeriu Pasha, du cercle de r\u00e9flexion Watchdog, \u00e0 Chisinau.<\/p>\n<p>Pour lui, le parti Action et solidarit\u00e9 (PAS) de la pr\u00e9sidente Sandu devrait arriver en t\u00eate des l\u00e9gislatives mais le r\u00e9sultat est difficile \u00e0 pr\u00e9dire en raison de \u00ab l\u2019\u00e9norme ing\u00e9rence russe \u00bb, aliment\u00e9e par \u00ab des sommes folles d\u2019argent \u00bb, sur fond de crise \u00e9conomique et d\u2019inflation \u00e9lev\u00e9e.<\/p>\n<p>La cheffe de l\u2019\u00c9tat, pro-europ\u00e9enne, a accus\u00e9, fin juillet, la Russie de mener une op\u00e9ration complexe et coordonn\u00e9e d\u2019ing\u00e9rence \u00ab sans pr\u00e9c\u00e9dent \u00bb pour \u00ab contr\u00f4ler \u00bb son pays, frontalier de l\u2019UE, \u00ab d\u00e8s l\u2019automne \u00bb. Tout cela en recourant \u00e0 des m\u00e9canismes d\u2019achat de votes et de financements avec des \u00ab cryptomonnaies \u00bb, \u00ab 100 millions d\u2019euros \u00bb \u00e9tant pr\u00e9vus \u00e0 cet effet, a-t-elle alors d\u00e9nonc\u00e9, pointant \u00e9galement du doigt la responsabilit\u00e9 de la plateforme Telegram.<\/p>\n<p>La France met en avant sa coop\u00e9ration, renforc\u00e9e en mars \u00e0 l\u2019occasion de la derni\u00e8re visite qu\u2019y a effectu\u00e9e Maia Sandu, pour lutter contre les ing\u00e9rences num\u00e9riques, via l\u2019agence fran\u00e7aise Viginium.<\/p>\n<p>Si le trio europ\u00e9en assure vouloir se concentrer sur le soutien \u00e0 la Moldavie, le d\u00e9placement ensemble de ces dirigeants se d\u00e9roule \u00e0 un moment o\u00f9 la diplomatie t\u00e2tonne sur le dossier ukrainien.<\/p>\n<p>Deux semaines apr\u00e8s le sommet entre Donald Trump et Vladimir Poutine, l\u2019acc\u00e9l\u00e9ration subite vers de possibles n\u00e9gociations de paix semble d\u00e9j\u00e0 marquer le pas et le sujet sera forc\u00e9ment \u00e9voqu\u00e9 en marge des s\u00e9quences officielles \u00e0 Chisinau.<\/p>\n<p><script async src=\"https:\/\/platform.twitter.com\/widgets.js\" charset=\"utf-8\"><\/script><\/p>\n","protected":false},"excerpt":{"rendered":"Une d\u00e9monstration de force symbolique : Friedrich Merz, Emmanuel Macron et Donald Tusk ont apport\u00e9, mercredi \u00e0 Chisinau,&hellip;\n","protected":false},"author":2,"featured_media":348481,"comment_status":"","ping_status":"","sticky":false,"template":"","format":"standard","meta":{"footnotes":""},"categories":[1591],"tags":[11,1073,765,674,1887,2069,74,12,1885,1886,132,364],"class_list":{"0":"post-348480","1":"post","2":"type-post","3":"status-publish","4":"format-standard","5":"has-post-thumbnail","7":"category-russie","8":"tag-actualites","9":"tag-emmanuel-macron","10":"tag-en-continu","11":"tag-europe","12":"tag-federation-de-russie","13":"tag-guerre-ukraine-russie","14":"tag-monde","15":"tag-news","16":"tag-russia","17":"tag-russian-federation","18":"tag-russie","19":"tag-union-europeenne"},"share_on_mastodon":{"url":"https:\/\/pubeurope.com\/@fr\/115102746234716649","error":""},"_links":{"self":[{"href":"https:\/\/www.europesays.com\/fr\/wp-json\/wp\/v2\/posts\/348480","targetHints":{"allow":["GET"]}}],"collection":[{"href":"https:\/\/www.europesays.com\/fr\/wp-json\/wp\/v2\/posts"}],"about":[{"href":"https:\/\/www.europesays.com\/fr\/wp-json\/wp\/v2\/types\/post"}],"author":[{"embeddable":true,"href":"https:\/\/www.europesays.com\/fr\/wp-json\/wp\/v2\/users\/2"}],"replies":[{"embeddable":true,"href":"https:\/\/www.europesays.com\/fr\/wp-json\/wp\/v2\/comments?post=348480"}],"version-history":[{"count":0,"href":"https:\/\/www.europesays.com\/fr\/wp-json\/wp\/v2\/posts\/348480\/revisions"}],"wp:featuredmedia":[{"embeddable":true,"href":"https:\/\/www.europesays.com\/fr\/wp-json\/wp\/v2\/media\/348481"}],"wp:attachment":[{"href":"https:\/\/www.europesays.com\/fr\/wp-json\/wp\/v2\/media?parent=348480"}],"wp:term":[{"taxonomy":"category","embeddable":true,"href":"https:\/\/www.europesays.com\/fr\/wp-json\/wp\/v2\/categories?post=348480"},{"taxonomy":"post_tag","embeddable":true,"href":"https:\/\/www.europesays.com\/fr\/wp-json\/wp\/v2\/tags?post=348480"}],"curies":[{"name":"wp","href":"https:\/\/api.w.org\/{rel}","templated":true}]}}