{"id":34850,"date":"2025-04-18T20:26:09","date_gmt":"2025-04-18T20:26:09","guid":{"rendered":"https:\/\/www.europesays.com\/fr\/34850\/"},"modified":"2025-04-18T20:26:09","modified_gmt":"2025-04-18T20:26:09","slug":"ce-petit-village-du-lot-et-garonne-rend-hommage-a-un-soldat-mort-en-captivite-en-allemagne","status":"publish","type":"post","link":"https:\/\/www.europesays.com\/fr\/34850\/","title":{"rendered":"Ce petit village du Lot-et-Garonne rend hommage \u00e0 un soldat mort en captivit\u00e9 en Allemagne"},"content":{"rendered":"<p>            Par<br \/>\n        <strong><br \/>\n            <a href=\"https:\/\/actu.fr\/auteur\/lvigue\" title=\"Consulter tous les articles de Lucie Vigu\u00e9\" target=\"_blank\" rel=\"noopener\">Lucie Vigu\u00e9<\/a><br \/>\n        <\/strong><\/p>\n<p>        Publi\u00e9 le<\/p>\n<p>            18 avr. 2025 \u00e0 20h04        <\/p>\n<p>Son histoire est tragique. Emile Rigaud, n\u00e9 \u00e0 <a href=\"https:\/\/actu.fr\/nouvelle-aquitaine\/brugnac_47042\/dans-ce-petit-village-pres-de-tonneins-cette-ferme-ne-fait-pas-sa-charcuterie-comme-les-autres_61306026.html\" target=\"_blank\" rel=\"noopener\">Brugna<\/a>c en 1918 en <b>Lot-et-Garonne<\/b>, est mort le 6\u00a0f\u00e9vrier 1942 en Allemagne apr\u00e8s 3\u00a0ans de captivit\u00e9. Sa tombe a \u00e9t\u00e9 refaite r\u00e9cemment par<b> le Souvenir Fran\u00e7ais, <\/b>toujours prompt \u00e0 maintenir la m\u00e9moire de ceux qui sont<b> tomb\u00e9s pour la France<\/b>. Une c\u00e9r\u00e9monie est organis\u00e9e ce samedi 19\u00a0avril 2025, \u00e0 10\u2009h\u200930, au Monument aux morts du village.<\/p>\n<p>Une tombe digne de son sacrifice<\/p>\n<p class=\" wall-content\">La tombe de ce soldat,<b> inhum\u00e9 au cimeti\u00e8re du village<\/b>, \u00e9tait tr\u00e8s d\u00e9labr\u00e9e. \u00ab\u2009Il fallait qu\u2019on fasse quelque chose. Il n\u2019avait qu\u2019un tas de vieilles pierres et de cailloux\u2009\u00bb soupire Michel Bazas, pr\u00e9sident de la section Tonneins-Le Mas du Souvenir Fran\u00e7ais.<\/p>\n<p>      <img   decoding=\"async\" loading=\"lazy\" class=\"size-large\" src=\"https:\/\/www.europesays.com\/fr\/wp-content\/uploads\/2025\/04\/dd43e62752086b153e62752088553ev-960x640.jpg\" alt=\"Depuis 1951, Emile Rigaud est inhum\u00e9 dans le cimeti\u00e8re du village de Brugnac. Elle a \u00e9t\u00e9 r\u00e9cemment restaur\u00e9e par le Souvenir Fran\u00e7ais.\" width=\"960\" height=\"640\"\/><br \/>\n    Depuis 1951, Emile Rigaud est inhum\u00e9 dans le cimeti\u00e8re du village de Brugnac. Elle a \u00e9t\u00e9 r\u00e9cemment restaur\u00e9e par le Souvenir Fran\u00e7ais. \u00a9Le R\u00e9publicain 47 \u2013 LV<\/p>\n<p class=\" wall-content\">L\u2019association a alors r\u00e9alis\u00e9 un bel ouvrage, digne d\u2019un soldat qui a sacrifi\u00e9 sa vie pour la libert\u00e9. \u00ab\u2009C\u2019est notre r\u00f4le, surtout quand ils n\u2019ont pas de descendance\u2026 On fait \u00e7a pour ne pas les oublier. Ils sont trop nombreux les morts de 42 ou m\u00eame plus r\u00e9cemment, qu\u2019on oublie\u2009\u00bb poursuit Michel Bazas.<\/p>\n<p>Mort pour la France<\/p>\n<p class=\" wall-content\">Emile Rigaud est n\u00e9 \u00e0 Brugnac le 4\u00a0ao\u00fbt 1918. \u00c0 19\u00a0ans, alors qu\u2019il travaille sur la ferme familiale de Barruteau, il est <a href=\"https:\/\/actu.fr\/tag\/seconde-guerre-mondiale\" target=\"_blank\" rel=\"noopener\">mobilis\u00e9 et envoy\u00e9 en Allemagne<\/a>. <b>Fait prisonnier en 1940, <\/b>il d\u00e9c\u00e8de en captivit\u00e9 le 6\u00a0f\u00e9vrier 1942, d\u2019un \u0153d\u00e8me pulmonaire. Il n\u2019a que 23\u00a0ans.<\/p>\n<p>Vid\u00e9os : en ce moment sur Actu<\/p>\n<p class=\" wall-content\">Enterr\u00e9 une premi\u00e8re fois dans <b>le cimeti\u00e8re fran\u00e7ais de Sagan en Allemagne<\/b>, son corps est rapatri\u00e9 \u00e0 Brugnac en septembre\u00a01951. \u00ab\u2009Emile Rigaud repose sur sa terre natale, il demeure li\u00e9 \u00e0 <b>la m\u00e9moire collective de notre village<\/b>\u2009\u00bb explique Jacqueline Pr\u00e9v\u00f4t, maire de Brugnac.<\/p>\n<p class=\" wall-content\">Cette c\u00e9r\u00e9monie renforcera ce lien entre ce soldat mort pour la France et le village.<\/p>\n<p>C\u00e9r\u00e9monie en m\u00e9moire d\u2019Emile Rigaud, ce samedi 19\u00a0avril 2025 \u00e0 10\u2009h\u200930 \u00e0 Brugnac.<\/p>\n<p class=\" wall-content\">Suivez toute l\u2019actualit\u00e9 de vos villes et m\u00e9dias favoris en vous inscrivant \u00e0 <a href=\"https:\/\/moncompte.actu.fr\" title=\"D\u00e9couvez Mon Actu\" rel=\"nofollow noopener\" data-trk=\"{&quot;cta&quot;:{&quot;action&quot;:&quot;https:\\\/\\\/moncompte.actu.fr&quot;,&quot;category&quot;:&quot;mon compte&quot;,&quot;from&quot;:&quot;article footer&quot;,&quot;name&quot;:&quot;Mon actu&quot;,&quot;type&quot;:&quot;cta&quot;}}\" target=\"_blank\">Mon Actu<\/a>.<\/p>\n","protected":false},"excerpt":{"rendered":"Par Lucie Vigu\u00e9 Publi\u00e9 le 18 avr. 2025 \u00e0 20h04 Son histoire est tragique. Emile Rigaud, n\u00e9 \u00e0&hellip;\n","protected":false},"author":2,"featured_media":34851,"comment_status":"","ping_status":"","sticky":false,"template":"","format":"standard","meta":{"footnotes":""},"categories":[1587],"tags":[11,672,1804,1805,1803,1777,674,1801,12,1802,935,104],"class_list":{"0":"post-34850","1":"post","2":"type-post","3":"status-publish","4":"format-standard","5":"has-post-thumbnail","7":"category-allemagne","8":"tag-actualites","9":"tag-allemagne","10":"tag-bundesrepublik-deutschland","11":"tag-de","12":"tag-deutschland","13":"tag-eu","14":"tag-europe","15":"tag-germany","16":"tag-news","17":"tag-republique-federale-dallemagne","18":"tag-seconde-guerre-mondiale","19":"tag-societe"},"share_on_mastodon":{"url":"https:\/\/pubeurope.com\/@fr\/114360849768092506","error":""},"_links":{"self":[{"href":"https:\/\/www.europesays.com\/fr\/wp-json\/wp\/v2\/posts\/34850","targetHints":{"allow":["GET"]}}],"collection":[{"href":"https:\/\/www.europesays.com\/fr\/wp-json\/wp\/v2\/posts"}],"about":[{"href":"https:\/\/www.europesays.com\/fr\/wp-json\/wp\/v2\/types\/post"}],"author":[{"embeddable":true,"href":"https:\/\/www.europesays.com\/fr\/wp-json\/wp\/v2\/users\/2"}],"replies":[{"embeddable":true,"href":"https:\/\/www.europesays.com\/fr\/wp-json\/wp\/v2\/comments?post=34850"}],"version-history":[{"count":0,"href":"https:\/\/www.europesays.com\/fr\/wp-json\/wp\/v2\/posts\/34850\/revisions"}],"wp:featuredmedia":[{"embeddable":true,"href":"https:\/\/www.europesays.com\/fr\/wp-json\/wp\/v2\/media\/34851"}],"wp:attachment":[{"href":"https:\/\/www.europesays.com\/fr\/wp-json\/wp\/v2\/media?parent=34850"}],"wp:term":[{"taxonomy":"category","embeddable":true,"href":"https:\/\/www.europesays.com\/fr\/wp-json\/wp\/v2\/categories?post=34850"},{"taxonomy":"post_tag","embeddable":true,"href":"https:\/\/www.europesays.com\/fr\/wp-json\/wp\/v2\/tags?post=34850"}],"curies":[{"name":"wp","href":"https:\/\/api.w.org\/{rel}","templated":true}]}}