{"id":348502,"date":"2025-08-27T21:13:10","date_gmt":"2025-08-27T21:13:10","guid":{"rendered":"https:\/\/www.europesays.com\/fr\/348502\/"},"modified":"2025-08-27T21:13:10","modified_gmt":"2025-08-27T21:13:10","slug":"us-open-alexei-popyrin-avant-daffronter-jannik-sinner-au-deuxieme-tour-jai-un-plan-pour-le-battre","status":"publish","type":"post","link":"https:\/\/www.europesays.com\/fr\/348502\/","title":{"rendered":"US Open > Alexei Popyrin, avant d&rsquo;affronter Jannik Sinner au deuxi\u00e8me tour : \u00ab\u00a0J&rsquo;ai un plan pour le battre\u00a0\u00bb"},"content":{"rendered":"<p>Alexei Popyrin n\u2019est pas du genre \u00e0 s\u2019avouer vaincu, m\u00eame avant d\u2019af\u00adfronter le num\u00e9ro 1 mondial, tenant du titre \u00e0 l\u2019US Open et r\u00e9cent vain\u00adqueur de Wimbledon.<\/p>\n<p>Oppos\u00e9 \u00e0 Jannik Sinner ce jeudi au deuxi\u00e8me tour, tr\u00e8s proba\u00adble\u00adment en session de nuit, l\u2019Australien a confi\u00e9 qu\u2019il avait un plan pour battre le presque imbat\u00adtable italien, contre qui il poss\u00e8de un bilan positif suite \u00e0 sa victoire au deuxi\u00e8me tour du Masters 1000 de Madrid\u2026 en 2021. Une \u00e9ter\u00adnit\u00e9 au niveau du circuit prin\u00adcipal mais Alexei y\u00a0croit.\u00a0<\/p>\n<p><strong>\u00ab\u202fIl y a un plan de match pour battre tout le monde. Sur la base de mes exp\u00e9\u00adriences pass\u00e9es contre lui, sur la base de mon match contre lui en janvier (lors d\u2019un match d\u2019ex\u00adhi\u00adbi\u00adtion), j\u2019ai appris quelques petites choses et j\u2019ai une assez bonne m\u00e9moire lors\u00adqu\u2019il s\u2019agit de jouer contre des joueurs. J\u2019ai l\u2019im\u00adpres\u00adsion que si je joue contre eux une fois, je sais \u00e0 quoi m\u2019at\u00adtendre la prochaine fois. D\u2019une certaine mani\u00e8re, j\u2019ai eu de la chance de l\u2019af\u00adfronter cette ann\u00e9e, en janvier. J\u2019ai un plan de jeu et je pense que tout le monde a des faiblesses.\u202f\u00bb<\/strong><\/p>\n<p class=\"post-published-date\" style=\"color: silver; font-size: 75%; text-align: left;\">Publi\u00e9 le mercredi 27 ao\u00fbt 2025 \u00e0 21:45<\/p>\n","protected":false},"excerpt":{"rendered":"Alexei Popyrin n\u2019est pas du genre \u00e0 s\u2019avouer vaincu, m\u00eame avant d\u2019af\u00adfronter le num\u00e9ro 1 mondial, tenant du&hellip;\n","protected":false},"author":2,"featured_media":348503,"comment_status":"","ping_status":"","sticky":false,"template":"","format":"standard","meta":{"footnotes":""},"categories":[1415],"tags":[1011,27,2127,60,1467],"class_list":{"0":"post-348502","1":"post","2":"type-post","3":"status-publish","4":"format-standard","5":"has-post-thumbnail","7":"category-tennis","8":"tag-fr","9":"tag-france","10":"tag-sinner","11":"tag-sports","12":"tag-tennis"},"share_on_mastodon":{"url":"https:\/\/pubeurope.com\/@fr\/115102797166976903","error":""},"_links":{"self":[{"href":"https:\/\/www.europesays.com\/fr\/wp-json\/wp\/v2\/posts\/348502","targetHints":{"allow":["GET"]}}],"collection":[{"href":"https:\/\/www.europesays.com\/fr\/wp-json\/wp\/v2\/posts"}],"about":[{"href":"https:\/\/www.europesays.com\/fr\/wp-json\/wp\/v2\/types\/post"}],"author":[{"embeddable":true,"href":"https:\/\/www.europesays.com\/fr\/wp-json\/wp\/v2\/users\/2"}],"replies":[{"embeddable":true,"href":"https:\/\/www.europesays.com\/fr\/wp-json\/wp\/v2\/comments?post=348502"}],"version-history":[{"count":0,"href":"https:\/\/www.europesays.com\/fr\/wp-json\/wp\/v2\/posts\/348502\/revisions"}],"wp:featuredmedia":[{"embeddable":true,"href":"https:\/\/www.europesays.com\/fr\/wp-json\/wp\/v2\/media\/348503"}],"wp:attachment":[{"href":"https:\/\/www.europesays.com\/fr\/wp-json\/wp\/v2\/media?parent=348502"}],"wp:term":[{"taxonomy":"category","embeddable":true,"href":"https:\/\/www.europesays.com\/fr\/wp-json\/wp\/v2\/categories?post=348502"},{"taxonomy":"post_tag","embeddable":true,"href":"https:\/\/www.europesays.com\/fr\/wp-json\/wp\/v2\/tags?post=348502"}],"curies":[{"name":"wp","href":"https:\/\/api.w.org\/{rel}","templated":true}]}}