{"id":348508,"date":"2025-08-27T21:18:15","date_gmt":"2025-08-27T21:18:15","guid":{"rendered":"https:\/\/www.europesays.com\/fr\/348508\/"},"modified":"2025-08-27T21:18:15","modified_gmt":"2025-08-27T21:18:15","slug":"il-y-a-75-ans-lol-disputait-le-premier-match-de-son-histoire","status":"publish","type":"post","link":"https:\/\/www.europesays.com\/fr\/348508\/","title":{"rendered":"Il y a 75 ans, l&rsquo;OL disputait le premier match de son histoire"},"content":{"rendered":"<p>                            <img width=\"770\" height=\"433\" src=\"https:\/\/www.europesays.com\/fr\/wp-content\/uploads\/2025\/07\/OL-Romane-Thevenot-54-770x433.jpg\" class=\"attachment-article size-article wp-post-image\" alt=\"Ballon OL \u00e0 l'entra\u00eenement\" decoding=\"async\" fetchpriority=\"high\"  \/><\/p>\n<p>Ballon OL \u00e0 l\u2019entra\u00eenement \/ (Cr\u00e9dit : Romane Thevenot)<\/p>\n<p>Le dimanche 27 ao\u00fbt 1950, l&rsquo;OL jouait \u00e0 Gerland face au CA Paris en D2. Une premi\u00e8re historique pour le club lyonnais.<\/p>\n<p>La premi\u00e8re d&rsquo;une longue histoire de football entre Rh\u00f4ne et Sa\u00f4ne\u2026 75 ann\u00e9es que <strong>l&rsquo;OL <\/strong>existe officiellement comme une entit\u00e9 footballistique. <a href=\"https:\/\/www.olympique-et-lyonnais.com\/en-ce-3-aout-lol-fete-ses-75-ans,374050.html\" rel=\"nofollow noopener\" target=\"_blank\">Cr\u00e9\u00e9e le 3 ao\u00fbt<\/a> 1950, le club est n\u00e9 de la division du groupe omnisports<strong> Lyon Olympique Universitaire<\/strong>. Depuis, les Rouge et Bleu n&rsquo;ont cess\u00e9 d&rsquo;\u00e9crire l&rsquo;histoire de cette \u00e9quipe au fur et \u00e0 mesure des d\u00e9cennies, effectif par effectif. <\/p>\n<p>Des bons souvenirs\u2026 comme des moins glorieux. La plus grande r\u00e9ussite du club reste pour le moment les sept titres de champions de France glan\u00e9s \u00e0 la suite (2002-2008). Aucune formation fran\u00e7aise n&rsquo;a r\u00e9ussi une telle performance aujourd&rsquo;hui.<\/p>\n<p>Le 27 ao\u00fbt 1950, une belle f\u00eate \u00e0 Gerland<\/p>\n<p>Il fut un temps durant lequel Oscar <strong>Heisserer <\/strong>\u00e9tait entra\u00eeneur et Georges <strong>Dupraz <\/strong>un joueur de l&rsquo;<strong>Olympique lyonnais<\/strong>. D&rsquo;ailleurs, ce dernier est \u00e0 jamais le premier buteur de l&rsquo;OL. Dans son antre de Gerland, devant 3 000 supporters pour la premi\u00e8re rencontre de l&rsquo;histoire, les Rhodaniens s&rsquo;imposaient face au <strong>Cercle athl\u00e9tique de Paris<\/strong> (3-0). Une partie du championnat de deuxi\u00e8me division qui f\u00eate ce mercredi ses 75 ans, puisqu&rsquo;elle a eu lieu le 27 ao\u00fbt 1950. <\/p>\n<p>Gr\u00e2ce au doubl\u00e9 du milieu offensif Georges <strong>Dupraz <\/strong>et au but d&rsquo;Andrex <strong>Calligaris<\/strong>, les co\u00e9quipiers du capitaine Fr\u00e9d\u00e9ric\u00a0<strong>Woehl <\/strong>ne pouvaient pas mieux entamer leur aventure. Depuis, le club n&rsquo;a cess\u00e9 d&rsquo;\u00e9voluer et de grandir, chapitre par chapitre. Ce dimanche <a href=\"https:\/\/www.olympique-et-lyonnais.com\/un-tolisso-revanchard-avant-ol-om,377071.html\" rel=\"nofollow noopener\" target=\"_blank\">face \u00e0 <strong>l&rsquo;OM<\/strong><\/a><strong> <\/strong>(20h45), les Rhodaniens disputeront le 3 405e match de leur histoire.<\/p>\n","protected":false},"excerpt":{"rendered":"Ballon OL \u00e0 l\u2019entra\u00eenement \/ (Cr\u00e9dit : Romane Thevenot) Le dimanche 27 ao\u00fbt 1950, l&rsquo;OL jouait \u00e0 Gerland&hellip;\n","protected":false},"author":2,"featured_media":286271,"comment_status":"","ping_status":"","sticky":false,"template":"","format":"standard","meta":{"footnotes":""},"categories":[1410],"tags":[63,1011,27,937,241,60],"class_list":{"0":"post-348508","1":"post","2":"type-post","3":"status-publish","4":"format-standard","5":"has-post-thumbnail","7":"category-football","8":"tag-football","9":"tag-fr","10":"tag-france","11":"tag-histoire","12":"tag-ol","13":"tag-sports"},"share_on_mastodon":{"url":"https:\/\/pubeurope.com\/@fr\/115102817015603837","error":""},"_links":{"self":[{"href":"https:\/\/www.europesays.com\/fr\/wp-json\/wp\/v2\/posts\/348508","targetHints":{"allow":["GET"]}}],"collection":[{"href":"https:\/\/www.europesays.com\/fr\/wp-json\/wp\/v2\/posts"}],"about":[{"href":"https:\/\/www.europesays.com\/fr\/wp-json\/wp\/v2\/types\/post"}],"author":[{"embeddable":true,"href":"https:\/\/www.europesays.com\/fr\/wp-json\/wp\/v2\/users\/2"}],"replies":[{"embeddable":true,"href":"https:\/\/www.europesays.com\/fr\/wp-json\/wp\/v2\/comments?post=348508"}],"version-history":[{"count":0,"href":"https:\/\/www.europesays.com\/fr\/wp-json\/wp\/v2\/posts\/348508\/revisions"}],"wp:featuredmedia":[{"embeddable":true,"href":"https:\/\/www.europesays.com\/fr\/wp-json\/wp\/v2\/media\/286271"}],"wp:attachment":[{"href":"https:\/\/www.europesays.com\/fr\/wp-json\/wp\/v2\/media?parent=348508"}],"wp:term":[{"taxonomy":"category","embeddable":true,"href":"https:\/\/www.europesays.com\/fr\/wp-json\/wp\/v2\/categories?post=348508"},{"taxonomy":"post_tag","embeddable":true,"href":"https:\/\/www.europesays.com\/fr\/wp-json\/wp\/v2\/tags?post=348508"}],"curies":[{"name":"wp","href":"https:\/\/api.w.org\/{rel}","templated":true}]}}