{"id":348509,"date":"2025-08-27T21:19:10","date_gmt":"2025-08-27T21:19:10","guid":{"rendered":"https:\/\/www.europesays.com\/fr\/348509\/"},"modified":"2025-08-27T21:19:10","modified_gmt":"2025-08-27T21:19:10","slug":"les-streamers-naruto-et-safine-presents-aux-obseques-de-jp","status":"publish","type":"post","link":"https:\/\/www.europesays.com\/fr\/348509\/","title":{"rendered":"Les streamers Naruto et Safine pr\u00e9sents aux obs\u00e8ques de JP"},"content":{"rendered":"<p class=\"mb-4 text-lg md:leading-8 break-words\">Les obs\u00e8ques de <a data-i13n=\"cpos:1;pos:1\" href=\"https:\/\/www.20minutes.fr\/high-tech\/by-the-web\/4168476-20250819-createur-contenu-jean-pormanove-meurt-direct-stream?at_medium=RSS%20feed&amp;at_campaign=ynews&amp;utm_source=yahoo&amp;utm_medium=rss&amp;utm_campaign=news_feed&amp;utm_content=in_article_link\" rel=\"nofollow noopener\" target=\"_blank\" data-ylk=\"slk:Rapha\u00ebl Graven, alias Jean Pormanove;cpos:1;pos:1;elm:context_link;itc:0;sec:content-canvas\" class=\"link \">Rapha\u00ebl Graven, alias Jean Pormanove<\/a>, se sont d\u00e9roul\u00e9es mercredi apr\u00e8s-midi dans l\u2019intimit\u00e9, pr\u00e8s de <a data-i13n=\"cpos:2;pos:1\" href=\"https:\/\/www.20minutes.fr\/nice\/?at_medium=RSS%20feed&amp;at_campaign=ynews&amp;utm_source=yahoo&amp;utm_medium=rss&amp;utm_campaign=news_feed&amp;utm_content=in_article_link\" rel=\"nofollow noopener\" target=\"_blank\" data-ylk=\"slk:Nice;cpos:2;pos:1;elm:context_link;itc:0;sec:content-canvas\" class=\"link \">Nice<\/a> (Alpes-Maritimes).<\/p>\n<p class=\"mb-4 text-lg md:leading-8 break-words\">Le streamer de 46 ans, dont le d\u00e9c\u00e8s en direct sur la plateforme Kick a choqu\u00e9 des centaines de milliers d\u2019internautes, a \u00e9t\u00e9 accompagn\u00e9 par quelques dizaines de proches, parmi lesquels sa m\u00e8re, son fr\u00e8re mais aussi par les deux vid\u00e9astes avec lesquels il entretenait une relation particuli\u00e8re : Owen Cenazandotti (alias Naruto) et Safine Hamadi.<\/p>\n<p>Avoir \u00ab ce sourire pour JP \u00bb<\/p>\n<p class=\"mb-4 text-lg md:leading-8 break-words\">Apr\u00e8s une mise en bi\u00e8re en d\u00e9but d\u2019apr\u00e8s-midi, la famille et les amis de Jean Pormanove se sont retrouv\u00e9s au cr\u00e9matorium de Nice pour une c\u00e9r\u00e9monie d\u2019un peu plus d\u2019une heure. \u00ab La maman a demand\u00e9 de prendre un moment pour pleurer et d\u2019avoir aussi ce sourire pour JP \u00bb, a confi\u00e9 Abdel Aridi, streamer et proche du d\u00e9funt. \u00ab Il y avait ses amis, ses coll\u00e8gues, tous ceux qui ont particip\u00e9 aux concepts. Pour beaucoup, cela a \u00e9t\u00e9 tr\u00e8s difficile \u00bb<\/p>\n<p class=\"mb-4 text-lg md:leading-8 break-words\"><a data-i13n=\"cpos:3;pos:1\" href=\"https:\/\/www.20minutes.fr\/high-tech\/4168836-20250821-mort-direct-jean-pormanove-safine-narutovie-streamers-presents-moment-deces?at_medium=RSS%20feed&amp;at_campaign=ynews&amp;utm_source=yahoo&amp;utm_medium=rss&amp;utm_campaign=news_feed&amp;utm_content=in_article_link\" rel=\"nofollow noopener\" target=\"_blank\" data-ylk=\"slk:Naruto et Safine;cpos:3;pos:1;elm:context_link;itc:0;sec:content-canvas\" class=\"link \">Naruto et Safine<\/a>, que Jean Pormanove appelait publiquement ses \u00ab petits fr\u00e8res \u00bb, \u00e9taient l\u00e0, malgr\u00e9 <a data-i13n=\"cpos:4;pos:1\" href=\"https:\/\/www.20minutes.fr\/high-tech\/by-the-web\/4168522-20250820-mort-jean-pormanove-humiliations-direct-reseaux-devenues-tendance-legal?at_medium=RSS%20feed&amp;at_campaign=ynews&amp;utm_source=yahoo&amp;utm_medium=rss&amp;utm_campaign=news_feed&amp;utm_content=in_article_link\" rel=\"nofollow noopener\" target=\"_blank\" data-ylk=\"slk:la pol\u00e9mique qui les entoure;cpos:4;pos:1;elm:context_link;itc:0;sec:content-canvas\" class=\"link \">la pol\u00e9mique qui les entoure<\/a>. Les deux jeunes hommes avaient \u00e9t\u00e9 plac\u00e9s en garde \u00e0 vue en janvier dernier, dans le cadre d\u2019une enqu\u00eate ouverte pour \u00ab violences volontaires en r\u00e9union sur personnes vuln\u00e9rables \u00bb, li\u00e9e <a data-i13n=\"cpos:5;pos:1\" href=\"https:\/\/www.20minutes.fr\/high-tech\/by-the-web\/4168875-20250821-mort-jean-pormanove-sevices-appels-aide-passe-pendant-jours-direct-precede-deces?at_medium=RSS%20feed&amp;at_campaign=ynews&amp;utm_source=yahoo&amp;utm_medium=rss&amp;utm_campaign=news_feed&amp;utm_content=in_article_link\" rel=\"nofollow noopener\" target=\"_blank\" data-ylk=\"slk:aux mises en sc\u00e8ne brutales;cpos:5;pos:1;elm:context_link;itc:0;sec:content-canvas\" class=\"link \">aux mises en sc\u00e8ne brutales<\/a> diffus\u00e9es sur la cha\u00eene \u00ab jeanpormanove \u00bb.<\/p>\n<p>Un d\u00e9c\u00e8s pas d\u00fb \u00e0 l\u2019intervention d\u2019un tiers selon l\u2019autopsie<\/p>\n<p class=\"mb-4 text-lg md:leading-8 break-words\">Le 18 ao\u00fbt, Rapha\u00ebl Graven est mort en direct, apr\u00e8s plus de douze jours d\u2019un marathon (&#8230;)<\/p>\n<p class=\"mb-4 text-lg md:leading-8 break-words\"><a data-i13n=\"cpos:6;pos:1\" href=\"https:\/\/www.20minutes.fr\/faits_divers\/4169871-20250827-mort-jean-pormanove-streamers-naruto-safine-presents-obseques-jp?at_medium=RSS%20feed&amp;at_campaign=ynews&amp;utm_source=yahoo&amp;utm_medium=rss&amp;utm_campaign=news_feed&amp;utm_content=read_more_link%22\" rel=\"nofollow noopener\" target=\"_blank\" data-ylk=\"slk:Lire la suite sur 20minutes;cpos:6;pos:1;elm:context_link;itc:0;sec:content-canvas\" class=\"link \">Lire la suite sur 20minutes<\/a><\/p>\n<p>\u00c0 lire aussi :<\/p>\n<p class=\"mb-4 text-lg md:leading-8 break-words\"><a data-i13n=\"cpos:7;pos:1\" href=\"https:\/\/www.20minutes.fr\/high-tech\/4168836-20250821-mort-direct-jean-pormanove-safine-narutovie-streamers-presents-moment-deces?at_medium=RSS%20feed&amp;at_campaign=ynews&amp;utm_source=yahoo&amp;utm_medium=rss&amp;utm_campaign=news_feed&amp;utm_content=related_content_link\" rel=\"nofollow noopener\" target=\"_blank\" data-ylk=\"slk:Mort en direct de Jean Pormanove : Qui sont Safine et Narutovie, les streamers pr\u00e9sents au moment de son d\u00e9c\u00e8s ?;cpos:7;pos:1;elm:context_link;itc:0;sec:content-canvas\" class=\"link \">Mort en direct de Jean Pormanove : Qui sont Safine et Narutovie, les streamers pr\u00e9sents au moment de son d\u00e9c\u00e8s ?<\/a><br \/><a data-i13n=\"cpos:8;pos:1\" href=\"https:\/\/www.20minutes.fr\/justice\/4169025-20250822-mort-jean-pormanove-tout-consenti-avocats-safine-naruto-dedouanent-clients?at_medium=RSS%20feed&amp;at_campaign=ynews&amp;utm_source=yahoo&amp;utm_medium=rss&amp;utm_campaign=news_feed&amp;utm_content=related_content_link\" rel=\"nofollow noopener\" target=\"_blank\" data-ylk=\"slk:Mort de Jean Pormanove : \u00ab Tout \u00e9tait consenti \u00bb\u2026 Les avocats de Safine et Naruto d\u00e9douanent leurs clients;cpos:8;pos:1;elm:context_link;itc:0;sec:content-canvas\" class=\"link \">Mort de Jean Pormanove : \u00ab Tout \u00e9tait consenti \u00bb\u2026 Les avocats de Safine et Naruto d\u00e9douanent leurs clients<\/a><\/p>\n","protected":false},"excerpt":{"rendered":"Les obs\u00e8ques de Rapha\u00ebl Graven, alias Jean Pormanove, se sont d\u00e9roul\u00e9es mercredi apr\u00e8s-midi dans l\u2019intimit\u00e9, pr\u00e8s de Nice&hellip;\n","protected":false},"author":2,"featured_media":348510,"comment_status":"","ping_status":"","sticky":false,"template":"","format":"standard","meta":{"footnotes":""},"categories":[1359],"tags":[58,59,1011,27,47018,48493,48495,48494,48492,973],"class_list":{"0":"post-348509","1":"post","2":"type-post","3":"status-publish","4":"format-standard","5":"has-post-thumbnail","7":"category-people","8":"tag-divertissement","9":"tag-entertainment","10":"tag-fr","11":"tag-france","12":"tag-jean-pormanove","13":"tag-jp","14":"tag-mise-en-biere","15":"tag-naruto","16":"tag-owen-cenazandotti","17":"tag-people"},"share_on_mastodon":{"url":"https:\/\/pubeurope.com\/@fr\/115102820952986184","error":""},"_links":{"self":[{"href":"https:\/\/www.europesays.com\/fr\/wp-json\/wp\/v2\/posts\/348509","targetHints":{"allow":["GET"]}}],"collection":[{"href":"https:\/\/www.europesays.com\/fr\/wp-json\/wp\/v2\/posts"}],"about":[{"href":"https:\/\/www.europesays.com\/fr\/wp-json\/wp\/v2\/types\/post"}],"author":[{"embeddable":true,"href":"https:\/\/www.europesays.com\/fr\/wp-json\/wp\/v2\/users\/2"}],"replies":[{"embeddable":true,"href":"https:\/\/www.europesays.com\/fr\/wp-json\/wp\/v2\/comments?post=348509"}],"version-history":[{"count":0,"href":"https:\/\/www.europesays.com\/fr\/wp-json\/wp\/v2\/posts\/348509\/revisions"}],"wp:featuredmedia":[{"embeddable":true,"href":"https:\/\/www.europesays.com\/fr\/wp-json\/wp\/v2\/media\/348510"}],"wp:attachment":[{"href":"https:\/\/www.europesays.com\/fr\/wp-json\/wp\/v2\/media?parent=348509"}],"wp:term":[{"taxonomy":"category","embeddable":true,"href":"https:\/\/www.europesays.com\/fr\/wp-json\/wp\/v2\/categories?post=348509"},{"taxonomy":"post_tag","embeddable":true,"href":"https:\/\/www.europesays.com\/fr\/wp-json\/wp\/v2\/tags?post=348509"}],"curies":[{"name":"wp","href":"https:\/\/api.w.org\/{rel}","templated":true}]}}