{"id":348513,"date":"2025-08-27T21:21:17","date_gmt":"2025-08-27T21:21:17","guid":{"rendered":"https:\/\/www.europesays.com\/fr\/348513\/"},"modified":"2025-08-27T21:21:17","modified_gmt":"2025-08-27T21:21:17","slug":"litterature-jeunesse-adolescents-nos-conseils-pour-la-fin-dete","status":"publish","type":"post","link":"https:\/\/www.europesays.com\/fr\/348513\/","title":{"rendered":"Litt\u00e9rature jeunesse- adolescents : nos conseils pour la fin d&rsquo;\u00e9t\u00e9"},"content":{"rendered":"<p>| \u00ab\u00a0La Nuit des Treize Plumes\u00a0\u00bb | Isabelle Pandazopoulos |\u00a0\u00c9d. Rageot<\/p>\n<p>Le conte f\u00e9ministe pour ados\u00a0<\/p>\n<p>\u00a0<\/p>\n<p><img decoding=\"async\" alt=\"\" data-amp-height=\"892\" data-amp-width=\"1208\" data-data-cke-saved-src=\"https:\/\/www.europesays.com\/fr\/wp-content\/uploads\/2025\/08\/image\/1371318\/20250823\/ob_d79489_isabelle-pandazopoulos.png\" src=\"https:\/\/www.europesays.com\/fr\/wp-content\/uploads\/2025\/08\/image\/1371318\/20250823\/ob_d79489_isabelle-pandazopoulos.png\"\/><\/p>\n<p>La Nuit des treize plumes, publi\u00e9 aux \u00e9ditions Rageot, raconte l\u2019histoire d\u2019Ondine, princesse rebelle d\u00e9cid\u00e9e \u00e0 fuir le destin impos\u00e9 par son p\u00e8re.<br \/>De fille de tyran, passive et ob\u00e9issante, Ondine s\u2019affranchit des diktats et se bat pour cr\u00e9er son propre chemin. Le roman explore ce que signifie devenir soi-m\u00eame face \u00e0 l\u2019oppression, \u00e0 la famille, \u00e0 la norme.<br \/>\u00c0 une \u00e9poque o\u00f9 beaucoup de jeunes se sentent d\u00e9muni\u00b7es face aux injustices &#8211; \u00e9cologiques, sociales, identitaires -, La Nuit des Treize Plumes montre qu\u2019on peut s\u2019opposer, reconstruire, faire autrement.<\/p>\n<p style=\"text-align: justify;\">Isabelle Pandazopoulos inscrit ce r\u00e9cit dans la tradition des contes cruels tout en interrogeant notre \u00e9poque. Comme le souligne T\u00e9l\u00e9rama, les contes offrent un miroir pour mieux voir et comprendre nos soci\u00e9t\u00e9s.<br \/>L\u2019autrice ausculte ici la violence h\u00e9rit\u00e9e des oppressions faites aux femmes, tout en ouvrant une voie d\u2019\u00e9mancipation pour les adolescentes d\u2019aujourd\u2019hui.<\/p>\n<p style=\"text-align: justify;\">Ce roman, \u00e0 la crois\u00e9e de Jean-Claude Mourlevat (Le Chagrin du roi mort) et de Flore Vesco (D\u2019or et d\u2019oreillers), s\u2019adresse \u00e0 un lectorat adolescent mais touche bien au-del\u00e0, par la force de ses th\u00e8mes et la richesse de son imaginaire.<br \/>\u00a0<\/p>\n<p>&#8212;&#8212;&#8212;&#8212;&#8212;&#8212;&#8212;&#8212;&#8212;&#8212;&#8212;&#8212;&#8212;&#8212;&#8212;&#8212;&#8212;&#8212;&#8212;&#8212;&#8212;&#8212;&#8212;&#8212;&#8212;&#8212;&#8212;&#8212;&#8212;&#8212;&#8212;&#8212;&#8212;&#8212;&#8212;&#8212;&#8212;<\/p>\n<p>Le Monde sauvage Le Renard roux Bauduret Les \u00e9ditions de la gouti\u00e8re\u00a0<\/p>\n<p>\u00a0<\/p>\n<p>UNE BD DOCUMENTAIRE D\u00c8S 4 ANS POUR QUE\u00a0<\/p>\n<p>LE MONDE SAUVAGE\u00a0SOIT \u00c0 PORT\u00c9E DE PATTE !<\/p>\n<p><img decoding=\"async\" alt=\"\" data-amp-height=\"592\" data-amp-width=\"790\" data-data-cke-saved-src=\"https:\/\/www.europesays.com\/fr\/wp-content\/uploads\/2025\/08\/image\/1371318\/20250827\/ob_a16d66_monde-sauvage.png\" src=\"https:\/\/www.europesays.com\/fr\/wp-content\/uploads\/2025\/08\/image\/1371318\/20250827\/ob_a16d66_monde-sauvage.png\"\/><\/p>\n<p>Un renardeau et sa maman se mettent \u00e0 la recherche de nourriture&#8230;\u00a0<\/p>\n<p>Mais lorsque la renarde se retrouve coinc\u00e9e dans un pi\u00e8ge, le petit d\u00e9sormais seul n\u2019a d\u2019autre choix que d\u2019apprendre \u00e0 chasser par lui-m\u00eame !\u00a0<\/p>\n<p>Tiens, il semble y avoir quelque chose d\u2019int\u00e9ressant du c\u00f4t\u00e9 de ce potager\u2026<\/p>\n<p style=\"text-align: justify;\">Pour sa premi\u00e8re bande dessin\u00e9e \u00e0 la Goutti\u00e8re, Sylvain Bauduret (Voltaire et Newton aux \u00e9d. Delcourt) invite \u00e0 suivre l\u2019histoire d\u2019un petit renard orphelin qui cherche sa place au sein d\u2019un environnement hostile, mais surtout aux c\u00f4t\u00e9s du plus dangereux pr\u00e9dateur qui soit : l\u2019humain.\u00a0<\/p>\n<p style=\"text-align: justify;\">Gr\u00e2ce \u00e0 sa narration sans texte parfaitement ma\u00eetris\u00e9e,\u00a0\u00e0 son univers graphique aussi beau que mignon,\u00a0et \u00e0 l\u2019accessibilit\u00e9 de ses pages explicatives,\u00a0Le Monde sauvage saura enchanter enfants et adultes\u00a0pour des moments de lecture partag\u00e9e riches d\u2019\u00e9motions et d\u2019apprentissages\u00a0<\/p>\n<p style=\"text-align: justify;\">Une histoire fictionnelle qui d\u00e9nonce une probl\u00e9matique li\u00e9e \u00e0\u00a0l\u2019impact de l\u2019humain sur la nature (30 pages), ainsi qu\u2019un un dossier p\u00e9dagogique \u00e9crit par le naturaliste et photographe animalier\u00a0Yoann Thionnet (4 pages)<\/p>\n<p><img decoding=\"async\" alt=\"\" data-amp-height=\"330\" data-amp-width=\"860\" data-data-cke-saved-src=\"https:\/\/www.europesays.com\/fr\/wp-content\/uploads\/2025\/08\/image\/1371318\/20250827\/ob_40a7c1_unnamed-16.png\" src=\"https:\/\/www.europesays.com\/fr\/wp-content\/uploads\/2025\/08\/image\/1371318\/20250827\/ob_40a7c1_unnamed-16.png\"\/><\/p>\n<p style=\"text-align: justify;\">Le Renard Roux marque le d\u00e9but d\u2019une s\u00e9rie sans texte \u00e0 destination des plus jeunes lecteurs et lectrices. L\u2019ambition \u00e9tant de sensibiliser les enfants d\u00e8s 4 ans au respect de la nature, du vivant, et des animaux. Ce premier tome aborde les th\u00e9matiques de la chasse et de la biodiversit\u00e9.\u00a0<\/p>\n<p>\u00a0<\/p>\n<p>\u00a0<\/p>\n<p><img decoding=\"async\" alt=\"\" data-amp-height=\"398\" data-amp-width=\"518\" data-data-cke-saved-src=\"https:\/\/www.europesays.com\/fr\/wp-content\/uploads\/2025\/08\/image\/1371318\/20250827\/ob_f2b35d_unnamed-17.png\" src=\"https:\/\/www.europesays.com\/fr\/wp-content\/uploads\/2025\/08\/image\/1371318\/20250827\/ob_f2b35d_unnamed-17.png\"\/><\/p>\n<p>\u00a0<\/p>\n<p><strong>Le lapin et le p\u00eacher\u00a0Kim Jiyun; editions Qilinn\u00a0<\/strong><\/p>\n<p>un tr\u00e8s beau conte cor\u00e9en!!<\/p>\n<p><img decoding=\"async\" alt=\"\" data-amp-height=\"459\" data-amp-width=\"475\" data-data-cke-saved-src=\"https:\/\/www.europesays.com\/fr\/wp-content\/uploads\/2025\/08\/image\/1371318\/20250827\/ob_7ce4b2_9782374931814-1-75.jpg\" src=\"https:\/\/www.europesays.com\/fr\/wp-content\/uploads\/2025\/08\/image\/1371318\/20250827\/ob_7ce4b2_9782374931814-1-75.jpg\"\/><\/p>\n<p>Quelque part, pr\u00e8s d&rsquo;un \u00e9tang, se dresse un v\u00e9n\u00e9rable p\u00eacher. Il ne fleurit que tous les trois mille ans, et il faut attendre encore trois mille ans pour que des p\u00eaches apparaissent, gr\u00e2ce aux soins attentifs d&rsquo;un petit lapin blanc. Mais le lapin s&rsquo;ennuie!<\/p>\n<p>Le p\u00eacher fleurit tous les 3 000 ans et le lapin s\u2019en occupe. Seulement, le petit animal blanc se sent seul et s\u2019ennuie\u2026 Il divague donc \u00e0 d\u2019autres occupations. Des fleurs appara\u00eetront elles tout de m\u00eame sur le p\u00eacher\u00a0?<\/p>\n<p>Les dessins, inspir\u00e9s du style de peinture traditionnel cor\u00e9en appel\u00e9 minhwa (l&rsquo;autrice ayant d&rsquo;abord \u00e9tudi\u00e9 la peinture), sont p\u00e9tillants de couleurs, de motifs et symboles du folklore cor\u00e9en.<\/p>\n<p>C\u2019est un tr\u00e8s beau conte cor\u00e9en aux illustrations presque picturales. Puis une jolie page qui se d\u00e9plie vous attend \u00e0 l\u2019int\u00e9rieur, ainsi qu\u2019une page d\u00e9di\u00e9e au symbolisme des animaux.<\/p>\n","protected":false},"excerpt":{"rendered":"| \u00ab\u00a0La Nuit des Treize Plumes\u00a0\u00bb | Isabelle Pandazopoulos |\u00a0\u00c9d. Rageot Le conte f\u00e9ministe pour ados\u00a0 \u00a0 La&hellip;\n","protected":false},"author":2,"featured_media":348514,"comment_status":"","ping_status":"","sticky":false,"template":"","format":"standard","meta":{"footnotes":""},"categories":[1357],"tags":[1379,58,59,1011,27,1380],"class_list":{"0":"post-348513","1":"post","2":"type-post","3":"status-publish","4":"format-standard","5":"has-post-thumbnail","7":"category-livres","8":"tag-books","9":"tag-divertissement","10":"tag-entertainment","11":"tag-fr","12":"tag-france","13":"tag-livres"},"share_on_mastodon":{"url":"https:\/\/pubeurope.com\/@fr\/115102828901474310","error":""},"_links":{"self":[{"href":"https:\/\/www.europesays.com\/fr\/wp-json\/wp\/v2\/posts\/348513","targetHints":{"allow":["GET"]}}],"collection":[{"href":"https:\/\/www.europesays.com\/fr\/wp-json\/wp\/v2\/posts"}],"about":[{"href":"https:\/\/www.europesays.com\/fr\/wp-json\/wp\/v2\/types\/post"}],"author":[{"embeddable":true,"href":"https:\/\/www.europesays.com\/fr\/wp-json\/wp\/v2\/users\/2"}],"replies":[{"embeddable":true,"href":"https:\/\/www.europesays.com\/fr\/wp-json\/wp\/v2\/comments?post=348513"}],"version-history":[{"count":0,"href":"https:\/\/www.europesays.com\/fr\/wp-json\/wp\/v2\/posts\/348513\/revisions"}],"wp:featuredmedia":[{"embeddable":true,"href":"https:\/\/www.europesays.com\/fr\/wp-json\/wp\/v2\/media\/348514"}],"wp:attachment":[{"href":"https:\/\/www.europesays.com\/fr\/wp-json\/wp\/v2\/media?parent=348513"}],"wp:term":[{"taxonomy":"category","embeddable":true,"href":"https:\/\/www.europesays.com\/fr\/wp-json\/wp\/v2\/categories?post=348513"},{"taxonomy":"post_tag","embeddable":true,"href":"https:\/\/www.europesays.com\/fr\/wp-json\/wp\/v2\/tags?post=348513"}],"curies":[{"name":"wp","href":"https:\/\/api.w.org\/{rel}","templated":true}]}}