{"id":348515,"date":"2025-08-27T21:22:13","date_gmt":"2025-08-27T21:22:13","guid":{"rendered":"https:\/\/www.europesays.com\/fr\/348515\/"},"modified":"2025-08-27T21:22:13","modified_gmt":"2025-08-27T21:22:13","slug":"a-partir-du-29-aout-les-gueux-sur-les-parkings-a-la-rencontre-du-pays-reel","status":"publish","type":"post","link":"https:\/\/www.europesays.com\/fr\/348515\/","title":{"rendered":"\u00c0 partir du 29 ao\u00fbt, les #Gueux sur les parkings, \u00e0 la rencontre du pays r\u00e9el"},"content":{"rendered":"<p>Vendredi 29 ao\u00fbt commencera une semaine de mobilisation pour les Gueux. Et si le mouvement avait d\u00e9but\u00e9 avec les seuls automobilistes et motards comme partenaires organis\u00e9s, bien d\u2019autres organisations l\u2019ont rejoint depuis les premiers rassemblements contre <a href=\"https:\/\/www.bvoltaire.fr\/linvite-avec-les-gueux-contre-les-zfe-il-veut-soulever-la-france\/\" target=\"_blank\" rel=\"noopener nofollow\">les zones \u00e0 faibles \u00e9missions<\/a> (ZFE).<\/p>\n<p>Contact\u00e9 par BV, Alexandre Jardin confirme l\u2019ampleur grandissante d\u2019un mouvement qui vise d\u2019autres objectifs et s\u2019ouvre \u00e0 d\u2019autres organisations socio-professionnelles. \u00ab Les Gueux\u00a0ont r\u00e9ussi \u00e0 f\u00e9d\u00e9rer la plupart des agriculteurs, avec la Coordination rurale, qui nous a rejoints officiellement, mais aussi au-del\u00e0. M\u00eame au sein de la FNSEA, il y a des gens qui se disent, aujourd&rsquo;hui, que cela ne serait pas idiot de r\u00e9fl\u00e9chir ensemble. \u00bb\u00a0La semaine \u00e0 venir va attirer aussi bien d\u2019autres m\u00e9tiers, \u00ab producteurs, commer\u00e7ants, prestataires de services, concern\u00e9s par l\u2019application de la loi PPE3 sur l\u2019\u00e9nergie et le risque d\u2019une tr\u00e8s forte augmentation des factures d\u2019\u00e9lectricit\u00e9, mais porteurs aussi d\u2019autres combats qui leurs sont propres \u00bb.<\/p>\n<p>Quel d\u00e9nominateur commun peut-il donc rassembler un si vaste parterre de professionnels, auquel il faut ajouter les particuliers ? \u00ab On se bat contre les ZFE, on se bat contre la PPE3, les DPE (diagnostic de performance \u00e9nerg\u00e9tique), nous combattons cause apr\u00e8s cause, mais le fil rouge de tout cela, pour les entreprises comme pour les particuliers, c\u2019est le pouvoir d\u2019achat. C\u2019est cela qui nous f\u00e9d\u00e8re tous, pr\u00e9cise le fondateur et animateur des Gueux, pour qui le probl\u00e8me qui se pose est simple : vous voulez consommer fran\u00e7ais, des produits de bonne qualit\u00e9, avoir un niveau de vie correct, ne pas subir un nivellement par le bas ? \u00c7a sous-entend d&rsquo;avoir plus de pouvoir d&rsquo;achat et, donc, de refuser les taxes qu&rsquo;on vous impose, parfois d\u00e9guis\u00e9es, comme le doublement de votre facture d&rsquo;\u00e9lectricit\u00e9. \u00bb<\/p>\n<p>Ras-le-bol des villes et ras-le-bol des champs<\/p>\n<p>Pour la Coordination rurale (CR), renfort de poids dans le dispositif, rejoindre ce dernier \u00e9tait une \u00e9vidence, explique V\u00e9ronique Le Floch \u00e0 BV : \u00ab Aujourd\u2019hui, les agriculteurs sont aussi des gueux. Nous rencontrons les m\u00eames probl\u00e8mes, nous sommes asservis, manipul\u00e9s, comme des marionnettes. \u00bb\u00a0Le ras-le-bol des champs rejoint donc le ras-le-bol des villes\u2026 \u00ab Nous sommes les petites mains, ceux qui nourrissent et font vivre, qui permettent de cr\u00e9er de la valeur ajout\u00e9e. Donc, \u00e0 un moment, \u00e7a suffit, on ne peut plus \u00eatre asphyxi\u00e9 en permanence, \u00eatre manipul\u00e9, subir des charges qui deviennent insupportables, on parle beaucoup d&rsquo;imp\u00f4ts en France, mais il est temps de parler aussi des charges, de l&rsquo;\u00e9lectricit\u00e9, de la PPE 3. \u00bb La CR a mis en place un calendrier qui commencera le 29. \u00ab Nous serons tout d&rsquo;abord \u00e0 la Foire de Ch\u00e2lons, avec pour mot d\u2019ordre \u201cmanger fran\u00e7ais\u201d, parce que cela seulement permet de sauver nos assiettes, nos emplois, notre \u00e9conomie. \u00bb<\/p>\n<p><img fetchpriority=\"high\" decoding=\"async\" aria-describedby=\"caption-attachment-852013\" class=\" wp-image-852013\" src=\"https:\/\/www.europesays.com\/fr\/wp-content\/uploads\/2025\/08\/cr-affiches-29082025-3-310x241.png\" alt=\"\" width=\"362\" height=\"282\"\/><\/p>\n<p id=\"caption-attachment-852013\" class=\"wp-caption-text\">La Coordination rurale a con\u00e7u des visuels sp\u00e9cifiques pour sa campagne de rentr\u00e9e avec les #Gueux.<\/p>\n<p>\u00a0<\/p>\n<p>\u00a0<\/p>\n<p>Une rencontre p\u00e9dagogique avec les Fran\u00e7ais, qui se prolongera, ensuite, un peu partout en France (les rendez-vous seront indiqu\u00e9s <a href=\"https:\/\/www.coordinationrurale.fr\/\" target=\"_blank\" rel=\"noopener nofollow\">sur le site de la CR<\/a>), afin de faire ressortir les vrais enjeux : \u00ab On fera des comparatifs, car cela n\u2019a pas les m\u00eames cons\u00e9quences d\u2019acheter fran\u00e7ais et acheter de l&rsquo;importation \u00bb, alerte V\u00e9ronique Le Floch, car \u00ab il faut comprendre que lorsque nous achetons un produit import\u00e9, nous importons aussi un syst\u00e8me social, qui entra\u00eenera peut-\u00eatre un jour nos revenus \u00e0 la baisse, une forme d\u2019exploitation et la perte de notre propre syst\u00e8me social fran\u00e7ais, qui est hors normes. Voil\u00e0 ce \u00e0 quoi nous pourrions alors avoir renonc\u00e9. Parce que nous l&rsquo;aurons tu\u00e9. \u00bb<\/p>\n<p>Sur les parkings, \u00e0 la rencontre des Fran\u00e7ais<\/p>\n<p>Aux c\u00f4t\u00e9s des agriculteurs, de nombreuses professions sont d\u00e9sormais de la partie sous le mot-di\u00e8se des Gueux. Un afflux qui a contraint \u00e0 structurer un mouvement qui fonctionnait, jusqu\u2019\u00e0 pr\u00e9sent, dans une relative autogestion spontan\u00e9e. Afin de f\u00e9d\u00e9rer les organisations et de coordonner leurs actions, Alexandre Jardin a fait appel \u00e0 Jean-Vincent Chantreau, pr\u00e9sident de l&rsquo;Union fran\u00e7aise des p\u00eacheurs-artisans, qui pr\u00e9cise \u00e0 BV les grandes lignes de l\u2019organisation de cette semaine d\u2019action. \u00ab \u00c0 partir du 29, de nombreuses professions vont agir de concert : des associations de commer\u00e7ants, des professionnels de l\u2019alimentaire, boulangers, charcutiers, traiteurs, bistrotiers et, bien s\u00fbr, nous-m\u00eames les p\u00eacheurs. \u00bb Mais ce n&rsquo;est pas tout. \u00ab Nous pourrons aussi compter sur les personnels de sant\u00e9 et bien d\u2019autres encore. Et je n\u2019oublie pas les taxis, qui ont pr\u00e9vu de commencer un mouvement, d\u00e9but septembre. \u00bb Dans de nombreuses villes de France, ajoute Jean-Vincent Chantreau, \u00ab\u00a0des rassemblements statiques vont \u00eatre organis\u00e9s sur les parkings des supermarch\u00e9s, en p\u00e9riph\u00e9rie des villes, pour que \u00e7a soit accessible \u00e0 tous, parce que tout le monde va y faire ses courses, et parce que ce qui f\u00e9d\u00e8re tout le monde, actuellement, c&rsquo;est le pouvoir d&rsquo;achat\u00a0\u00bb. Le site <a href=\"https:\/\/lesgueux.fr\/\" target=\"_blank\" rel=\"noopener nofollow\">lesgueux.fr<\/a> indiquera, d\u00e8s le 28 ao\u00fbt, les lieux, dates et horaires des rendez-vous.<\/p>\n<p>                    <a href=\"#\" rel=\"nofollow\" onclick=\"window.print(); pfTrackEvent('\u00c0 partir du 29 ao\u00fbt, les #Gueux sur les parkings, \u00e0 la rencontre du pays r\u00e9el'); return false;\" title=\"Printer Friendly, PDF &amp; Email\"><br \/>\n                    <img decoding=\"async\" src=\"https:\/\/www.europesays.com\/fr\/wp-content\/uploads\/2025\/04\/printfriendly-icon-sm.png\" alt=\"Print Friendly, PDF &amp; Email\" class=\"pf-button-img\" style=\"width: 17px;height: 17px;\"\/>Imprimer, enregistrer en PDF cet article<br \/>\n                    <\/a><\/p>\n","protected":false},"excerpt":{"rendered":"Vendredi 29 ao\u00fbt commencera une semaine de mobilisation pour les Gueux. Et si le mouvement avait d\u00e9but\u00e9 avec&hellip;\n","protected":false},"author":2,"featured_media":348516,"comment_status":"","ping_status":"","sticky":false,"template":"","format":"standard","meta":{"footnotes":""},"categories":[1356],"tags":[58,59,1011,27,252,1364],"class_list":{"0":"post-348515","1":"post","2":"type-post","3":"status-publish","4":"format-standard","5":"has-post-thumbnail","7":"category-television","8":"tag-divertissement","9":"tag-entertainment","10":"tag-fr","11":"tag-france","12":"tag-television","13":"tag-tv"},"share_on_mastodon":{"url":"https:\/\/pubeurope.com\/@fr\/115102832743909172","error":""},"_links":{"self":[{"href":"https:\/\/www.europesays.com\/fr\/wp-json\/wp\/v2\/posts\/348515","targetHints":{"allow":["GET"]}}],"collection":[{"href":"https:\/\/www.europesays.com\/fr\/wp-json\/wp\/v2\/posts"}],"about":[{"href":"https:\/\/www.europesays.com\/fr\/wp-json\/wp\/v2\/types\/post"}],"author":[{"embeddable":true,"href":"https:\/\/www.europesays.com\/fr\/wp-json\/wp\/v2\/users\/2"}],"replies":[{"embeddable":true,"href":"https:\/\/www.europesays.com\/fr\/wp-json\/wp\/v2\/comments?post=348515"}],"version-history":[{"count":0,"href":"https:\/\/www.europesays.com\/fr\/wp-json\/wp\/v2\/posts\/348515\/revisions"}],"wp:featuredmedia":[{"embeddable":true,"href":"https:\/\/www.europesays.com\/fr\/wp-json\/wp\/v2\/media\/348516"}],"wp:attachment":[{"href":"https:\/\/www.europesays.com\/fr\/wp-json\/wp\/v2\/media?parent=348515"}],"wp:term":[{"taxonomy":"category","embeddable":true,"href":"https:\/\/www.europesays.com\/fr\/wp-json\/wp\/v2\/categories?post=348515"},{"taxonomy":"post_tag","embeddable":true,"href":"https:\/\/www.europesays.com\/fr\/wp-json\/wp\/v2\/tags?post=348515"}],"curies":[{"name":"wp","href":"https:\/\/api.w.org\/{rel}","templated":true}]}}