{"id":348518,"date":"2025-08-27T21:24:25","date_gmt":"2025-08-27T21:24:25","guid":{"rendered":"https:\/\/www.europesays.com\/fr\/348518\/"},"modified":"2025-08-27T21:24:25","modified_gmt":"2025-08-27T21:24:25","slug":"tu-integres-les-avengers-si-tu-reconnais-ces-5-films-marvel-tres-mal-resumes","status":"publish","type":"post","link":"https:\/\/www.europesays.com\/fr\/348518\/","title":{"rendered":"tu int\u00e8gres les Avengers si tu reconnais ces 5 films Marvel (tr\u00e8s) mal r\u00e9sum\u00e9s"},"content":{"rendered":"<p><p><a href=\"https:\/\/www.serieously.com\" rel=\"nofollow noopener\" target=\"_blank\">Accueil<\/a> &gt; <a href=\"https:\/\/www.serieously.com\/quiz\/\" rel=\"nofollow noopener\" target=\"_blank\">Quiz<\/a> &gt; Quiz : tu int\u00e8gres les Avengers si tu reconnais ces 5 films Marvel (tr\u00e8s) mal r\u00e9sum\u00e9s<\/p>\n<\/p>\n<p class=\"o-article__published-by o-article__bullets\">\n            Publi\u00e9 le<br \/>\n                        27 ao\u00fbt 2025 \u00e0 19 h 20<\/p>\n<p>             Par<br \/>\n                <a href=\"https:\/\/www.serieously.com\/author\/drifa\/\" rel=\"nofollow noopener\" target=\"_blank\">Drifa<br \/>\n                    Maza<\/a><\/p>\n<p><strong>Ce quiz est pour les vrais fan de Marvel ! Si tu penses te reconna\u00eetre dans cette description, alors on te met au d\u00e9fi de retrouver les 5 films du studio qui se cachent derri\u00e8re ces r\u00e9sum\u00e9s plus ou moins douteux. Go ! <\/strong><\/p>\n<p>Quel est ce film Marvel mal r\u00e9sum\u00e9 ? <\/p>\n<p>\t\t\t\t\t<img decoding=\"async\" src=\"https:\/\/www.europesays.com\/fr\/wp-content\/uploads\/2025\/08\/avengers-infinity-war-mal-resume.jpg\" alt=\"\u00a9 Canva\" width=\"400\" height=\"225\" loading=\"lazy\" style=\"aspect-ratio: 16\/9; object-fit: cover;\"\/><\/p>\n<p>\u00a9 Canva<\/p>\n<p>Il fallait reconna\u00eetre Avengers : Infinity War.<\/p>\n<p>Quel est ce film Marvel mal r\u00e9sum\u00e9 ? <\/p>\n<p>\t\t\t\t\t<img decoding=\"async\" src=\"https:\/\/www.europesays.com\/fr\/wp-content\/uploads\/2025\/08\/les-eternels-mal-resume.jpg\" alt=\"\u00a9 Canva\" width=\"400\" height=\"225\" loading=\"lazy\" style=\"aspect-ratio: 16\/9; object-fit: cover;\"\/><\/p>\n<p>\u00a9 Canva<\/p>\n<p>Il s\u2019agit des \u00c9ternels.<\/p>\n<p>Quel est ce film Marvel mal r\u00e9sum\u00e9 ? <\/p>\n<p>\t\t\t\t\t<img decoding=\"async\" src=\"https:\/\/www.europesays.com\/fr\/wp-content\/uploads\/2025\/08\/spider-man-no-way-home-mal-resume.jpg\" alt=\"\u00a9 Canva\" width=\"400\" height=\"225\" loading=\"lazy\" style=\"aspect-ratio: 16\/9; object-fit: cover;\"\/><\/p>\n<p>\u00a9 Canva<\/p>\n<p>Il s\u2019agit bien s\u00fbr de Spider-Man : No Way Home !<\/p>\n<p>Quel est ce film Marvel mal r\u00e9sum\u00e9 ? <\/p>\n<p>\t\t\t\t\t<img decoding=\"async\" src=\"https:\/\/www.europesays.com\/fr\/wp-content\/uploads\/2025\/08\/thor-mal-resume.jpg\" alt=\"\u00a9 Canva\" width=\"400\" height=\"225\" loading=\"lazy\" style=\"aspect-ratio: 16\/9; object-fit: cover;\"\/><\/p>\n<p>\u00a9 Canva<\/p>\n<p>Il fallait reconna\u00eetre Thor.<\/p>\n<p>Quel est ce film Marvel mal r\u00e9sum\u00e9 ? <\/p>\n<p>\t\t\t\t\t<img decoding=\"async\" src=\"https:\/\/www.europesays.com\/fr\/wp-content\/uploads\/2025\/08\/thunderbolts-mal-resume.jpg\" alt=\"\u00a9 Canva\" width=\"400\" height=\"225\" loading=\"lazy\" style=\"aspect-ratio: 16\/9; object-fit: cover;\"\/><\/p>\n<p>\u00a9 Canva<\/p>\n<p>Il s\u2019agit de Thunderbolts*.<\/p>\n<p class=\"o-quiz__result-title\">Tu int\u00e8gres les Avengers ! <\/p>\n<p class=\"o-quiz__result-subtitle\">Tu as obtenu un score de [[ score ]]\/[[ questions ]]<\/p>\n<p>\t\t\t\t\t\t\t\t\t<img decoding=\"async\" src=\"https:\/\/www.europesays.com\/fr\/wp-content\/uploads\/2025\/05\/avengers.png\" alt=\"Tu int\u00e8gres les Avengers ! \" width=\"768\" height=\"432\" loading=\"lazy\"\/><\/p>\n<p>Bravo pour ton impressionnant sans-faute \u00e0 ce quiz, qui te permet de rejoindre la grande famille des Avengers. \u00c0 toi maintenant de prouver que tu as l\u2019\u00e9toffe d\u2019un h\u00e9ros et leur en mettre plein la vue avec tes comp\u00e9tences !<\/p>\n<p><a href=\"https:\/\/www.serieously.com\/films\/marvel\/\" target=\"_blank\" rel=\"noopener nofollow\" aria-label=\"\">Continue avec ces autres quiz Marvel !\u00a0<\/a><\/p>\n<p class=\"o-quiz__result-title\">Tu n&rsquo;int\u00e8gres pas encore les Avengers, mais&#8230;<\/p>\n<p class=\"o-quiz__result-subtitle\">Tu as obtenu un score de [[ score ]]\/[[ questions ]]<\/p>\n<p>\t\t\t\t\t\t\t\t\t<img decoding=\"async\" src=\"https:\/\/www.europesays.com\/fr\/wp-content\/uploads\/2025\/08\/succes-box-office-avengers-infinity-war.jpg\" alt=\"Tu n'int\u00e8gres pas encore les Avengers, mais...\" width=\"768\" height=\"432\" loading=\"lazy\"\/><\/p>\n<p>\u2026l\u2019\u00e9quipe garde un oeil sur toi ! Tu as quelques qualit\u00e9s que les Avengers appr\u00e9cient et c\u2019est pour cette raison qu\u2019ils acceptent de te garder en liste d\u2019attente. \u00c0 toi maintenant de faire tes preuves !<\/p>\n<p><a href=\"https:\/\/www.serieously.com\/films\/marvel\/\" target=\"_blank\" rel=\"noopener nofollow\" aria-label=\"\">Continue avec ces autres quiz Marvel !\u00a0<\/a><\/p>\n<p class=\"o-quiz__result-title\">Tu ne rejoins pas les Avengers&#8230;<\/p>\n<p class=\"o-quiz__result-subtitle\">Tu as obtenu un score de [[ score ]]\/[[ questions ]]<\/p>\n<p>\t\t\t\t\t\t\t\t\t<img decoding=\"async\" src=\"https:\/\/www.europesays.com\/fr\/wp-content\/uploads\/2025\/07\/avengers.jpg\" alt=\"Tu ne rejoins pas les Avengers...\" width=\"768\" height=\"432\" loading=\"lazy\"\/><\/p>\n<p>A\u00efe\u2026 Tu pouvais probablement t\u2019en douter, mais les Avengers ne t\u2019acceptent pas dans leur \u00e9quipe. Mais, tu peux toujours te rattraper en t\u2019entrainant davantage !<\/p>\n<p><a href=\"https:\/\/www.serieously.com\/films\/marvel\/\" target=\"_blank\" rel=\"noopener nofollow\" aria-label=\"\">Rattrape-toi avec ces autres quiz Marvel !\u00a0<\/a><\/p>\n<p>\t\tRecommencer le quiz<\/p>\n<p>\t\t\t<img decoding=\"async\" src=\"https:\/\/www.europesays.com\/fr\/wp-content\/uploads\/2025\/08\/1756329865_227_capture-decran-2024-07-08-a-17-20-25.png\" alt=\"Drifa Maza\" width=\"70\" height=\"70\" loading=\"lazy\"\/><\/p>\n<p class=\"m-user__name\">Drifa Maza<\/p>\n<p class=\"m-user__job\">Journaliste<\/p>\n<p class=\"m-user__description\">En plus d&rsquo;\u00eatre la fan num\u00e9ro un de La La Land et Paddington, je suis aussi une grande passionn\u00e9e de cin\u00e9ma de toutes les \u00e9poques, allant de ses d\u00e9buts \u00e0 aujourd&rsquo;hui. Mon enfance a \u00e9t\u00e9 berc\u00e9e par les Pixar et l&rsquo;\u00e8re Disney Channel. Je suis avec assiduit\u00e9 l&rsquo;actualit\u00e9 Marvel, cin\u00e9, s\u00e9ries, fran\u00e7aise comme \u00e9trang\u00e8re et je suis toujours \u00e0 la recherche d&rsquo;une nouvelle s\u00e9rie \u00e0 binger !<\/p>\n<p>\n\t\t\t\t\t\t\t\t\t\t\t\t\t\t\tContacter<br \/>\n\t\t\t\t\t\tDrifa\n\t\t\t\t\t\t\t\t\t<\/p>\n<p>Lundi&rsquo;spensable<\/p>\n<p class=\"mt-4 mb-4 text-xl text-center\">Le meilleur de <\/p>\n<p> dans ta boite mail<\/p>\n","protected":false},"excerpt":{"rendered":"Accueil &gt; Quiz &gt; Quiz : tu int\u00e8gres les Avengers si tu reconnais ces 5 films Marvel (tr\u00e8s)&hellip;\n","protected":false},"author":2,"featured_media":348519,"comment_status":"","ping_status":"","sticky":false,"template":"","format":"standard","meta":{"footnotes":""},"categories":[1354],"tags":[58,59,1346,1011,27,1360],"class_list":{"0":"post-348518","1":"post","2":"type-post","3":"status-publish","4":"format-standard","5":"has-post-thumbnail","7":"category-films","8":"tag-divertissement","9":"tag-entertainment","10":"tag-films","11":"tag-fr","12":"tag-france","13":"tag-movies"},"share_on_mastodon":{"url":"https:\/\/pubeurope.com\/@fr\/115102840943248349","error":""},"_links":{"self":[{"href":"https:\/\/www.europesays.com\/fr\/wp-json\/wp\/v2\/posts\/348518","targetHints":{"allow":["GET"]}}],"collection":[{"href":"https:\/\/www.europesays.com\/fr\/wp-json\/wp\/v2\/posts"}],"about":[{"href":"https:\/\/www.europesays.com\/fr\/wp-json\/wp\/v2\/types\/post"}],"author":[{"embeddable":true,"href":"https:\/\/www.europesays.com\/fr\/wp-json\/wp\/v2\/users\/2"}],"replies":[{"embeddable":true,"href":"https:\/\/www.europesays.com\/fr\/wp-json\/wp\/v2\/comments?post=348518"}],"version-history":[{"count":0,"href":"https:\/\/www.europesays.com\/fr\/wp-json\/wp\/v2\/posts\/348518\/revisions"}],"wp:featuredmedia":[{"embeddable":true,"href":"https:\/\/www.europesays.com\/fr\/wp-json\/wp\/v2\/media\/348519"}],"wp:attachment":[{"href":"https:\/\/www.europesays.com\/fr\/wp-json\/wp\/v2\/media?parent=348518"}],"wp:term":[{"taxonomy":"category","embeddable":true,"href":"https:\/\/www.europesays.com\/fr\/wp-json\/wp\/v2\/categories?post=348518"},{"taxonomy":"post_tag","embeddable":true,"href":"https:\/\/www.europesays.com\/fr\/wp-json\/wp\/v2\/tags?post=348518"}],"curies":[{"name":"wp","href":"https:\/\/api.w.org\/{rel}","templated":true}]}}