{"id":348520,"date":"2025-08-27T21:25:10","date_gmt":"2025-08-27T21:25:10","guid":{"rendered":"https:\/\/www.europesays.com\/fr\/348520\/"},"modified":"2025-08-27T21:25:10","modified_gmt":"2025-08-27T21:25:10","slug":"le-ministre-americain-de-la-sante-a-tente-de-faire-retirer-une-etude-sur-les-vaccins","status":"publish","type":"post","link":"https:\/\/www.europesays.com\/fr\/348520\/","title":{"rendered":"Le ministre am\u00e9ricain de la Sant\u00e9 a tent\u00e9 de faire retirer une \u00e9tude sur les vaccins"},"content":{"rendered":"<p>    R\u00e9sum\u00e9 en 20 secondes<\/p>\n<p>        En savoir plus sur ce type de contenu<\/p>\n<p>Ce r\u00e9sum\u00e9 peut avoir \u00e9t\u00e9 \u00e9crit avec l&rsquo;assistance d\u2019une IA g\u00e9n\u00e9rative. <a href=\"https:\/\/www.letemps.ch\/cyber\/l-usage-de-l-ia-generative-par-les-journalistes-du-temps\" target=\"_blank\" rel=\"noopener\">En savoir plus<\/a><\/p>\n<p class=\"article__abstract-call-to-action\" data-ariato=\"TrackableElement\" data-trackable-element-type=\"article_abstract_cta\" data-trackable-element-location=\"article_header\" data-trackable-element-id=\"504195\">\n        <a data-event=\"click-&gt;clicked\" href=\"https:\/\/www.letemps.ch\/abonnements\" target=\"_blank\" rel=\"noopener\">Abonnez-vous<\/a> pour acc\u00e9der au r\u00e9sum\u00e9 en 20 secondes.\n      <\/p>\n<p>Le caract\u00e8re vaccinosceptique du ministre am\u00e9ricain de la Sant\u00e9, Robert F. Kennedy\u00a0Jr, est notoire. <a href=\"https:\/\/www.letemps.ch\/sciences\/les-etats-unis-annulent-leur-financement-de-plusieurs-vaccins-a-arn-messager?srsltid=AfmBOoq30OMGPtfJKSoFlE5t6CrM146BhbJ66D_JKrO8EIaD7ncuAw83\" rel=\"nofollow noopener\" target=\"_blank\">Annulation du financement de vaccins \u00e0 ARN messager<\/a>, <a href=\"https:\/\/www.letemps.ch\/monde\/etats-unis-robert-f-kennedy-jr-congedie-les-experts-d-un-important-panel-sur-les-vaccins?srsltid=AfmBOor_j3S0dNz8Zzs_rmo5TYi-1llirRq6SQpk-NtvX_1S6AyRmgU1\" rel=\"nofollow noopener\" target=\"_blank\">limogeage dans le Comit\u00e9 consultatif sur les pratiques d\u2019immunisation<\/a>, sans oublier de pr\u00e9c\u00e9dentes d\u00e9clarations incriminant les vaccins\u2026 Depuis son arriv\u00e9e au gouvernement, le r\u00e9publicain a teint\u00e9 de vaccinoscepticisme la politique de sant\u00e9 am\u00e9ricaine. Il va d\u00e9sormais plus loin, en s\u2019attaquant au c\u0153ur m\u00eame de ce qui la r\u00e9git: la cr\u00e9ation des connaissances scientifiques.<\/p>\n<p>Robert F. Kennedy\u00a0Jr a en effet exig\u00e9 le retrait d\u2019une \u00e9tude danoise qui conclut \u00e0 l\u2019absence de relation dose-effet entre l\u2019autisme chez l\u2019enfant et l\u2019aluminium utilis\u00e9 comme adjuvant dans les vaccins. \u00abUne d\u00e9marche rare pour un officiel am\u00e9ricain\u00bb, <a href=\"https:\/\/www.nature.com\/articles\/d41586-025-02682-9\" rel=\"nofollow noopener\" target=\"_blank\">note la revue Nature<\/a>.<\/p>\n","protected":false},"excerpt":{"rendered":"R\u00e9sum\u00e9 en 20 secondes En savoir plus sur ce type de contenu Ce r\u00e9sum\u00e9 peut avoir \u00e9t\u00e9 \u00e9crit&hellip;\n","protected":false},"author":2,"featured_media":348521,"comment_status":"","ping_status":"","sticky":false,"template":"","format":"standard","meta":{"footnotes":""},"categories":[10],"tags":[73,1011,27,72,48496,301,71],"class_list":{"0":"post-348520","1":"post","2":"type-post","3":"status-publish","4":"format-standard","5":"has-post-thumbnail","7":"category-sante","8":"tag-etats-unis","9":"tag-fr","10":"tag-france","11":"tag-health","12":"tag-politique-de-la-sante","13":"tag-premium","14":"tag-sante"},"share_on_mastodon":{"url":"https:\/\/pubeurope.com\/@fr\/115102844476003136","error":""},"_links":{"self":[{"href":"https:\/\/www.europesays.com\/fr\/wp-json\/wp\/v2\/posts\/348520","targetHints":{"allow":["GET"]}}],"collection":[{"href":"https:\/\/www.europesays.com\/fr\/wp-json\/wp\/v2\/posts"}],"about":[{"href":"https:\/\/www.europesays.com\/fr\/wp-json\/wp\/v2\/types\/post"}],"author":[{"embeddable":true,"href":"https:\/\/www.europesays.com\/fr\/wp-json\/wp\/v2\/users\/2"}],"replies":[{"embeddable":true,"href":"https:\/\/www.europesays.com\/fr\/wp-json\/wp\/v2\/comments?post=348520"}],"version-history":[{"count":0,"href":"https:\/\/www.europesays.com\/fr\/wp-json\/wp\/v2\/posts\/348520\/revisions"}],"wp:featuredmedia":[{"embeddable":true,"href":"https:\/\/www.europesays.com\/fr\/wp-json\/wp\/v2\/media\/348521"}],"wp:attachment":[{"href":"https:\/\/www.europesays.com\/fr\/wp-json\/wp\/v2\/media?parent=348520"}],"wp:term":[{"taxonomy":"category","embeddable":true,"href":"https:\/\/www.europesays.com\/fr\/wp-json\/wp\/v2\/categories?post=348520"},{"taxonomy":"post_tag","embeddable":true,"href":"https:\/\/www.europesays.com\/fr\/wp-json\/wp\/v2\/tags?post=348520"}],"curies":[{"name":"wp","href":"https:\/\/api.w.org\/{rel}","templated":true}]}}