{"id":348522,"date":"2025-08-27T21:26:11","date_gmt":"2025-08-27T21:26:11","guid":{"rendered":"https:\/\/www.europesays.com\/fr\/348522\/"},"modified":"2025-08-27T21:26:11","modified_gmt":"2025-08-27T21:26:11","slug":"lhommage-derling-haaland-a-sa-mere-international-norvege","status":"publish","type":"post","link":"https:\/\/www.europesays.com\/fr\/348522\/","title":{"rendered":"L\u2019hommage d\u2019Erling Haaland \u00e0 sa m\u00e8re &#8211; International &#8211; Norv\u00e8ge"},"content":{"rendered":"<p>Pardon, \u00ab\u202fL\u2019hommage d\u2019Erling <strong>BRAUT <\/strong>Haaland \u00e0 sa m\u00e8re\u202f\u00bb.<\/p>\n<p>Le 4 septembre prochain, le colosse norv\u00e9gien d\u00e9butera son match amical face \u00e0 la Finlande avec un nouveau flocage au dos de son maillot. Enfin, nouveau, fa\u00e7on de parler. <strong>Erling r\u00e9affichera en effet le nom de famille de sa m\u00e8re<\/strong> \u2013 Braut \u2013 au c\u00f4t\u00e9 du patronyme de son p\u00e8re : Haaland.<\/p>\n<p>Retour \u00e0 la normale, donc, pour l\u2019attaquant de 25 ans qui affichait en effet <strong>ce double-blase lorsqu\u2019il \u00e9voluait avec la s\u00e9lection U20 norv\u00e9gienne<\/strong> (avec laquelle il avait plant\u00e9 neuf buts lors du Mondial 2019), de m\u00eame que <strong>lors de son \u00e9closion avec le RB Salzbourg<\/strong>, avant de l\u2019abandonner au profit du seul nom Haaland au moment de signer \u00e0 Manchester City, o\u00f9 son p\u00e8re Alf-Inge avait \u00e9volu\u00e9 entre 2000 et 2003. Sa m\u00e8re, Gry Marita Braut, championne d\u2019heptathlon dans les ann\u00e9es 1990, appr\u00e9ciera s\u00fbrement.<\/p>\n<p>Et le come-back du flocage \u00ab\u202fMbapp\u00e9-Lottin\u202f\u00bb, c\u2019est pour quand ?<\/p>\n<p>\t\t\t\t\t\t\t\t\t\t<a class=\"lien-connexe\" href=\"https:\/\/www.sofoot.com\/breves\/la-fede-israelienne-repond-a-linitiative-caritative-norvegienne-envers-gaza\" rel=\"nofollow noopener\" target=\"_blank\">La F\u00e9d\u00e9 isra\u00e9lienne r\u00e9pond \u00e0 l\u2019initiative caritative norv\u00e9gienne envers Gaza<\/a>\t\t\t\t\t<\/p>\n","protected":false},"excerpt":{"rendered":"Pardon, \u00ab\u202fL\u2019hommage d\u2019Erling BRAUT Haaland \u00e0 sa m\u00e8re\u202f\u00bb. Le 4 septembre prochain, le colosse norv\u00e9gien d\u00e9butera son match&hellip;\n","protected":false},"author":2,"featured_media":348523,"comment_status":"","ping_status":"","sticky":false,"template":"","format":"standard","meta":{"footnotes":""},"categories":[9],"tags":[47,61,69,65,64,63,1011,27,68,66,62,70,67,60],"class_list":{"0":"post-348522","1":"post","2":"type-post","3":"status-publish","4":"format-standard","5":"has-post-thumbnail","7":"category-sports","8":"tag-actualite","9":"tag-actus-football","10":"tag-bundesliga","11":"tag-championnats-europeens","12":"tag-equipe-de-france","13":"tag-football","14":"tag-fr","15":"tag-france","16":"tag-ligua","17":"tag-ligue-1","18":"tag-news-foot","19":"tag-premier-league","20":"tag-serie-a","21":"tag-sports"},"share_on_mastodon":{"url":"https:\/\/pubeurope.com\/@fr\/115102848379135451","error":""},"_links":{"self":[{"href":"https:\/\/www.europesays.com\/fr\/wp-json\/wp\/v2\/posts\/348522","targetHints":{"allow":["GET"]}}],"collection":[{"href":"https:\/\/www.europesays.com\/fr\/wp-json\/wp\/v2\/posts"}],"about":[{"href":"https:\/\/www.europesays.com\/fr\/wp-json\/wp\/v2\/types\/post"}],"author":[{"embeddable":true,"href":"https:\/\/www.europesays.com\/fr\/wp-json\/wp\/v2\/users\/2"}],"replies":[{"embeddable":true,"href":"https:\/\/www.europesays.com\/fr\/wp-json\/wp\/v2\/comments?post=348522"}],"version-history":[{"count":0,"href":"https:\/\/www.europesays.com\/fr\/wp-json\/wp\/v2\/posts\/348522\/revisions"}],"wp:featuredmedia":[{"embeddable":true,"href":"https:\/\/www.europesays.com\/fr\/wp-json\/wp\/v2\/media\/348523"}],"wp:attachment":[{"href":"https:\/\/www.europesays.com\/fr\/wp-json\/wp\/v2\/media?parent=348522"}],"wp:term":[{"taxonomy":"category","embeddable":true,"href":"https:\/\/www.europesays.com\/fr\/wp-json\/wp\/v2\/categories?post=348522"},{"taxonomy":"post_tag","embeddable":true,"href":"https:\/\/www.europesays.com\/fr\/wp-json\/wp\/v2\/tags?post=348522"}],"curies":[{"name":"wp","href":"https:\/\/api.w.org\/{rel}","templated":true}]}}