{"id":348528,"date":"2025-08-27T21:29:09","date_gmt":"2025-08-27T21:29:09","guid":{"rendered":"https:\/\/www.europesays.com\/fr\/348528\/"},"modified":"2025-08-27T21:29:09","modified_gmt":"2025-08-27T21:29:09","slug":"naval-group-perd-un-contrat-de-12-sous-marins-pour-le-canada","status":"publish","type":"post","link":"https:\/\/www.europesays.com\/fr\/348528\/","title":{"rendered":"Naval Group perd un contrat de 12 sous-marins pour le Canada"},"content":{"rendered":"<p>Naval Group a \u00e9t\u00e9 \u00e9cart\u00e9 par la Canada, pour une commande de douze sous-marins, d\u2019apr\u00e8s les informations du <a href=\"https:\/\/www.lesechos.fr\/industrie-services\/air-defense\/le-canada-ecarte-naval-group-et-ses-barracuda-pour-sa-mega-commande-de-12-sous-marins-2183024\" rel=\"nofollow noopener\" target=\"_blank\">journal Les \u00c9chos<\/a>, qui cite le magazine Zone Militaire. Mardi 26 ao\u00fbt, le Canada a annonc\u00e9 ne pas retenir le groupe industriel fran\u00e7ais pour un contrat de douze sous-marins de patrouille, destin\u00e9s \u00e0 la marine royale canadienne et estim\u00e9 \u00e0 37 milliards d\u2019euros.<\/p>\n<p>Les groupes Saab (Su\u00e8de) et Navantia (Espagne) ont eux aussi \u00e9t\u00e9 recal\u00e9s. Restent en lice l\u2019allemand ThyssenKrupp Marine Systems (TKMS) et le sud-cor\u00e9en Hanwha Ocean.<\/p>\n<p>Dans son communiqu\u00e9, le Canada explique fonder son choix sur \u00ab\u00a0une \u00e9valuation approfondie de (ses) besoins (\u2026), y compris les \u00e9ch\u00e9anciers de construction et de livraison de la nouvelle flotte de sous-marins\u00a0\u00bb.<\/p>\n<p>Pas de sous-marin fran\u00e7ais pour le Canada donc. Le carnet de commandes de Naval Group est tout de m\u00eame pris par les<a href=\"https:\/\/www.letelegramme.fr\/france\/naval-group-officialise-la-vente-de-quatre-sous-marins-aux-pays-bas-6672786.php\" rel=\"nofollow noopener\" target=\"_blank\"> quatre sous-marins de type Barracuda, vendus aux Pays-Bas en 2024.<\/a><\/p>\n","protected":false},"excerpt":{"rendered":"Naval Group a \u00e9t\u00e9 \u00e9cart\u00e9 par la Canada, pour une commande de douze sous-marins, d\u2019apr\u00e8s les informations du&hellip;\n","protected":false},"author":2,"featured_media":348529,"comment_status":"","ping_status":"","sticky":false,"template":"","format":"standard","meta":{"footnotes":""},"categories":[6],"tags":[11,829,35,33,34,765,1011,27,6127,22232,15169],"class_list":{"0":"post-348528","1":"post","2":"type-post","3":"status-publish","4":"format-standard","5":"has-post-thumbnail","7":"category-economie","8":"tag-actualites","9":"tag-bretagne","10":"tag-business","11":"tag-economie","12":"tag-economy","13":"tag-en-continu","14":"tag-fr","15":"tag-france","16":"tag-mer","17":"tag-naval-group","18":"tag-sous-marins"},"share_on_mastodon":{"url":"","error":""},"_links":{"self":[{"href":"https:\/\/www.europesays.com\/fr\/wp-json\/wp\/v2\/posts\/348528","targetHints":{"allow":["GET"]}}],"collection":[{"href":"https:\/\/www.europesays.com\/fr\/wp-json\/wp\/v2\/posts"}],"about":[{"href":"https:\/\/www.europesays.com\/fr\/wp-json\/wp\/v2\/types\/post"}],"author":[{"embeddable":true,"href":"https:\/\/www.europesays.com\/fr\/wp-json\/wp\/v2\/users\/2"}],"replies":[{"embeddable":true,"href":"https:\/\/www.europesays.com\/fr\/wp-json\/wp\/v2\/comments?post=348528"}],"version-history":[{"count":0,"href":"https:\/\/www.europesays.com\/fr\/wp-json\/wp\/v2\/posts\/348528\/revisions"}],"wp:featuredmedia":[{"embeddable":true,"href":"https:\/\/www.europesays.com\/fr\/wp-json\/wp\/v2\/media\/348529"}],"wp:attachment":[{"href":"https:\/\/www.europesays.com\/fr\/wp-json\/wp\/v2\/media?parent=348528"}],"wp:term":[{"taxonomy":"category","embeddable":true,"href":"https:\/\/www.europesays.com\/fr\/wp-json\/wp\/v2\/categories?post=348528"},{"taxonomy":"post_tag","embeddable":true,"href":"https:\/\/www.europesays.com\/fr\/wp-json\/wp\/v2\/tags?post=348528"}],"curies":[{"name":"wp","href":"https:\/\/api.w.org\/{rel}","templated":true}]}}