{"id":348532,"date":"2025-08-27T21:31:11","date_gmt":"2025-08-27T21:31:11","guid":{"rendered":"https:\/\/www.europesays.com\/fr\/348532\/"},"modified":"2025-08-27T21:31:11","modified_gmt":"2025-08-27T21:31:11","slug":"a-rebours-dedouard-philippe-francois-bayrou-soppose-a-une-nouvelle-dissolution-en-cas-de-chute-ou-de-blocage-politique","status":"publish","type":"post","link":"https:\/\/www.europesays.com\/fr\/348532\/","title":{"rendered":"\u00c0 rebours d\u2019\u00c9douard Philippe, Fran\u00e7ois Bayrou s\u2019oppose \u00e0 une nouvelle dissolution en cas de chute ou de blocage politique"},"content":{"rendered":"<p>Invit\u00e9 ce mercredi soir du \u00ab20 heures\u00bb de TF1, le premier ministre a affich\u00e9 son d\u00e9saccord avec son pr\u00e9d\u00e9cesseur \u00e0 Matignon, qui estime pour sa part que de nouvelles l\u00e9gislatives deviendront \u00abassez in\u00e9luctables\u00bb si la situation venait \u00e0 s\u2019enliser.<\/p>\n<p class=\"fig-paragraph\">De la friture sur la ligne au sein de la macronie. \u00c0 une dizaine de jours du vote de confiance sollicit\u00e9 par\u00a0<a href=\"http:\/\/www.lefigaro.fr\/politique\/ni-dissolution-ni-demission-macron-veut-s-en-tenir-a-son-calendrier-malgre-la-chute-annoncee-de-bayrou-20250827\" data-fig-type=\"Article\" data-gtm-custom-categorie=\"navigation\" data-gtm-custom-action=\"crossclick\" data-gtm-custom-label=\"Contextuel\" data-gtm-event=\"customEventSPE\" data-fig-domain=\"LEFIGARO\" target=\"_blank\" rel=\"noopener\">Fran\u00e7ois Bayrou<\/a>\u00a0\u00e0 l\u2019Assembl\u00e9e nationale, le 8 septembre prochain, sur son plan d\u2019\u00e9conomies, la classe politique est d\u00e9j\u00e0 tourn\u00e9e vers l\u2019apr\u00e8s. \u00c0 juste titre. Au vu des intentions de vote n\u00e9gatives de la gauche et du Rassemblement national (RN) &#8211; deux blocs qui, additionn\u00e9es, constituent une majorit\u00e9 arithm\u00e9tique dans une Chambre basse qui en est d\u00e9pourvue -, le premier ministre semble, \u00e0 ce stade, promis \u00e0 un \u00e9chec. Et donc forc\u00e9 \u00e0 une d\u00e9mission. Peu importe que le premier ministre ait invit\u00e9 \u00e0 Matignon, d\u00e8s lundi, les chefs de partis politiques et de groupes parlementaires pour n\u00e9gocier sa feuille de route budg\u00e9taire, la perspective de sa chute est d\u00e9j\u00e0 dans tous les esprits. Y compris dans celui d\u2019<a href=\"http:\/\/www.lefigaro.fr\/politique\/edouard-philippe-ecrit-au-general-dumas-votre-ascension-est-celle-du-merite-contre-tous-les-prejuges-20250818\" data-fig-type=\"Article\" data-gtm-custom-categorie=\"navigation\" data-gtm-custom-action=\"crossclick\" data-gtm-custom-label=\"Contextuel\" data-gtm-event=\"customEventSPE\" data-fig-domain=\"LEFIGARO\" target=\"_blank\" rel=\"noopener\">\u00c9douard Philippe<\/a>, patron du parti Horizons.<\/p>\n<p class=\"fig-paragraph\">Apr\u00e8s l\u2019annonce surprise de son successeur rue de Varenne, le candidat d\u00e9clar\u00e9 \u00e0 la prochaine pr\u00e9sidentielle est sorti ce mercredi de son silence. Aupr\u00e8s de l\u2019AFP, il a jug\u00e9 qu\u2019une nouvelle\u00a0<a href=\"http:\/\/www.lefigaro.fr\/politique\/en-cas-de-dissolution-le-chemin-etroit-qui-permettrait-a-marine-le-pen-d-etre-candidate-malgre-son-ineligibilite-20250827\" data-fig-type=\"Article\" data-gtm-custom-categorie=\"navigation\" data-gtm-custom-action=\"crossclick\" data-gtm-custom-label=\"Contextuel\" data-gtm-event=\"customEventSPE\" data-fig-domain=\"LEFIGARO\" target=\"_blank\" rel=\"noopener\">dissolution\u00a0<\/a>de l\u2019Assembl\u00e9e deviendrait \u00abassez in\u00e9luctable\u00bb en cas de blocage politique durable ou d\u2019incapacit\u00e9 \u00e0 adopter les textes budg\u00e9taires. \u00abParce que si rien ne se passe, si aucun gouvernement ne peut pr\u00e9parer aucun budget, comment r\u00e8gle-t-on cette question\u00a0?\u00bb, a-t-il fait mine de s\u2019interroger, tandis que l\u2019entourage d\u2019Emmanuel Macron a fait savoir que le pr\u00e9sident ne \u00absouhaitait pas\u00bb convoquer de nouvelles l\u00e9gislatives, mais qu\u2019il ne se \u00abprivera pas a priori d\u2019un pouvoir constitutionnel\u00bb regagn\u00e9 d\u00e9but juillet, un an apr\u00e8s le second tour des l\u00e9gislatives post-dissolution de 2024. Un sc\u00e9nario que Fran\u00e7ois Bayrou balaie d\u2019un revers de main, m\u00eame s\u2019il \u00e9tait amen\u00e9 \u00e0 quitter Matignon.<\/p>\n<p class=\"fig-body-link\">\n            \u00c0 lire aussi<br \/>\n        <a class=\"fig-body-link__link fig-premium-mark\" href=\"http:\/\/www.lefigaro.fr\/politique\/lecornu-vautrin-cazeneuve-des-premier-ministrables-deja-cites-pour-remplacer-bayrou-20250827\" data-fig-type=\"Article\" data-gtm-custom-categorie=\"navigation\" data-gtm-custom-action=\"crossclick\" data-gtm-custom-label=\"Contextuel\" data-gtm-event=\"customEventSPE\" data-fig-domain=\"LEFIGARO\" target=\"_blank\" rel=\"noopener\">Lecornu, Vautrin, Cazeneuve\u2026 Des \u00abpremier-ministrables\u00bb d\u00e9j\u00e0 cit\u00e9s pour remplacer Bayrou<br \/>\n    <\/a>\n<\/p>\n<p>                                    <a class=\"fig-a11y-skip a11y-hidden\" href=\"#fig-a11y-skip-main-inarticle\"><br \/>\n        Passer la publicit\u00e9<br \/>\n    <\/a><\/p>\n<p class=\"fig-paragraph\">Invit\u00e9 du \u00ab20 heures\u00bb de TF1 ce mercredi soir, le premier ministre a affirm\u00e9 ne \u00abpas croire qu\u2019une nouvelle dissolution nous permettrait d\u2019avoir une stabilit\u00e9, une volont\u00e9, une d\u00e9termination du pays et de ses gouvernants pour avancer\u00bb. Une d\u00e9claration \u00e0 contre-courant, non seulement des appels lanc\u00e9s en ce sens par le Rassemblement national (RN), mais aussi de l\u2019opinion publique. Selon un r\u00e9cent sondage Ifop, 63% des Fran\u00e7ais sont favorables \u00e0 une deuxi\u00e8me dissolution, contre seulement 41% d\u00e9but juin. Signe probable d\u2019une lassitude croissante dans le pays face aux blocages politiques.<\/p>\n<p class=\"fig-paragraph\">Comme s\u2019il jetait ses derni\u00e8res forces dans la bataille, Fran\u00e7ois Bayrou a rappel\u00e9 sa volont\u00e9 \u00e0 \u00abouvrir toutes les n\u00e9gociations n\u00e9cessaires\u00bb avec les oppositions sur le budget&#8230; \u00e0 condition, toutefois, qu\u2019un consensus \u00e9merge avec les partis politiques \u00absur l\u2019importance de l\u2019effort\u00bb \u00e0 consentir pour r\u00e9duire le niveau de la dette. \u00c0 l\u2019entendre, sa chute n\u2019est pas \u00e9crite d\u2019avance. \u00abIl reste douze jours et douze jours, c\u2019est tr\u00e8s, tr\u00e8s long pour parler\u00bb, a-t-il fait valoir, plaidant pour un \u00abaccord sur la gravit\u00e9, sur l\u2019urgence des choses\u00bb, qui pourrait ouvrir la voie \u00e0 \u00abdes n\u00e9gociations\u00bb dans un second temps.<\/p>\n","protected":false},"excerpt":{"rendered":"Invit\u00e9 ce mercredi soir du \u00ab20 heures\u00bb de TF1, le premier ministre a affich\u00e9 son d\u00e9saccord avec son&hellip;\n","protected":false},"author":2,"featured_media":348533,"comment_status":"","ping_status":"","sticky":false,"template":"","format":"standard","meta":{"footnotes":""},"categories":[4],"tags":[11,13281,3080,1011,27,431,12,25],"class_list":{"0":"post-348532","1":"post","2":"type-post","3":"status-publish","4":"format-standard","5":"has-post-thumbnail","7":"category-france","8":"tag-actualites","9":"tag-dissolution-de-lassemblee-nationale","10":"tag-edouard-philippe","11":"tag-fr","12":"tag-france","13":"tag-francois-bayrou","14":"tag-news","15":"tag-republique-francaise"},"share_on_mastodon":{"url":"https:\/\/pubeurope.com\/@fr\/115102868014325093","error":""},"_links":{"self":[{"href":"https:\/\/www.europesays.com\/fr\/wp-json\/wp\/v2\/posts\/348532","targetHints":{"allow":["GET"]}}],"collection":[{"href":"https:\/\/www.europesays.com\/fr\/wp-json\/wp\/v2\/posts"}],"about":[{"href":"https:\/\/www.europesays.com\/fr\/wp-json\/wp\/v2\/types\/post"}],"author":[{"embeddable":true,"href":"https:\/\/www.europesays.com\/fr\/wp-json\/wp\/v2\/users\/2"}],"replies":[{"embeddable":true,"href":"https:\/\/www.europesays.com\/fr\/wp-json\/wp\/v2\/comments?post=348532"}],"version-history":[{"count":0,"href":"https:\/\/www.europesays.com\/fr\/wp-json\/wp\/v2\/posts\/348532\/revisions"}],"wp:featuredmedia":[{"embeddable":true,"href":"https:\/\/www.europesays.com\/fr\/wp-json\/wp\/v2\/media\/348533"}],"wp:attachment":[{"href":"https:\/\/www.europesays.com\/fr\/wp-json\/wp\/v2\/media?parent=348532"}],"wp:term":[{"taxonomy":"category","embeddable":true,"href":"https:\/\/www.europesays.com\/fr\/wp-json\/wp\/v2\/categories?post=348532"},{"taxonomy":"post_tag","embeddable":true,"href":"https:\/\/www.europesays.com\/fr\/wp-json\/wp\/v2\/tags?post=348532"}],"curies":[{"name":"wp","href":"https:\/\/api.w.org\/{rel}","templated":true}]}}