{"id":348539,"date":"2025-08-27T21:35:15","date_gmt":"2025-08-27T21:35:15","guid":{"rendered":"https:\/\/www.europesays.com\/fr\/348539\/"},"modified":"2025-08-27T21:35:15","modified_gmt":"2025-08-27T21:35:15","slug":"des-logements-tailles-pour-les-jeunes","status":"publish","type":"post","link":"https:\/\/www.europesays.com\/fr\/348539\/","title":{"rendered":"Des logements taill\u00e9s pour les jeunes"},"content":{"rendered":"<p>Salle de co-working, laverie, wi-fi gratuit, espace d\u00e9di\u00e9 pour le t\u00e9l\u00e9travail\u2026 Alors que 99 logements sont r\u00e9habilit\u00e9s rue Fr\u00e9d\u00e9ric-Chopin jusqu\u2019\u00e0 fin janvier\u00a02027, l\u2019OMh s\u2019est r\u00e9solument tourn\u00e9 vers un public \u00ab\u00a0jeune\u00a0\u00bb pour ce chantier. \u00ab\u00a0On va \u00e9galement installer des panneaux photovolta\u00efques pour ne plus payer la consommation d\u2019\u00e9lectricit\u00e9 dans les parties communes\u00a0\u00bb encha\u00eene J\u00e9r\u00f4me Dal Borgo, \u00ab\u00a0en fonction des groupes d\u2019immeubles o\u00f9 il y a une forte proportion de jeunes ou de s\u00e9niors, on va essayer de renforcer la sp\u00e9cialisation\u00a0\u00bb.  Maquette Rabolini-Schlegel et associ\u00e9s<\/p>\n","protected":false},"excerpt":{"rendered":"Salle de co-working, laverie, wi-fi gratuit, espace d\u00e9di\u00e9 pour le t\u00e9l\u00e9travail\u2026 Alors que 99 logements sont r\u00e9habilit\u00e9s rue&hellip;\n","protected":false},"author":2,"featured_media":348540,"comment_status":"","ping_status":"","sticky":false,"template":"","format":"standard","meta":{"footnotes":""},"categories":[9635],"tags":[1111,11,33,1704,1777,674,1011,27,775,1116,1702,1703,12,25],"class_list":{"0":"post-348539","1":"post","2":"type-post","3":"status-publish","4":"format-standard","5":"has-post-thumbnail","7":"category-nancy","8":"tag-actu","9":"tag-actualites","10":"tag-economie","11":"tag-edition-nancy-et-agglomeration","12":"tag-eu","13":"tag-europe","14":"tag-fr","15":"tag-france","16":"tag-grand-est","17":"tag-immobilier","18":"tag-nancy","19":"tag-nancy-ville-54b","20":"tag-news","21":"tag-republique-francaise"},"share_on_mastodon":{"url":"https:\/\/pubeurope.com\/@fr\/115102883764135820","error":""},"_links":{"self":[{"href":"https:\/\/www.europesays.com\/fr\/wp-json\/wp\/v2\/posts\/348539","targetHints":{"allow":["GET"]}}],"collection":[{"href":"https:\/\/www.europesays.com\/fr\/wp-json\/wp\/v2\/posts"}],"about":[{"href":"https:\/\/www.europesays.com\/fr\/wp-json\/wp\/v2\/types\/post"}],"author":[{"embeddable":true,"href":"https:\/\/www.europesays.com\/fr\/wp-json\/wp\/v2\/users\/2"}],"replies":[{"embeddable":true,"href":"https:\/\/www.europesays.com\/fr\/wp-json\/wp\/v2\/comments?post=348539"}],"version-history":[{"count":0,"href":"https:\/\/www.europesays.com\/fr\/wp-json\/wp\/v2\/posts\/348539\/revisions"}],"wp:featuredmedia":[{"embeddable":true,"href":"https:\/\/www.europesays.com\/fr\/wp-json\/wp\/v2\/media\/348540"}],"wp:attachment":[{"href":"https:\/\/www.europesays.com\/fr\/wp-json\/wp\/v2\/media?parent=348539"}],"wp:term":[{"taxonomy":"category","embeddable":true,"href":"https:\/\/www.europesays.com\/fr\/wp-json\/wp\/v2\/categories?post=348539"},{"taxonomy":"post_tag","embeddable":true,"href":"https:\/\/www.europesays.com\/fr\/wp-json\/wp\/v2\/tags?post=348539"}],"curies":[{"name":"wp","href":"https:\/\/api.w.org\/{rel}","templated":true}]}}