{"id":348543,"date":"2025-08-27T21:38:20","date_gmt":"2025-08-27T21:38:20","guid":{"rendered":"https:\/\/www.europesays.com\/fr\/348543\/"},"modified":"2025-08-27T21:38:20","modified_gmt":"2025-08-27T21:38:20","slug":"viande-avariee-hygiene-douteuse-materiel-souille-le-restaurant-le-panoramique-au-faron-ferme-par-le-prefet-du-var","status":"publish","type":"post","link":"https:\/\/www.europesays.com\/fr\/348543\/","title":{"rendered":"Viande avari\u00e9e, hygi\u00e8ne douteuse, mat\u00e9riel souill\u00e9&#8230; Le restaurant \u00ab\u00a0Le Panoramique\u00a0\u00bb au Faron ferm\u00e9 par le pr\u00e9fet du Var"},"content":{"rendered":"<p>\u00a0Comme l&rsquo;indique un communiqu\u00e9 de la pr\u00e9fecture du Var, le pr\u00e9fet a ordonn\u00e9 la<strong> f<\/strong><strong>ermeture administrative<\/strong> du restaurant \u00ab\u00a0Le Panoramique\u00a0\u00bb, au <strong>Faron \u00e0 Toulon.\u00a0<\/strong><\/p>\n<p>Lors d&rsquo;un contr\u00f4le r\u00e9alis\u00e9 par la police nationale et film\u00e9e par nos confr\u00e8res de <a href=\"https:\/\/www.bfmtv.com\/var\/replay-emissions\/bonsoir-var\/video-hygiene-un-restaurant-toulonnais-controle_VN-202508220539.html\" target=\"_blank\" rel=\"noopener nofollow\">BFM Toulon Var,<\/a> la semaine derni\u00e8re, le constat \u00e9tait affligeant. Il a \u00e9t\u00e9 relev\u00e9 des <strong>d<\/strong><strong>enr\u00e9es conserv\u00e9es dans des conditions inad\u00e9quates<\/strong>, des<strong> d<\/strong><strong>ates limites de consommation d\u00e9pass\u00e9es, l&rsquo;u<\/strong><strong>tilisation d&rsquo;ustensiles et du mat\u00e9riel\u00a0 sales et souill\u00e9s<\/strong> dans des locaux mal am\u00e9nag\u00e9s, mal nettoy\u00e9s et \u00e0 d\u00e9sinfecter&#8230; \u00a0<\/p>\n<p>\u00ab\u00a0Du fait de ces manquements, l\u2019\u00e9tablissement pr\u00e9sente un danger grave pour la sant\u00e9 publique en raison du risque de toxi-infection alimentaire collective pour les consommateurs. \u00a0Cette mesure administrative restera en vigueur jusqu\u2019\u00e0 remise en conformit\u00e9 des locaux et du mat\u00e9riel\u00a0\u00bb.<\/p>\n<p>Dans le reportage, le commandant Laurent interroge notamment une responsable sur des traces blanches pr\u00e9sentes sur des pommes de terre. \u00ab\u00a0Non, ne les touchez pas, r\u00e9agit-il\u00a0\u00bb. Son interlocutrice lui r\u00e9torque: \u00ab\u00a0\u00e7a doit \u00eatre moisi\u00a0\u00bb. On y d\u00e9couvre aussi des sauces stock\u00e9es depuis quatre mois dans un r\u00e9frig\u00e9rateur. \u00ab\u00a0Elle pourrait \u00eatre du 23 avril. Mettez-moi \u00e7a \u00e0 la poubelle!\u00a0\u00bb.\u00a0<\/p>\n<p>La liste ne s&rsquo;arr\u00eate pas l\u00e0, puisque des poubelles sont trouv\u00e9es au sol, des fruits p\u00e9rim\u00e9s dans un carton&#8230;<\/p>\n<blockquote class=\"twitter-tweet\">\n<p lang=\"fr\" dir=\"ltr\">\ud83d\udd34 Fermeture administrative ordonn\u00e9e par le pr\u00e9fet du <a href=\"https:\/\/twitter.com\/hashtag\/Var?src=hash&amp;ref_src=twsrc%5Etfw\" rel=\"nofollow noopener\" target=\"_blank\">#Var<\/a> du restaurant \u00ab Le Panoramique \u00bb, au Faron \u00e0 Toulon :<br \/>\u274c Denr\u00e9es conserv\u00e9es dans des conditions inad\u00e9quates.<br \/>\u274c Dates limites de consommation d\u00e9pass\u00e9es.<br \/>\u274c Utilisation d&rsquo;ustensiles et du mat\u00e9riel  sales et souill\u00e9s dans\u2026 <a href=\"https:\/\/t.co\/dMyOOGMigd\" rel=\"nofollow\">pic.twitter.com\/dMyOOGMigd<\/a><\/p>\n<p>\u2014 Pr\u00e9fet du Var (@Prefet83) <a href=\"https:\/\/twitter.com\/Prefet83\/status\/1960410503282380890?ref_src=twsrc%5Etfw\" rel=\"nofollow noopener\" target=\"_blank\">August 26, 2025<\/a><\/p><\/blockquote>\n<p>\u00ab\u00a0Revenez demain, ce sera nickel\u00a0\u00bb, commente la personne contr\u00f4l\u00e9e. \u00ab\u00a0C&rsquo;est d\u00e9j\u00e0 ce que vous m&rsquo;avez dit l&rsquo;ann\u00e9e derni\u00e8re!\u00a0\u00bb. R\u00e9ponse de l&rsquo;int\u00e9ress\u00e9e: \u00ab\u00a0Mais vous venez en pleine saison\u00a0\u00bb. Risposte: \u00ab\u00a0Je vais venir quand vous serez ferm\u00e9, ce sera plus simple\u00a0\u00bb.\u00a0<\/p>\n<p>La prise de<strong> temp\u00e9rature dans le frigo fait appara\u00eetre 27\u00b0C<\/strong> et une casserole remplie de moules.\u00a0<\/p>\n<p>Les denr\u00e9es alimentaires ont \u00e9t\u00e9 d\u00e9truites sur place. Un <strong>signalement a \u00e9t\u00e9 fait par la police nationale<\/strong> aupr\u00e8s de la pr\u00e9fecture qui a, \u00e0 l&rsquo;issue, d\u00e9cid\u00e9 de fermer les lieux.\u00a0<\/p>\n<p><script async src=\"https:\/\/platform.twitter.com\/widgets.js\" charset=\"utf-8\"><\/script><\/p>\n","protected":false},"excerpt":{"rendered":"\u00a0Comme l&rsquo;indique un communiqu\u00e9 de la pr\u00e9fecture du Var, le pr\u00e9fet a ordonn\u00e9 la fermeture administrative du restaurant&hellip;\n","protected":false},"author":2,"featured_media":348544,"comment_status":"","ping_status":"","sticky":false,"template":"","format":"standard","meta":{"footnotes":""},"categories":[9619],"tags":[1111,11,1777,674,118,1011,27,12,882,25,2310],"class_list":{"0":"post-348543","1":"post","2":"type-post","3":"status-publish","4":"format-standard","5":"has-post-thumbnail","7":"category-toulon","8":"tag-actu","9":"tag-actualites","10":"tag-eu","11":"tag-europe","12":"tag-faits-divers","13":"tag-fr","14":"tag-france","15":"tag-news","16":"tag-provence-alpes-cote-dazur","17":"tag-republique-francaise","18":"tag-toulon"},"share_on_mastodon":{"url":"https:\/\/pubeurope.com\/@fr\/115102895541243040","error":""},"_links":{"self":[{"href":"https:\/\/www.europesays.com\/fr\/wp-json\/wp\/v2\/posts\/348543","targetHints":{"allow":["GET"]}}],"collection":[{"href":"https:\/\/www.europesays.com\/fr\/wp-json\/wp\/v2\/posts"}],"about":[{"href":"https:\/\/www.europesays.com\/fr\/wp-json\/wp\/v2\/types\/post"}],"author":[{"embeddable":true,"href":"https:\/\/www.europesays.com\/fr\/wp-json\/wp\/v2\/users\/2"}],"replies":[{"embeddable":true,"href":"https:\/\/www.europesays.com\/fr\/wp-json\/wp\/v2\/comments?post=348543"}],"version-history":[{"count":0,"href":"https:\/\/www.europesays.com\/fr\/wp-json\/wp\/v2\/posts\/348543\/revisions"}],"wp:featuredmedia":[{"embeddable":true,"href":"https:\/\/www.europesays.com\/fr\/wp-json\/wp\/v2\/media\/348544"}],"wp:attachment":[{"href":"https:\/\/www.europesays.com\/fr\/wp-json\/wp\/v2\/media?parent=348543"}],"wp:term":[{"taxonomy":"category","embeddable":true,"href":"https:\/\/www.europesays.com\/fr\/wp-json\/wp\/v2\/categories?post=348543"},{"taxonomy":"post_tag","embeddable":true,"href":"https:\/\/www.europesays.com\/fr\/wp-json\/wp\/v2\/tags?post=348543"}],"curies":[{"name":"wp","href":"https:\/\/api.w.org\/{rel}","templated":true}]}}