{"id":348547,"date":"2025-08-27T21:40:20","date_gmt":"2025-08-27T21:40:20","guid":{"rendered":"https:\/\/www.europesays.com\/fr\/348547\/"},"modified":"2025-08-27T21:40:20","modified_gmt":"2025-08-27T21:40:20","slug":"arthur-lenne-prolonge-son-bail-avec-le-montpellier-handball-jusquen-2029-et-prend-du-galon-sur-le-terrain","status":"publish","type":"post","link":"https:\/\/www.europesays.com\/fr\/348547\/","title":{"rendered":"Arthur Lenne prolonge son bail avec le Montpellier Handball jusqu\u2019en 2029 et prend du galon sur le terrain"},"content":{"rendered":"<p>\n                                                                Le pivot de Montpellier et de l\u2019\u00e9quipe de France a prolong\u00e9 son bail avec le MHB jusqu\u2019en 2029 a annonc\u00e9 le club ce mercredi 27\u00a0ao\u00fbt. Il a aussi \u00e9t\u00e9 nomm\u00e9 vice-capitaine.\n                            <\/p>\n<p>Un Lenne en remplace un autre. Parti vers Veszprem \u00e0 l\u2019intersaison, Yanis Lenne a laiss\u00e9 ses galons de vice-capitaine\u2026 \u00e0 son fr\u00e8re Arthur. Une d\u00e9cision prise par le staff qui vient r\u00e9compenser le statut de plus en plus important pris par le pivot montpelli\u00e9rain, en d\u00e9pit de l\u2019arriv\u00e9e de joueurs d\u2019exp\u00e9rience internationale dans le groupe. Le pivot international tricolore (24 ans) s\u2019est \u00e9galement engag\u00e9 jusqu\u2019en 2029 avec le club H\u00e9raultais alors qu\u2019il lui restait encore deux ann\u00e9es de contrat au club. \u00ab\u00a0Pour moi, il ne pouvait pas en \u00eatre autrement, confie-t-il.\u00a0D\u2019autant plus avec la saison forte que l\u2019on vient de vivre je ne pouvais que prolonger. C\u2019est \u00e9galement une fiert\u00e9 d\u2019\u00eatre vice-capitaine aux c\u00f4t\u00e9s de Valentin Porte. J\u2019ai \u00e9t\u00e9 surpris quand le coach m\u2019en a parl\u00e9 mais tr\u00e8s honor\u00e9\u00a0\u00bb.<\/p>\n<blockquote data-class=\"twitter-tweet\">\n<p lang=\"fr\" dir=\"ltr\">?? ??? ??????????\u0301????? ????????\u2026 \\ud83c\\udf5d\\u2600\\ufe0fForm\u00e9 au club depuis 2019, Arthur Lenne franchit une nouvelle \u00e9tape avec le Montpellier Handball en prolongeant son aventure avec le club jusqu\u2019en 2029 ! \\u25b6\\ufe0f<a href=\"https:\/\/t.co\/6eWBviP4Gn\" rel=\"nofollow\">https:\/\/t.co\/6eWBviP4Gn<\/a> <a href=\"https:\/\/t.co\/wXnU6r6Gsv\" rel=\"nofollow\">pic.twitter.com\/wXnU6r6Gsv<\/a><\/p>\n<p>\u2014 Montpellier Handball (@mhbofficiel) <a href=\"https:\/\/twitter.com\/mhbofficiel\/status\/1960682510452474092?ref_src=twsrc%5Etfw\" rel=\"nofollow noopener\" target=\"_blank\">August 27, 2025<\/a><\/p><\/blockquote>\n<p>\u00ab\u00a0Comme une \u00e9vidence\u00a0\u00bb<\/p>\n<p>\u00ab\u00a0On en a parl\u00e9 avec Erick (Math\u00e9) et on est tr\u00e8s vite tomb\u00e9 d\u2019accord. Arthur repr\u00e9sente bien le club et l\u2019avenir, assure Valentin Porte, le capitaine du MHB. Il a grandi, il va faire la transition entre les jeunes et les joueurs exp\u00e9riment\u00e9s.\u00a0\u00bb<\/p>\n<p>\u00ab\u00a0J\u2019ai questionn\u00e9 les cadres pour valider ce choix. \u00c7a sonnait comme une \u00e9vidence, abonde Erick Math\u00e9.\u00a0J\u2019ai besoin d\u2019avoir des courants de leadership diff\u00e9rents. Il est l\u2019interm\u00e9diaire entre les g\u00e9n\u00e9rations et un axe fort de notre d\u00e9fense. \u00c7a va lui permettre de prendre la place qu\u2019il m\u00e9rite et dont on a besoin dans ce groupe.\u00a0\u00bb<\/p>\n<p>Arriv\u00e9 en 2019, Arthur Lenne n\u2019en finit pas de grandir.<\/p>\n<p>                                                                                                                                                                                                        <script async src=\"https:\/\/platform.twitter.com\/widgets.js\" charset=\"utf-8\"><\/script><\/p>\n","protected":false},"excerpt":{"rendered":"Le pivot de Montpellier et de l\u2019\u00e9quipe de France a prolong\u00e9 son bail avec le MHB jusqu\u2019en 2029&hellip;\n","protected":false},"author":2,"featured_media":348548,"comment_status":"","ping_status":"","sticky":false,"template":"","format":"standard","meta":{"footnotes":""},"categories":[9599],"tags":[1111,11,1777,674,1011,27,2208,12,2680,25],"class_list":{"0":"post-348547","1":"post","2":"type-post","3":"status-publish","4":"format-standard","5":"has-post-thumbnail","7":"category-montpellier","8":"tag-actu","9":"tag-actualites","10":"tag-eu","11":"tag-europe","12":"tag-fr","13":"tag-france","14":"tag-montpellier","15":"tag-news","16":"tag-occitanie","17":"tag-republique-francaise"},"share_on_mastodon":{"url":"https:\/\/pubeurope.com\/@fr\/115102903371191056","error":""},"_links":{"self":[{"href":"https:\/\/www.europesays.com\/fr\/wp-json\/wp\/v2\/posts\/348547","targetHints":{"allow":["GET"]}}],"collection":[{"href":"https:\/\/www.europesays.com\/fr\/wp-json\/wp\/v2\/posts"}],"about":[{"href":"https:\/\/www.europesays.com\/fr\/wp-json\/wp\/v2\/types\/post"}],"author":[{"embeddable":true,"href":"https:\/\/www.europesays.com\/fr\/wp-json\/wp\/v2\/users\/2"}],"replies":[{"embeddable":true,"href":"https:\/\/www.europesays.com\/fr\/wp-json\/wp\/v2\/comments?post=348547"}],"version-history":[{"count":0,"href":"https:\/\/www.europesays.com\/fr\/wp-json\/wp\/v2\/posts\/348547\/revisions"}],"wp:featuredmedia":[{"embeddable":true,"href":"https:\/\/www.europesays.com\/fr\/wp-json\/wp\/v2\/media\/348548"}],"wp:attachment":[{"href":"https:\/\/www.europesays.com\/fr\/wp-json\/wp\/v2\/media?parent=348547"}],"wp:term":[{"taxonomy":"category","embeddable":true,"href":"https:\/\/www.europesays.com\/fr\/wp-json\/wp\/v2\/categories?post=348547"},{"taxonomy":"post_tag","embeddable":true,"href":"https:\/\/www.europesays.com\/fr\/wp-json\/wp\/v2\/tags?post=348547"}],"curies":[{"name":"wp","href":"https:\/\/api.w.org\/{rel}","templated":true}]}}