{"id":348549,"date":"2025-08-27T21:45:59","date_gmt":"2025-08-27T21:45:59","guid":{"rendered":"https:\/\/www.europesays.com\/fr\/348549\/"},"modified":"2025-08-27T21:45:59","modified_gmt":"2025-08-27T21:45:59","slug":"la-tronche-une-rencontre-avec-lartiste-jean-pierre-angei-dimanche","status":"publish","type":"post","link":"https:\/\/www.europesays.com\/fr\/348549\/","title":{"rendered":"La Tronche. Une rencontre avec l\u2019artiste Jean-Pierre Angei dimanche"},"content":{"rendered":"<p>Rencontrez et \u00e9changez avec l\u2019artiste Jean-Pierre Angei, qui vous pr\u00e9sente sa s\u00e9rie Alt\u00e9rit\u00e9. Cette s\u00e9rie photographique est n\u00e9e de sa rencontre avec la cr\u00e9atrice de mode Catherine Valentin, qui imagine, coupe, assemble et donne vie \u00e0 des pi\u00e8ces uniques. Fascin\u00e9, Jean-Pierre Angei saisit la pr\u00e9sence d\u00e9licate des v\u00eatements semblant se fondre dans le tissu m\u00eame dont ils sont issus. Une s\u00e9rie d\u2019images magnifiant les cr\u00e9ations textiles de la styliste grenobloise.<\/p>\n<p class=\"note\">Dimanche 31\u00a0ao\u00fbt de 15 heures \u00e0 16 heures au mus\u00e9e H\u00e9bert \u00e0 La Tronche. Gratuit.<\/p>\n","protected":false},"excerpt":{"rendered":"Rencontrez et \u00e9changez avec l\u2019artiste Jean-Pierre Angei, qui vous pr\u00e9sente sa s\u00e9rie Alt\u00e9rit\u00e9. Cette s\u00e9rie photographique est n\u00e9e&hellip;\n","protected":false},"author":2,"featured_media":348550,"comment_status":"","ping_status":"","sticky":false,"template":"","format":"standard","meta":{"footnotes":""},"categories":[9566],"tags":[1111,11,2430,1687,112,1777,674,2271,1795,1011,27,2731,108,12297,9598,12,25],"class_list":{"0":"post-348549","1":"post","2":"type-post","3":"status-publish","4":"format-standard","5":"has-post-thumbnail","7":"category-grenoble","8":"tag-actu","9":"tag-actualites","10":"tag-auvergne-rhone-alpes","11":"tag-culture-loisirs","12":"tag-edition-grenoble-agglomeration","13":"tag-eu","14":"tag-europe","15":"tag-exposition-arts-plastiques","16":"tag-fil-web","17":"tag-fr","18":"tag-france","19":"tag-grenoble","20":"tag-isere","21":"tag-la-tronche","22":"tag-meylan-et-autour","23":"tag-news","24":"tag-republique-francaise"},"share_on_mastodon":{"url":"https:\/\/pubeurope.com\/@fr\/115102926949533535","error":""},"_links":{"self":[{"href":"https:\/\/www.europesays.com\/fr\/wp-json\/wp\/v2\/posts\/348549","targetHints":{"allow":["GET"]}}],"collection":[{"href":"https:\/\/www.europesays.com\/fr\/wp-json\/wp\/v2\/posts"}],"about":[{"href":"https:\/\/www.europesays.com\/fr\/wp-json\/wp\/v2\/types\/post"}],"author":[{"embeddable":true,"href":"https:\/\/www.europesays.com\/fr\/wp-json\/wp\/v2\/users\/2"}],"replies":[{"embeddable":true,"href":"https:\/\/www.europesays.com\/fr\/wp-json\/wp\/v2\/comments?post=348549"}],"version-history":[{"count":0,"href":"https:\/\/www.europesays.com\/fr\/wp-json\/wp\/v2\/posts\/348549\/revisions"}],"wp:featuredmedia":[{"embeddable":true,"href":"https:\/\/www.europesays.com\/fr\/wp-json\/wp\/v2\/media\/348550"}],"wp:attachment":[{"href":"https:\/\/www.europesays.com\/fr\/wp-json\/wp\/v2\/media?parent=348549"}],"wp:term":[{"taxonomy":"category","embeddable":true,"href":"https:\/\/www.europesays.com\/fr\/wp-json\/wp\/v2\/categories?post=348549"},{"taxonomy":"post_tag","embeddable":true,"href":"https:\/\/www.europesays.com\/fr\/wp-json\/wp\/v2\/tags?post=348549"}],"curies":[{"name":"wp","href":"https:\/\/api.w.org\/{rel}","templated":true}]}}