{"id":348551,"date":"2025-08-27T21:47:17","date_gmt":"2025-08-27T21:47:17","guid":{"rendered":"https:\/\/www.europesays.com\/fr\/348551\/"},"modified":"2025-08-27T21:47:17","modified_gmt":"2025-08-27T21:47:17","slug":"un-elu-sen-prend-a-israel-lors-de-la-ceremonie-de-la-rafle-du-26-aout-1942-le-crif-furieux","status":"publish","type":"post","link":"https:\/\/www.europesays.com\/fr\/348551\/","title":{"rendered":"un \u00e9lu s&rsquo;en prend \u00e0 Isra\u00ebl lors de la c\u00e9r\u00e9monie de la rafle du 26 ao\u00fbt 1942, le CRIF furieux"},"content":{"rendered":"<p itemprop=\"description\"><strong>Ce mardi \u00e0 Grenoble se d\u00e9roulait la c\u00e9r\u00e9monie de comm\u00e9moration de la rafle du 26 ao\u00fbt 1942.<\/strong><\/p>\n<p>Ce jour-l\u00e0 \u00e0 Grenoble, la rafle de la caserne Bizanet entra\u00eenait l&rsquo;arrestation de 353 juifs, dont la plupart ont \u00e9t\u00e9 d\u00e9port\u00e9s \u00e0 Auschwitz.<\/p>\n<p>Mais la c\u00e9r\u00e9monie a tourn\u00e9 court. La faute \u00e0 Claus Habfast, conseiller municipal grenoblois et repr\u00e9sentant d&rsquo;Eric Piolle, qui a choqu\u00e9 de nombreux officiels lors de son discours, provoquant d&rsquo;ailleurs le d\u00e9part de certains participants outr\u00e9s.<\/p>\n<p>Et pour cause, l&rsquo;\u00e9lu d&rsquo;origine allemande s&rsquo;est lanc\u00e9 dans une tirade sur le conflit isra\u00e9lo-palestinien, se disant \u00ab\u00a0profond\u00e9ment troubl\u00e9\u00a0\u00bb par l&rsquo;h\u00e9ritage de la rafle Bizanet.<\/p>\n<p>\u00ab\u00a0Est-ce qu\u2019une coalition d\u2019extr\u00eame droite peut vraiment pr\u00e9tendre repr\u00e9senter seule un peuple universel et sa culture plusieurs fois mill\u00e9naire ? Le droit d\u2019existence d\u2019Isra\u00ebl en tant qu\u2019\u00c9tat-nation du peuple juif, n\u2019est-il pas indissociable d\u2019une soci\u00e9t\u00e9 qui accueille \u00e9galement des non-juifs ?\u00a0\u00bb, a ainsi r\u00e9cit\u00e9 Claus Habfast, \u00e9voquant ensuite les \u00ab\u00a0enfants morts \u00e0 Gaza\u00a0\u00bb qui \u00ab\u00a0alimentent l&rsquo;antisionisme et d\u00e9complexe davantage encore l&rsquo;antis\u00e9mitisme\u00a0\u00bb.<\/p>\n<p>Un discours visiblement r\u00e9dig\u00e9 en accord avec d&rsquo;autres \u00e9lus de la majorit\u00e9 Piolle qui \u00e9tait, au mieux maladroit, et qui a donc pouss\u00e9 le pr\u00e9sident du Crif Eric Hattab \u00e0 quitter les lieux, accompagn\u00e9 de la s\u00e9natrice Fr\u00e9d\u00e9rique Puissat ou de la d\u00e9put\u00e9e Camille Galliard-Minier.<\/p>\n<p>\u00ab\u00a0En m\u00e9langeant la Shoah et la trag\u00e9die actuelle du Proche-Orient, le repr\u00e9sentant de la Mairie de Grenoble a brouill\u00e9 le message et offens\u00e9 la m\u00e9moire des victimes, a fustig\u00e9 le Crif dans un communiqu\u00e9. Pire encore, ce discours hors-sujet et s\u00e9lectif a pass\u00e9 sous silence les actes terroristes commis par le Hamas le 7 octobre 2023 et les otages isra\u00e9liens encore retenus \u00e0 Gaza dans des conditions inhumaines. Cette partialit\u00e9 ajoute l\u2019injustice \u00e0 l\u2019inconvenance\u00a0\u00bb.<\/p>\n<p>La mairie de Grenoble n&rsquo;a pas encore r\u00e9agi.<\/p>\n<p>\u00ab\u00a0Nous demandons au maire de Grenoble qu\u2019il s\u2019assure que de tels d\u00e9rapages ne se reproduisent plus.<br \/>Afin d\u2019en avoir l\u2019assurance, le Crif Grenoble-Dauphin\u00e9 exige que monsieur Claus Habfast ne prononce plus aucun discours au nom de la mairie de Grenoble lors de comm\u00e9morations officielles en lien avec les pers\u00e9cutions subies par la communaut\u00e9 juive\u00a0\u00bb, conclut le Crif.<\/p>\n","protected":false},"excerpt":{"rendered":"Ce mardi \u00e0 Grenoble se d\u00e9roulait la c\u00e9r\u00e9monie de comm\u00e9moration de la rafle du 26 ao\u00fbt 1942. Ce&hellip;\n","protected":false},"author":2,"featured_media":348552,"comment_status":"","ping_status":"","sticky":false,"template":"","format":"standard","meta":{"footnotes":""},"categories":[9566],"tags":[1111,11,7733,8279,2430,7736,650,7734,2889,2263,1777,674,1011,27,2731,8280,6417,1114,108,4662,12,3725,1825,25,7737],"class_list":{"0":"post-348551","1":"post","2":"type-post","3":"status-publish","4":"format-standard","5":"has-post-thumbnail","7":"category-grenoble","8":"tag-actu","9":"tag-actualites","10":"tag-alpes","11":"tag-alpes1","12":"tag-auvergne-rhone-alpes","13":"tag-cds","14":"tag-cinema","15":"tag-ecoute","16":"tag-emission","17":"tag-equipe","18":"tag-eu","19":"tag-europe","20":"tag-fr","21":"tag-france","22":"tag-grenoble","23":"tag-haute","24":"tag-information","25":"tag-infos","26":"tag-isere","27":"tag-journal","28":"tag-news","29":"tag-podcast","30":"tag-radio","31":"tag-republique-francaise","32":"tag-winamp"},"share_on_mastodon":{"url":"https:\/\/pubeurope.com\/@fr\/115102931041561264","error":""},"_links":{"self":[{"href":"https:\/\/www.europesays.com\/fr\/wp-json\/wp\/v2\/posts\/348551","targetHints":{"allow":["GET"]}}],"collection":[{"href":"https:\/\/www.europesays.com\/fr\/wp-json\/wp\/v2\/posts"}],"about":[{"href":"https:\/\/www.europesays.com\/fr\/wp-json\/wp\/v2\/types\/post"}],"author":[{"embeddable":true,"href":"https:\/\/www.europesays.com\/fr\/wp-json\/wp\/v2\/users\/2"}],"replies":[{"embeddable":true,"href":"https:\/\/www.europesays.com\/fr\/wp-json\/wp\/v2\/comments?post=348551"}],"version-history":[{"count":0,"href":"https:\/\/www.europesays.com\/fr\/wp-json\/wp\/v2\/posts\/348551\/revisions"}],"wp:featuredmedia":[{"embeddable":true,"href":"https:\/\/www.europesays.com\/fr\/wp-json\/wp\/v2\/media\/348552"}],"wp:attachment":[{"href":"https:\/\/www.europesays.com\/fr\/wp-json\/wp\/v2\/media?parent=348551"}],"wp:term":[{"taxonomy":"category","embeddable":true,"href":"https:\/\/www.europesays.com\/fr\/wp-json\/wp\/v2\/categories?post=348551"},{"taxonomy":"post_tag","embeddable":true,"href":"https:\/\/www.europesays.com\/fr\/wp-json\/wp\/v2\/tags?post=348551"}],"curies":[{"name":"wp","href":"https:\/\/api.w.org\/{rel}","templated":true}]}}