{"id":348553,"date":"2025-08-27T21:48:21","date_gmt":"2025-08-27T21:48:21","guid":{"rendered":"https:\/\/www.europesays.com\/fr\/348553\/"},"modified":"2025-08-27T21:48:21","modified_gmt":"2025-08-27T21:48:21","slug":"cedric-villani-mathematicien-et-ancien-depute-devient-prof-dans-ces-deux-ecoles-a-luniversite-de-rennes","status":"publish","type":"post","link":"https:\/\/www.europesays.com\/fr\/348553\/","title":{"rendered":"C\u00e9dric Villani, math\u00e9maticien et ancien d\u00e9put\u00e9, devient prof dans ces deux \u00e9coles \u00e0 l&rsquo;Universit\u00e9 de Rennes"},"content":{"rendered":"<p>            Par<br \/>\n        <strong><br \/>\n            <a href=\"https:\/\/actu.fr\/auteur\/brian-legoff\" title=\"Consulter tous les articles de Brian Le Goff\" target=\"_blank\" rel=\"noopener\">Brian Le Goff<\/a><br \/>\n        <\/strong><\/p>\n<p>        Publi\u00e9 le<\/p>\n<p>            27 ao\u00fbt 2025 \u00e0 15h36        <\/p>\n<p>Il <strong>fera partie des tout premiers professeurs d\u2019une nouvelle formation<\/strong> au sein de <a href=\"https:\/\/actu.fr\/tag\/rennes-1\" target=\"_blank\" rel=\"noopener\">l\u2019Universit\u00e9 de Rennes<\/a>. \u00c0 partir de la rentr\u00e9e 2025, <strong>C\u00e9dric Villani,<\/strong> math\u00e9maticien et homme politique, d\u00e9put\u00e9 de l\u2019Essonne entre\u00a02017 et\u00a02022, \u00e9lu sous l\u2019\u00e9tiquette LREM, interviendra au sein de l\u2019Executive MBA \u00ab\u2009Sciences et gouvernance \u2013 M\u00e9tiers du politique\u2009\u00bb <strong>\u00e0 Sciences Po Rennes et l\u2019ENS Rennes<\/strong>.<\/p>\n<p class=\" wall-content\">Ce sont <strong>les deux \u00e9tablissements qui en ont fait l\u2019annonce<\/strong> dans un communiqu\u00e9, <strong>mercredi 27\u00a0ao\u00fbt 2025<\/strong>.<\/p>\n<p>Qu&rsquo;est-ce que un Executive MBA ?<\/p>\n<p>L&rsquo;acronyme MBA provient de l&rsquo;anglais et signifie Master of Business Administration. Traduit en fran\u00e7ais par \u00ab\u00a0Ma\u00eetrise en Administration des Affaires\u201d, un Executive MBA (eMBA) est un programme de formation en management destin\u00e9 aux cadres exp\u00e9riment\u00e9s, visant \u00e0 renforcer leurs comp\u00e9tences en leadership, en strat\u00e9gie et en gestion d\u2019entreprise tout en poursuivant leur activit\u00e9 professionnelle.<\/p>\n<p>\u00ab\u2009Nos jeunes futurs politiques en ont grand besoin\u2009\u00bb<\/p>\n<p class=\" wall-content\">En effet, ces deux \u00e9coles ont d\u00e9cid\u00e9 de <strong>proposer, \u00e0 sept mois des \u00e9lections<\/strong> municipales, cette formation in\u00e9dite \u00ab\u2009dans un moment cl\u00e9\u2009\u00bb.<\/p>\n<blockquote class=\"ac-article-quote wall-content\">\n<p>De nombreux \u00e9lus et responsables engag\u00e9s cherchent \u00e0 renforcer leurs comp\u00e9tences pour mieux r\u00e9pondre aux besoins des citoyens. L\u2019ambition de ce eMBA est d\u2019int\u00e9grer pleinement le fait scientifique, par nature pluridisciplinaire, dans la d\u00e9cision politique.<\/p>\n<p>    <strong>ENS Rennes et Sciences Po Rennes<\/strong>\n            <\/p><\/blockquote>\n<p class=\" wall-content\">De son c\u00f4t\u00e9, C\u00e9dric Villani explique que<strong> la \u00ab\u2009science et la technologie [\u2026] jouent un r\u00f4le plus important que jamais dans la politique d\u2019aujourd\u2019hui\u2009\u00bb<\/strong> dans tous les domaines\u2009: agriculture, guerre, lutte d\u2019influences, \u00e9conomie et vie en g\u00e9n\u00e9ral. \u00ab\u2009Plus que d\u2019une \u00e9num\u00e9ration sans fin de d\u00e9veloppements et de points chauds, <strong>nos jeunes futurs politiques ont grand besoin d\u2019une familiarisation<\/strong> avec les grands principes et la culture<strong> de cette interface science-politique<\/strong> qui fait si cruellement d\u00e9faut en g\u00e9n\u00e9ral, aussi bien aux scientifiques qu\u2019aux politiques\u2009!\u2009\u00bb<\/p>\n<p>Votre r\u00e9gion, votre actu !<\/p>\n<p>Recevez chaque jour les infos qui comptent pour vous.<\/p>\n<p>\t<a href=\"https:\/\/actu.fr\/newsletter\" class=\"ac-btn ac-btn--corner ac-btn--medium ac-btn--blue800\" target=\"_blank\" rel=\"noopener\">S&rsquo;incrire<\/a><br \/>\n120\u00a0heures de formation, quatre modules, des experts<\/p>\n<p class=\" wall-content\">Cette formation sera compos\u00e9e de<strong> 120\u00a0heures de cours<\/strong> autour de<strong> quatre modules\u2009:<\/strong><\/p>\n<ul class=\" wall-content\">\n<li>\u00ab\u2009construire et analyser les politiques publiques\u2009\u00bb,<\/li>\n<li>\u00ab\u2009construire un projet politique\u2009\u00bb,<\/li>\n<li>\u00ab\u2009savoir communiquer efficacement\u2009\u00bb,<\/li>\n<li>\u00ab\u2009Science et gouvernance politique\u2009\u00bb.<\/li>\n<\/ul>\n<p class=\" wall-content\">\u00ab\u2009Ces modules m\u00ealent savoirs acad\u00e9miques, \u00e9tudes de cas et mises en situation. La premi\u00e8re session d\u00e9butera dans les locaux de Sciences Po Rennes\u2009\u00bb, poursuit le communiqu\u00e9 des deux \u00e9coles, qui pr\u00e9cise que <strong>C\u00e9dric Villani interviendra dans l\u2019un des modules, \u00ab\u2009entour\u00e9 d\u2019experts<\/strong> passionn\u00e9s qui partagent leurs parcours et leurs conseils tout au long de la formation\u2009\u00bb.<\/p>\n<p class=\" wall-content\">Personnalisez votre actualit\u00e9 en ajoutant vos villes et m\u00e9dias en favori avec <a href=\"https:\/\/moncompte.actu.fr\" title=\"D\u00e9couvez Mon Actu\" rel=\"nofollow noopener\" data-trk=\"{&quot;cta&quot;:{&quot;action&quot;:&quot;https:\\\/\\\/moncompte.actu.fr&quot;,&quot;category&quot;:&quot;mon compte&quot;,&quot;from&quot;:&quot;article footer&quot;,&quot;name&quot;:&quot;Mon actu&quot;,&quot;type&quot;:&quot;cta&quot;}}\" target=\"_blank\">Mon Actu<\/a>.<\/p>\n","protected":false},"excerpt":{"rendered":"Par Brian Le Goff Publi\u00e9 le 27 ao\u00fbt 2025 \u00e0 15h36 Il fera partie des tout premiers professeurs&hellip;\n","protected":false},"author":2,"featured_media":348554,"comment_status":"","ping_status":"","sticky":false,"template":"","format":"standard","meta":{"footnotes":""},"categories":[2821],"tags":[1111,11,829,1064,1777,674,1011,27,12,316,584,48497,25],"class_list":{"0":"post-348553","1":"post","2":"type-post","3":"status-publish","4":"format-standard","5":"has-post-thumbnail","7":"category-rennes","8":"tag-actu","9":"tag-actualites","10":"tag-bretagne","11":"tag-etudiantses","12":"tag-eu","13":"tag-europe","14":"tag-fr","15":"tag-france","16":"tag-news","17":"tag-politique","18":"tag-rennes","19":"tag-rennes-1","20":"tag-republique-francaise"},"share_on_mastodon":{"url":"https:\/\/pubeurope.com\/@fr\/115102934866602718","error":""},"_links":{"self":[{"href":"https:\/\/www.europesays.com\/fr\/wp-json\/wp\/v2\/posts\/348553","targetHints":{"allow":["GET"]}}],"collection":[{"href":"https:\/\/www.europesays.com\/fr\/wp-json\/wp\/v2\/posts"}],"about":[{"href":"https:\/\/www.europesays.com\/fr\/wp-json\/wp\/v2\/types\/post"}],"author":[{"embeddable":true,"href":"https:\/\/www.europesays.com\/fr\/wp-json\/wp\/v2\/users\/2"}],"replies":[{"embeddable":true,"href":"https:\/\/www.europesays.com\/fr\/wp-json\/wp\/v2\/comments?post=348553"}],"version-history":[{"count":0,"href":"https:\/\/www.europesays.com\/fr\/wp-json\/wp\/v2\/posts\/348553\/revisions"}],"wp:featuredmedia":[{"embeddable":true,"href":"https:\/\/www.europesays.com\/fr\/wp-json\/wp\/v2\/media\/348554"}],"wp:attachment":[{"href":"https:\/\/www.europesays.com\/fr\/wp-json\/wp\/v2\/media?parent=348553"}],"wp:term":[{"taxonomy":"category","embeddable":true,"href":"https:\/\/www.europesays.com\/fr\/wp-json\/wp\/v2\/categories?post=348553"},{"taxonomy":"post_tag","embeddable":true,"href":"https:\/\/www.europesays.com\/fr\/wp-json\/wp\/v2\/tags?post=348553"}],"curies":[{"name":"wp","href":"https:\/\/api.w.org\/{rel}","templated":true}]}}