{"id":348555,"date":"2025-08-27T21:49:10","date_gmt":"2025-08-27T21:49:10","guid":{"rendered":"https:\/\/www.europesays.com\/fr\/348555\/"},"modified":"2025-08-27T21:49:10","modified_gmt":"2025-08-27T21:49:10","slug":"mercato-rennes-lattaquant-esteban-lepaul-arrive","status":"publish","type":"post","link":"https:\/\/www.europesays.com\/fr\/348555\/","title":{"rendered":"Mercato Rennes\u00a0: l\u2019attaquant Esteban Lepaul arrive"},"content":{"rendered":"<p class=\"paragraph text_align_left lp-f-body-02\">Il y aura eu des rebondissements, des petites avanc\u00e9es et quelques pas en arri\u00e8re ces derniers jours, mais \u00e0 l\u2019arriv\u00e9e Esteban Lepaul va bien d\u00e9barquer <a href=\"https:\/\/www.leparisien.fr\/sports\/football\/ligue-1\/lorient-rennes-deux-cartons-rouges-en-10-minutes-le-stade-rennais-va-jouer-80-minutes-a-9-24-08-2025-OKP7JRQ5FVBPJNPH6QOR2JQHLU.php\" target=\"_self\" rel=\"nofollow noopener\">au Stade Rennais<\/a>.<\/p>\n<p class=\"paragraph text_align_left lp-f-body-02\">Apr\u00e8s des n\u00e9gociations \u00e2pres, au cours desquelles chacun a jou\u00e9 sa partition, Rennes et Angers ont fini par s\u2019entendre, ce mercredi, pour le transfert de l\u2019attaquant de 25 ans. Comme indiqu\u00e9 par <a href=\"https:\/\/www.lequipe.fr\/Football\/Actualites\/Mercato-esteban-lepaul-arrive-a-rennes-conrad-harder-aussi\/1588084\" target=\"_blank\" rel=\"noreferrer nofollow noopener\">L\u2019\u00c9quipe<\/a>, nous pouvons confirmer que les deux clubs finalisent les derniers d\u00e9tails pour une indemnit\u00e9 qui devrait se situer autour de 15 millions d\u2019euros, bonus inclus.<\/p>\n<p class=\"paragraph text_align_left lp-f-body-02\">Form\u00e9 \u00e0 Lyon, Lepaul avait \u00e9t\u00e9 recrut\u00e9 par le SCO \u00e0 \u00c9pinal en janvier 2024 pour seulement 150 000 euros. Il sort d\u2019une tr\u00e8s belle saison avec 13 buts toutes comp\u00e9titions confondues.<\/p>\n<p class=\"paragraph text_align_left lp-f-body-02\">L\u2019arriv\u00e9e d\u2019un deuxi\u00e8me offensif est esp\u00e9r\u00e9e par Rennes avant la cl\u00f4ture du march\u00e9 des transferts.<\/p>\n","protected":false},"excerpt":{"rendered":"Il y aura eu des rebondissements, des petites avanc\u00e9es et quelques pas en arri\u00e8re ces derniers jours, mais&hellip;\n","protected":false},"author":2,"featured_media":348556,"comment_status":"","ping_status":"","sticky":false,"template":"","format":"standard","meta":{"footnotes":""},"categories":[2821],"tags":[1111,11,829,1777,674,63,1011,27,66,12,584,25,60],"class_list":{"0":"post-348555","1":"post","2":"type-post","3":"status-publish","4":"format-standard","5":"has-post-thumbnail","7":"category-rennes","8":"tag-actu","9":"tag-actualites","10":"tag-bretagne","11":"tag-eu","12":"tag-europe","13":"tag-football","14":"tag-fr","15":"tag-france","16":"tag-ligue-1","17":"tag-news","18":"tag-rennes","19":"tag-republique-francaise","20":"tag-sports"},"share_on_mastodon":{"url":"https:\/\/pubeurope.com\/@fr\/115102938833916651","error":""},"_links":{"self":[{"href":"https:\/\/www.europesays.com\/fr\/wp-json\/wp\/v2\/posts\/348555","targetHints":{"allow":["GET"]}}],"collection":[{"href":"https:\/\/www.europesays.com\/fr\/wp-json\/wp\/v2\/posts"}],"about":[{"href":"https:\/\/www.europesays.com\/fr\/wp-json\/wp\/v2\/types\/post"}],"author":[{"embeddable":true,"href":"https:\/\/www.europesays.com\/fr\/wp-json\/wp\/v2\/users\/2"}],"replies":[{"embeddable":true,"href":"https:\/\/www.europesays.com\/fr\/wp-json\/wp\/v2\/comments?post=348555"}],"version-history":[{"count":0,"href":"https:\/\/www.europesays.com\/fr\/wp-json\/wp\/v2\/posts\/348555\/revisions"}],"wp:featuredmedia":[{"embeddable":true,"href":"https:\/\/www.europesays.com\/fr\/wp-json\/wp\/v2\/media\/348556"}],"wp:attachment":[{"href":"https:\/\/www.europesays.com\/fr\/wp-json\/wp\/v2\/media?parent=348555"}],"wp:term":[{"taxonomy":"category","embeddable":true,"href":"https:\/\/www.europesays.com\/fr\/wp-json\/wp\/v2\/categories?post=348555"},{"taxonomy":"post_tag","embeddable":true,"href":"https:\/\/www.europesays.com\/fr\/wp-json\/wp\/v2\/tags?post=348555"}],"curies":[{"name":"wp","href":"https:\/\/api.w.org\/{rel}","templated":true}]}}