{"id":348560,"date":"2025-08-27T21:52:11","date_gmt":"2025-08-27T21:52:11","guid":{"rendered":"https:\/\/www.europesays.com\/fr\/348560\/"},"modified":"2025-08-27T21:52:11","modified_gmt":"2025-08-27T21:52:11","slug":"le-milliardaire-francais-bernard-arnault-soffre-un-joyau-de-lhotellerie-de-la-cote-dazur-pour-200-millions-deuros","status":"publish","type":"post","link":"https:\/\/www.europesays.com\/fr\/348560\/","title":{"rendered":"Le milliardaire fran\u00e7ais Bernard Arnault s\u2019offre un joyau de l&rsquo;h\u00f4tellerie de la C\u00f4te d\u2019Azur pour 200 millions d&rsquo;euros"},"content":{"rendered":"<p>On conna\u00eet depuis longtemps l\u2019int\u00e9r\u00eat de Bernard Arnault, pr\u00e9sident-directeur g\u00e9n\u00e9ral du groupe de luxe LVMH &#8211; Mo\u00ebt Hennessy Louis Vuitton, pour la C\u00f4te d\u2019Azur.<\/p>\n<p>On aper\u00e7oit r\u00e9guli\u00e8rement son yacht de 101m\u00e8tres Symphony navigant entre Monaco et Saint-Tropez. C\u2019est d\u2019ailleurs dans le Golfe que l\u2019une des plus grosses fortunes mondiales a acquis la villa et l\u2019h\u00f4tel cinq-\u00e9toiles La R\u00e9sidence de la Pin\u00e8de. Un site rachet\u00e9 en 2016 \u00e0 Jean-Claude Delion, propri\u00e9taire de la R\u00e9serve de Beaulieu-sur-Mer.<\/p>\n<p>En faisant l\u2019acquisition \u2013 par l\u2019interm\u00e9diaire de sa soci\u00e9t\u00e9 Agache, \u2013 de l\u2019h\u00f4tel Cap Estel, ce cinq-\u00e9toiles situ\u00e9 \u00e0 \u00c8ze, Bernard Arnault s\u2019offre un v\u00e9ritable joyau h\u00f4telier de la C\u00f4te d\u2019Azur ainsi qu\u2019un lieu unique. Un site \u00e0 la fois historique et confidentiel. Le Cap Estel est compos\u00e9 de 28 chambres et suites et poss\u00e8de, dans son vaste parc, une piscine ext\u00e9rieure. Une salle de fitness et un spa sont aussi mis \u00e0 disposition.<\/p>\n<p>Un h\u00f4tel mythique charg\u00e9 d\u2019histoire<\/p>\n<p>              <img ci-src=\"https:\/\/www.nicematin.com\/economie\/protec\/DATA_ART_16141694-MHCIEqzD.jpeg?vh=3a9a35&amp;ci_seal=6871fb59f6\" alt=\"\"\/><br \/>\n        Les clients peuvent m\u00eame se livrer \u00e0 une partie d\u2019\u00e9chec sur un \u00e9chiquier g\u00e9ant.&#13;<br \/>\n(Photo D. G.) <strong>Photo D. G.<\/strong> <\/p>\n<p>C\u2019est en 1899 que l\u2019auteur et \u00e9diteur irlandais Franck Harris, ami et confident d\u2019Oscar Wilde, \u00e9difie sur un cap aride de 2 hectares uniquement constitu\u00e9 de rochers, une modeste b\u00e2tisse qu\u2019il transforme en \u00e9tablissement h\u00f4telier. Un \u00e9tablissement o\u00f9 il re\u00e7oit essentiellement ses amis. La b\u00e2tisse est rachet\u00e9e en 1904 par le comte M\u00e9ry de la Canorgue, fabricant de canots automobiles, qui y plante de magnifiques arbres et la transforme en r\u00e9sidence priv\u00e9e sous le nom de villa Cap Estel. Il la revend quatre ans plus tard au comte russe Sergue\u00ef Stroganoff, figure tr\u00e8s en vue de la Belle \u00c9poque, qui l\u2019habite avec sa ma\u00eetresse Rose Levieuze. Puis, au d\u00e9but des ann\u00e9es 1920, la demeure passe aux mains de l\u2019armateur et pilote de course grec, Andr\u00e9 Embiricos, qui y r\u00e9side pendant de nombreuses ann\u00e9es. Apr\u00e8s la Seconde Guerre mondiale, en 1951, la villa Cap Estel est rachet\u00e9e par Robert Squarciafichi qui l\u2019agrandit et la transforme en un v\u00e9ritable h\u00f4tel de luxe o\u00f9 s\u00e9journeront notamment de grandes personnalit\u00e9s du monde artistique comme Greta Garbo, David Niven, Anthony Quinn ou les Beatles.<\/p>\n<p>L\u2019\u00e9tablissement est ensuite rachet\u00e9 en 2000 par un Russe qui proc\u00e8de de nouveau \u00e0 une r\u00e9novation totale tout en conservant son charme du XIX\u00e8 si\u00e8cle. Il appr\u00e9cie tellement le lieu qu\u2019il l\u2019utilise une partie de l\u2019ann\u00e9e comme une r\u00e9sidence priv\u00e9e en le fermant \u00e0 la client\u00e8le durant cette p\u00e9riode. Il en profite pour diminuer le nombre de chambres pour en augmenter la surface et y installe un restaurant gastronomique pilot\u00e9 pendant longtemps par le chef \u00e9toil\u00e9 Patrick Raingeard, parti il y a quelques mois lancer son propre \u00e9tablissement, P\u00e8re et Fils, au Sclos de Contes. Depuis avril, c\u2019est K\u00e9vin Garcia, ancien chef du Jules Verne \u00e0 Paris (deux \u00e9toiles), qui est aux commandes.<\/p>\n<p>Le prix de cette nouvelle transaction acquise par Bernard Arnault? 200 millions d\u2019euros. Une information confirm\u00e9e par le maire d\u2019\u00c8ze, St\u00e9phane Cherki. Prix \u00e0 payer pour ce qui est sans doute l\u2019h\u00f4tel le plus priv\u00e9 et le tr\u00e9sor le plus cach\u00e9 de la C\u00f4te d\u2019Azur.<\/p>\n","protected":false},"excerpt":{"rendered":"On conna\u00eet depuis longtemps l\u2019int\u00e9r\u00eat de Bernard Arnault, pr\u00e9sident-directeur g\u00e9n\u00e9ral du groupe de luxe LVMH &#8211; Mo\u00ebt Hennessy&hellip;\n","protected":false},"author":2,"featured_media":348561,"comment_status":"","ping_status":"","sticky":false,"template":"","format":"standard","meta":{"footnotes":""},"categories":[2819],"tags":[1111,11,33,1777,674,1011,27,12,2401,882,25],"class_list":{"0":"post-348560","1":"post","2":"type-post","3":"status-publish","4":"format-standard","5":"has-post-thumbnail","7":"category-nice","8":"tag-actu","9":"tag-actualites","10":"tag-economie","11":"tag-eu","12":"tag-europe","13":"tag-fr","14":"tag-france","15":"tag-news","16":"tag-nice","17":"tag-provence-alpes-cote-dazur","18":"tag-republique-francaise"},"share_on_mastodon":{"url":"https:\/\/pubeurope.com\/@fr\/115102950625046964","error":""},"_links":{"self":[{"href":"https:\/\/www.europesays.com\/fr\/wp-json\/wp\/v2\/posts\/348560","targetHints":{"allow":["GET"]}}],"collection":[{"href":"https:\/\/www.europesays.com\/fr\/wp-json\/wp\/v2\/posts"}],"about":[{"href":"https:\/\/www.europesays.com\/fr\/wp-json\/wp\/v2\/types\/post"}],"author":[{"embeddable":true,"href":"https:\/\/www.europesays.com\/fr\/wp-json\/wp\/v2\/users\/2"}],"replies":[{"embeddable":true,"href":"https:\/\/www.europesays.com\/fr\/wp-json\/wp\/v2\/comments?post=348560"}],"version-history":[{"count":0,"href":"https:\/\/www.europesays.com\/fr\/wp-json\/wp\/v2\/posts\/348560\/revisions"}],"wp:featuredmedia":[{"embeddable":true,"href":"https:\/\/www.europesays.com\/fr\/wp-json\/wp\/v2\/media\/348561"}],"wp:attachment":[{"href":"https:\/\/www.europesays.com\/fr\/wp-json\/wp\/v2\/media?parent=348560"}],"wp:term":[{"taxonomy":"category","embeddable":true,"href":"https:\/\/www.europesays.com\/fr\/wp-json\/wp\/v2\/categories?post=348560"},{"taxonomy":"post_tag","embeddable":true,"href":"https:\/\/www.europesays.com\/fr\/wp-json\/wp\/v2\/tags?post=348560"}],"curies":[{"name":"wp","href":"https:\/\/api.w.org\/{rel}","templated":true}]}}