{"id":348578,"date":"2025-08-27T22:01:12","date_gmt":"2025-08-27T22:01:12","guid":{"rendered":"https:\/\/www.europesays.com\/fr\/348578\/"},"modified":"2025-08-27T22:01:12","modified_gmt":"2025-08-27T22:01:12","slug":"mercato-losc-hamza-igamane-attendu-a-lille","status":"publish","type":"post","link":"https:\/\/www.europesays.com\/fr\/348578\/","title":{"rendered":"Mercato LOSC : Hamza Igamane attendu \u00e0 Lille"},"content":{"rendered":"<p><strong>Alors que son cas fait l\u2019objet de vives discussions<br \/>\nentre le LOSC et le Rangers FC depuis plusieurs jours, Hamza<br \/>\nIgamane est attendu \u00e0 Lille ce jeudi.<\/strong><\/p>\n<p>Le LOSC avait une cible en t\u00eate et ne l\u2019a jamais l\u00e2ch\u00e9e, tel un<br \/>\nchien avec son os. Si la comparaison peut para\u00eetre peu \u00e9l\u00e9gante,<br \/>\nelle colle \u00e9videmment aux Dogues qui s\u2019appr\u00eatent \u00e0 conclure une<br \/>\npiste de longue date. Celle-ci se nomme Hamza Igamane (22 ans,<br \/>\nRangers FC), <a href=\"https:\/\/lepetitlillois.com\/2025\/08\/26\/mercato-losc-accord-imminent-avec-le-rangers-fc-pour-hamza-igamane\/\" rel=\"nofollow noopener\" target=\"_blank\"><br \/>\n\u00e9tudi\u00e9e d\u00e8s le mois de juin<\/a>. De vives n\u00e9gociations ont \u00e9t\u00e9<br \/>\nentam\u00e9es ces derniers jours, allant de l\u2019indemnit\u00e9 de transferts<br \/>\naux modalit\u00e9s de paiement, et sont sur le point de se finaliser. Ce<br \/>\nn\u2019est d\u00e9sormais plus qu\u2019une question de d\u00e9tails.<\/p>\n<p>De l\u2019\u00c9cosse \u00e0 la Belgique, de la Belgique \u00e0 Lille<\/p>\n<p>\u00ab Nous nous attendons \u00e0 ce que cela se termine bient\u00f4t et<br \/>\nqu\u2019il ne soit plus notre joueur \u00bb, d\u00e9clarait Russel Martin,<br \/>\nentra\u00eeneur du Rangers FC ce mardi. Le \u00ab\u00a0bient\u00f4t\u00a0\u00bb est<br \/>\nimminent, puisque l\u2019international marocain est attendu \u00e0 Bruxelles,<br \/>\npuis \u00e0 Lille. Sa visite m\u00e9dicale a d\u00e9j\u00e0 \u00e9t\u00e9 programm\u00e9e et l\u2019attend<br \/>\nce jeudi. Il s\u2019engagera ensuite pour les cinq prochaines ann\u00e9es,<br \/>\nsoit jusqu\u2019en juin 2030, avec la formation lilloise. Le transfert<br \/>\nest \u00e9valu\u00e9 \u00e0 12 millions d\u2019euros, <a href=\"https:\/\/lepetitlillois.com\/2025\/08\/26\/mercato-losc-accord-imminent-avec-le-rangers-fc-pour-hamza-igamane\/\" rel=\"nofollow noopener\" target=\"_blank\"><br \/>\nsoit le montant initialement promis<\/a>.<\/p>\n<p>Du haut de ses 22 ans, Hamza Igamane n\u2019a rejoint le continent<br \/>\neurop\u00e9en que r\u00e9cemment, \u00e0 l\u2019\u00e9t\u00e9 2024. Il quittait, \u00e0 l\u2019\u00e9poque, l\u2019AS<br \/>\nFAR Rabat et le Maroc pour les Glasgow Rangers. Recrut\u00e9 pour 2,5<br \/>\nmillions d\u2019euros, environ, il a r\u00e9alis\u00e9 une saison 2024-2025 pleine<br \/>\nde promesses avec 16 buts et 3 passes d\u00e9cisives \u00e0 son actif en 46<br \/>\napparitions (2651 minutes) disput\u00e9es toutes comp\u00e9titions<br \/>\nconfondues.<\/p>\n","protected":false},"excerpt":{"rendered":"Alors que son cas fait l\u2019objet de vives discussions entre le LOSC et le Rangers FC depuis plusieurs&hellip;\n","protected":false},"author":2,"featured_media":348579,"comment_status":"","ping_status":"","sticky":false,"template":"","format":"standard","meta":{"footnotes":""},"categories":[2815],"tags":[1111,11,1777,674,1011,27,811,1307,12,25],"class_list":{"0":"post-348578","1":"post","2":"type-post","3":"status-publish","4":"format-standard","5":"has-post-thumbnail","7":"category-lille","8":"tag-actu","9":"tag-actualites","10":"tag-eu","11":"tag-europe","12":"tag-fr","13":"tag-france","14":"tag-hauts-de-france","15":"tag-lille","16":"tag-news","17":"tag-republique-francaise"},"share_on_mastodon":{"url":"https:\/\/pubeurope.com\/@fr\/115102986154574994","error":""},"_links":{"self":[{"href":"https:\/\/www.europesays.com\/fr\/wp-json\/wp\/v2\/posts\/348578","targetHints":{"allow":["GET"]}}],"collection":[{"href":"https:\/\/www.europesays.com\/fr\/wp-json\/wp\/v2\/posts"}],"about":[{"href":"https:\/\/www.europesays.com\/fr\/wp-json\/wp\/v2\/types\/post"}],"author":[{"embeddable":true,"href":"https:\/\/www.europesays.com\/fr\/wp-json\/wp\/v2\/users\/2"}],"replies":[{"embeddable":true,"href":"https:\/\/www.europesays.com\/fr\/wp-json\/wp\/v2\/comments?post=348578"}],"version-history":[{"count":0,"href":"https:\/\/www.europesays.com\/fr\/wp-json\/wp\/v2\/posts\/348578\/revisions"}],"wp:featuredmedia":[{"embeddable":true,"href":"https:\/\/www.europesays.com\/fr\/wp-json\/wp\/v2\/media\/348579"}],"wp:attachment":[{"href":"https:\/\/www.europesays.com\/fr\/wp-json\/wp\/v2\/media?parent=348578"}],"wp:term":[{"taxonomy":"category","embeddable":true,"href":"https:\/\/www.europesays.com\/fr\/wp-json\/wp\/v2\/categories?post=348578"},{"taxonomy":"post_tag","embeddable":true,"href":"https:\/\/www.europesays.com\/fr\/wp-json\/wp\/v2\/tags?post=348578"}],"curies":[{"name":"wp","href":"https:\/\/api.w.org\/{rel}","templated":true}]}}