{"id":348580,"date":"2025-08-27T22:02:11","date_gmt":"2025-08-27T22:02:11","guid":{"rendered":"https:\/\/www.europesays.com\/fr\/348580\/"},"modified":"2025-08-27T22:02:11","modified_gmt":"2025-08-27T22:02:11","slug":"a-sept-mois-des-municipales-payan-et-vassal-saffrontent-sur-la-proprete","status":"publish","type":"post","link":"https:\/\/www.europesays.com\/fr\/348580\/","title":{"rendered":"\u00e0 sept mois des municipales, Payan et Vassal s&rsquo;affrontent sur la propret\u00e9"},"content":{"rendered":"<p>\u00c0 sept mois des <a href=\"https:\/\/www.laprovence.com\/elections\/municipales\" target=\"_blank\" rel=\"nofollow noopener\">\u00e9lections municipales<\/a>, le <a href=\"https:\/\/www.laprovence.com\/article\/region\/37853241406882\/centre-ville-de-marseille-sur-les-paves-la-crasse\" target=\"_blank\" rel=\"nofollow noopener\">sujet de la propret\u00e9<\/a> s\u2019invite dans le d\u00e9bat, suscitant le premier clash de la rentr\u00e9e entre les deux <a href=\"https:\/\/www.laprovence.com\/article\/politique\/1239748472185915\/info-la-provence-sondage-ifop-municipales-2026-a-marseille-martine-vassal-et-benoit-payan-au-coude-a-coude\" target=\"_blank\" rel=\"nofollow noopener\">principaux pr\u00e9tendants \u00e0 la mairie, Martine Vassal et Beno\u00eet Payan<\/a>. Les hostilit\u00e9s ont \u00e9t\u00e9 lanc\u00e9es mardi 26\u00a0ao\u00fbt \u00e0 18\u00a0h par le maire (DVG) Beno\u00eet Payan, via un tweet ravageur.<\/p>\n<p>\u00ab\u00a0Marseille est de plus en plus sale et nous, les Marseillais, n\u2019en pouvons plus. La rentr\u00e9e approche, les poubelles d\u00e9bordent, les pav\u00e9s sont noirs de crasse, \u00e9crit l\u2019\u00e9dile, photos de poubelles qui d\u00e9bordent et de trottoirs noirs \u00e0 l\u2019appui.<\/p>\n<p>Et d\u2019attaquer la M\u00e9tropole, pr\u00e9sid\u00e9e par sa potentielle rivale (DVD), qui dispose de la comp\u00e9tence propret\u00e9\u00a0: \u00ab\u00a0Que fait la M\u00e9tropole qui est cens\u00e9e nettoyer Marseille\u00a0? Elle doit maintenant se mettre au travail, Marseille ne m\u00e9rite pas cette injustice.\u00a0\u00bb<\/p>\n<p>Le feu vert donn\u00e9, une salve de posts et reposts de la majorit\u00e9 municipale s\u2019en est suivie. Un \u00e0 un, les \u00e9lus du Printemps marseillais &#8211; Pierre Huguet, Audrey Gatian, Sophie Gu\u00e9rard, Audrey Garino, Mich\u00e8le Rubirola, Olivia Fortin, Didier Jau, Anthony Krehmeier\u2026 &#8211; ont d\u00e9gain\u00e9 les commentaires assassins, n\u2019h\u00e9sitant pas \u00e0 citer nomm\u00e9ment Martine Vassal. \u00ab\u00a0Les habitants du 2\/3 n\u2019en peuvent&#8230;<\/p>\n","protected":false},"excerpt":{"rendered":"\u00c0 sept mois des \u00e9lections municipales, le sujet de la propret\u00e9 s\u2019invite dans le d\u00e9bat, suscitant le premier&hellip;\n","protected":false},"author":2,"featured_media":348581,"comment_status":"","ping_status":"","sticky":false,"template":"","format":"standard","meta":{"footnotes":""},"categories":[2814],"tags":[17,1111,11,16980,1777,674,1011,27,884,2561,3554,12,19988,882,16,25,4189,2559],"class_list":{"0":"post-348580","1":"post","2":"type-post","3":"status-publish","4":"format-standard","5":"has-post-thumbnail","7":"category-marseille","8":"tag-17","9":"tag-actu","10":"tag-actualites","11":"tag-benoit","12":"tag-eu","13":"tag-europe","14":"tag-fr","15":"tag-france","16":"tag-marseille","17":"tag-mois","18":"tag-municipales","19":"tag-news","20":"tag-payan","21":"tag-provence-alpes-cote-dazur","22":"tag-region","23":"tag-republique-francaise","24":"tag-scrutin","25":"tag-sept"},"share_on_mastodon":{"url":"https:\/\/pubeurope.com\/@fr\/115102990504009027","error":""},"_links":{"self":[{"href":"https:\/\/www.europesays.com\/fr\/wp-json\/wp\/v2\/posts\/348580","targetHints":{"allow":["GET"]}}],"collection":[{"href":"https:\/\/www.europesays.com\/fr\/wp-json\/wp\/v2\/posts"}],"about":[{"href":"https:\/\/www.europesays.com\/fr\/wp-json\/wp\/v2\/types\/post"}],"author":[{"embeddable":true,"href":"https:\/\/www.europesays.com\/fr\/wp-json\/wp\/v2\/users\/2"}],"replies":[{"embeddable":true,"href":"https:\/\/www.europesays.com\/fr\/wp-json\/wp\/v2\/comments?post=348580"}],"version-history":[{"count":0,"href":"https:\/\/www.europesays.com\/fr\/wp-json\/wp\/v2\/posts\/348580\/revisions"}],"wp:featuredmedia":[{"embeddable":true,"href":"https:\/\/www.europesays.com\/fr\/wp-json\/wp\/v2\/media\/348581"}],"wp:attachment":[{"href":"https:\/\/www.europesays.com\/fr\/wp-json\/wp\/v2\/media?parent=348580"}],"wp:term":[{"taxonomy":"category","embeddable":true,"href":"https:\/\/www.europesays.com\/fr\/wp-json\/wp\/v2\/categories?post=348580"},{"taxonomy":"post_tag","embeddable":true,"href":"https:\/\/www.europesays.com\/fr\/wp-json\/wp\/v2\/tags?post=348580"}],"curies":[{"name":"wp","href":"https:\/\/api.w.org\/{rel}","templated":true}]}}