{"id":348582,"date":"2025-08-27T22:03:15","date_gmt":"2025-08-27T22:03:15","guid":{"rendered":"https:\/\/www.europesays.com\/fr\/348582\/"},"modified":"2025-08-27T22:03:15","modified_gmt":"2025-08-27T22:03:15","slug":"marseille-le-marseille-village-sante-sinstalle-a-la-belle-de-mai-3eme","status":"publish","type":"post","link":"https:\/\/www.europesays.com\/fr\/348582\/","title":{"rendered":"MARSEILLE : Le Marseille Village Sant\u00e9 s&rsquo;installe \u00e0 la Belle de Mai (3\u00e8me)"},"content":{"rendered":"<p><b>La Ville de Marseille poursuit son engagement en mati\u00e8re de sant\u00e9 publique avec une nouvelle \u00e9tape du \u00ab Marseille Village Sant\u00e9 \u00bb qui s\u2019installe les 10 et 11 septembre \u00e0 la Belle de Mai (3<\/b><b>\u00e8me).<\/b><\/p>\n<p><b>Au programme<\/b><b>\u00a0<\/b>: d\u00e9pistages, pr\u00e9vention des addictions, sport-sant\u00e9, vaccination, sant\u00e9 mentale, entretiens gyn\u00e9cologiques\u2026 Le tout en acc\u00e8s libre pour les habitants, avec la participation d\u2019acteurs de terrain, d\u2019associations et de professionnels de sant\u00e9.<\/p>\n<p>Un temps fort de pr\u00e9vention au c\u0153ur d\u2019un quartier populaire, o\u00f9 seront distribu\u00e9es des pochettes de pr\u00e9servatifs fournis par Terpan, sp\u00e9cialiste de la sant\u00e9 sexuelle et de la R\u00e9duction des Risques, dans le cadre de la signature du march\u00e9 public avec la Ville de Marseille. Sur le d\u00e9but de cette collaboration, ce sont d\u00e9j\u00e0 pr\u00e8s de 25 000 pochettes qui ont \u00e9t\u00e9 command\u00e9es \u00e0 Terpan par la Ville de Marseille. Cet accord, d\u2019une dur\u00e9e de 4 ans, pr\u00e9voit la fourniture de pr\u00e8s de\u00a0<b>130 000 pochettes de pr\u00e9servatifs<\/b>\u00a0<b>externes<\/b>\u00a0Smile\u00ae.<\/p>\n<p><b>Objectif : renforcer l\u2019acc\u00e8s \u00e0 la sant\u00e9 sexuelle, en particulier pour les publics \u00e9loign\u00e9s des dispositifs classiques.<\/b>\u00a0\u00a0\u202f\u00a0<\/p>\n<p><b>130 000 pochettes de pr\u00e9servatifs : Terpan accompagne la Ville de Marseille dans sa politique de pr\u00e9vention des IST<\/b><b>.<\/b><\/p>\n<p>Marseille s\u2019engage aux c\u00f4t\u00e9s de Terpan pour renforcer la sant\u00e9 sexuelle au sein de la cit\u00e9 phoc\u00e9enne.\u00a0\u00a0<\/p>\n<p><a href=\"https:\/\/terpan.fr\/\" target=\"_blank\" rel=\"noopener nofollow\" data-saferedirecturl=\"https:\/\/www.google.com\/url?q=https:\/\/terpan.fr\/&amp;source=gmail&amp;ust=1756386026080000&amp;usg=AOvVaw14TzXdJ_wqhR_yzys2_tGC\">Terpan<\/a>, sp\u00e9cialiste de la sant\u00e9 sexuelle et de la R\u00e9duction des Risques (RdR), annonce la signature d\u2019un march\u00e9 public avec la Ville de Marseille. Cet accord, d\u2019une dur\u00e9e de 4 ans, pr\u00e9voit la fourniture de pr\u00e8s de 130\u00a0000 pochettes de pr\u00e9servatifs externes Smile<a name=\"m_4938590874018664968__Hlk202175353\"\/>\u00ae.<\/p>\n<p>Distribu\u00e9s tout au long de l\u2019ann\u00e9e, via les dispositifs municipaux de pr\u00e9vention, ces pr\u00e9servatifs contribueront \u00e0 freiner la propagation des IST et \u00e0 pr\u00e9venir les grossesses non d\u00e9sir\u00e9es.<\/p>\n<p>\u00ab\u00a0Faciliter l\u2019acc\u00e8s \u00e0 la pr\u00e9vention est un levier majeur de sant\u00e9 publique. Cet engagement avec Terpan s\u2019inscrit pleinement dans cette d\u00e9marche en renfor\u00e7ant l\u2019acc\u00e8s au pr\u00e9servatif, en particulier pour les publics de plus de 26 ans exclus des dispositifs en pharmacie, ainsi que pour les jeunes qui ne franchiraient pas spontan\u00e9ment le seuil d\u2019une officine. Par cette approche, la Ville de Marseille r\u00e9affirme donc son engagement pour une pr\u00e9vention inclusive, accessible et pragmatique\u00a0\u00bb.\u00a0<b>\u2013 Michele Rubirola 1\u00e8re\u00a0adjointe au\u00a0maire de Marseille en charge de l\u2019Action Municipale pour une Ville plus Juste, plus Verte et plus D\u00e9mocratique, de la Sant\u00e9 Publique et Environnementale, de la Promotion de la Sant\u00e9 et du Sport Sant\u00e9, du Conseil.<\/b><\/p>\n<p><b>A Marseille, un engagement constant pour l\u2019acc\u00e8s au pr\u00e9servatif.<\/b><\/p>\n<p>Des chiffres qui inqui\u00e8tent. En 2023, la r\u00e9gion Provence-Alpes-C\u00f4te d\u2019Azur a enregistr\u00e9 234 nouveaux cas de s\u00e9ropositivit\u00e9 au VIH. Par ailleurs, pr\u00e8s de 663 personnes vivraient avec le virus sans conna\u00eetre leur statut s\u00e9rologique. Concernant les autres IST, les chiffres sont tout aussi alarmants : 2 100 infections \u00e0\u00a0Chlamydia trachomatis, 1 600 cas de gonorrh\u00e9e et 292 diagnostics de syphilis ont \u00e9t\u00e9 recens\u00e9s au cours de la m\u00eame ann\u00e9e par les CeGIDD*.\u00a0\u00a0<\/p>\n<p>\u00c0 Marseille, la r\u00e9ponse s\u2019organise depuis plusieurs ann\u00e9es. La Ville m\u00e8ne tout au long de l\u2019ann\u00e9e une politique active de pr\u00e9vention des IST, notamment \u00e0 travers la promotion du pr\u00e9servatif qui reste l\u2019outil de r\u00e9f\u00e9rence. Ceux-ci sont distribu\u00e9s lors d\u2019\u00e9v\u00e9nements r\u00e9guliers organis\u00e9s par la municipalit\u00e9, qui allient sensibilisation, information et d\u00e9pistage. Ils sont aussi mis \u00e0 disposition de plusieurs\u00a0<b>acteurs associatifs locaux<\/b>, qui les diffusent sur le terrain, au plus pr\u00e8s des besoins.<\/p>\n<p><b>Un accompagnement structur\u00e9 pour une pr\u00e9vention ancr\u00e9e dans la dur\u00e9e.<\/b><\/p>\n<p>Cet engagement se voit aujourd\u2019hui renforc\u00e9 par l\u2019arriv\u00e9e d\u2019un acteur du secteur : Terpan. L\u2019entreprise fran\u00e7aise bas\u00e9e \u00e0 Gallardon (Eure-et-Loir) pr\u00e8s de Chartres distribue chaque ann\u00e9e dans le monde plusieurs dizaines de millions de ses pr\u00e9servatifs masculins et f\u00e9minins sous les marques Smile<a name=\"m_4938590874018664968__Hlk202169451\"\/>\u00ae\u00a0et So Sexy\u00ae. L\u2019entreprise fournit \u00e9galement les pharmacies dans le cadre du dispositif de gratuit\u00e9 aux moins de 26 ans depuis mars 2024. Une solution mise en place par le Gouvernement pour lutter contre les infections sexuellement transmissibles. Enfin, Terpan travaille \u00e9galement avec des associations et des \u00e9tablissements scolaires de la r\u00e9gion PACA, \u00e0 l\u2019instar de\u00a0<a href=\"https:\/\/www.marseille.fr\/sante\/actualites\/marseille-engagee-dans-la-lutte-contre-le-sida-et-les-hepatites#:~:text=La%20lancement%20de%20l&#039;&#039;,9%20avril%20au%20Parc%20Chanot).\" target=\"_blank\" rel=\"noopener nofollow\" data-saferedirecturl=\"https:\/\/www.google.com\/url?q=https:\/\/www.marseille.fr\/sante\/actualites\/marseille-engagee-dans-la-lutte-contre-le-sida-et-les-hepatites%23:~:text%3DLa%2520lancement%2520de%2520l&#039;&#039;,9%2520avril%2520au%2520Parc%2520Chanot).&amp;source=gmail&amp;ust=1756386026080000&amp;usg=AOvVaw0CYcOdXVBkhI0b4hNlIyFk\">Vers Marseille sans Sida et sans H\u00e9patites<\/a>\u00a0ou encore l\u2019association\u00a0<a href=\"https:\/\/autresregards.org\/\" target=\"_blank\" rel=\"noopener nofollow\" data-saferedirecturl=\"https:\/\/www.google.com\/url?q=https:\/\/autresregards.org\/&amp;source=gmail&amp;ust=1756386026080000&amp;usg=AOvVaw2NnTu5DkpzbMxnmTw5ZhwM\">Autres Regards<\/a>.<\/p>\n<p>Attributaire de l\u2019appel d\u2019offres municipal, Terpan fournira, sur une p\u00e9riode de quatre ans, jusqu\u2019\u00e0 130\u00a0000 pochettes de ses pr\u00e9servatifs externes. Sur le d\u00e9but de cette collaboration, ce sont d\u00e9j\u00e0 pr\u00e8s de 25 000 pochettes qui ont \u00e9t\u00e9 command\u00e9es \u00e0 Terpan par la Ville de Marseille.\u00a0\u00a0<\/p>\n<p>Ces pochettes personnalis\u00e9es, contenant un pr\u00e9servatif Smile\u00ae, sont assembl\u00e9es depuis l\u2019entreprise eur\u00e9lienne. Elles sont notamment destin\u00e9es \u00e0 des campagnes de distribution organis\u00e9es dans le cadre d\u2019\u00e9v\u00e9nements publics, de dispositifs de rue ou d\u2019initiatives associatives port\u00e9es par la ville.\u00a0\u00a0<\/p>\n<p>Cet accompagnement qui s\u2019inscrit dans la dur\u00e9e, refl\u00e8te la volont\u00e9 de Marseille de s\u2019appuyer sur des acteurs reconnus, capables de fournir des produits fiables et conformes aux normes m\u00e9dicales les plus strictes.<\/p>\n<p><b>Une nouvelle activation lors du Village de la Sant\u00e9, les 19 et 20 juin derniers.<\/b><\/p>\n<p>Les pochettes fournies par Terpan sont distribu\u00e9es notamment lors d\u2019\u00e9v\u00e9nements comme le\u00a0<a href=\"https:\/\/www.marseille.fr\/sante\/actualites\/village-sante-2025\" target=\"_blank\" rel=\"noopener nofollow\" data-saferedirecturl=\"https:\/\/www.google.com\/url?q=https:\/\/www.marseille.fr\/sante\/actualites\/village-sante-2025&amp;source=gmail&amp;ust=1756386026080000&amp;usg=AOvVaw1DPdUznyLIwFgcB2XKYCD-\">Village de la Sant\u00e9<\/a>\u00a0organis\u00e9 dans le quartier d\u2019Air Bel (13\u00e8me\u00a0arr.), qui a eu lieu les 19 et 20 juin.<\/p>\n<p>R\u00e9unissant de nombreux op\u00e9rateurs de sant\u00e9 (AP-HM, ARS, CRCDC Sud PACA, associations de quartier), ce temps fort municipal a propos\u00e9 au public un large \u00e9ventail d\u2019animations : stands de d\u00e9pistage, entretiens gyn\u00e9cologiques, sport-sant\u00e9, sensibilisation aux addictions, vaccination, sant\u00e9 mentale, et bien s\u00fbr lutte contre les IST.\u00a0\u00a0<\/p>\n<p>Les \u00e9quipes municipales \u00e9taient pr\u00e9sentes pour assurer la distribution des pochettes, poursuivant ainsi une campagne \u00e9tal\u00e9e dans le temps et pens\u00e9e pour \u00eatre au plus pr\u00e8s des publics. Ce d\u00e9ploiement illustre parfaitement la vocation de cette collaboration : agir au c\u0153ur des territoires, sur des \u00e9v\u00e9nements \u00e0 forte affluence, en lien direct avec les besoins de pr\u00e9vention.<\/p>\n<p>Chez Terpan, nous croyons \u00e0 une pr\u00e9vention ancr\u00e9e dans le r\u00e9el : celle qui va l\u00e0 o\u00f9 les gens vivent, sortent, se rencontrent. Cette collaboration avec Marseille, pens\u00e9e sur quatre ans, nous engage pleinement aux c\u00f4t\u00e9s des acteurs publics dans une d\u00e9marche de fond, m\u00ealant exigence sanitaire, accessibilit\u00e9 et impact <b>\u2013\u00a0<\/b>\u00a0<b>Alexandra Gu\u00e9rin, responsable qualit\u00e9 et r\u00e9glementation chez Terpan.<\/b><\/p>\n<p><b>Une campagne qui se poursuit tout l\u2019\u00e9t\u00e9 et au-del\u00e0<\/b>\u00a0<b>!<\/b><\/p>\n<p>Apr\u00e8s cette distribution r\u00e9ussie au Village de la Sant\u00e9, la campagne de pr\u00e9vention men\u00e9e par la Ville de Marseille se poursuit tout l\u2019\u00e9t\u00e9. Des pochettes de pr\u00e9servatifs Smile\u00ae seront mises \u00e0 disposition d\u2019associations locales, dans le cadre de maraudes organis\u00e9es sur les plages du littoral marseillais. Une mani\u00e8re concr\u00e8te d\u2019aller \u00e0 la rencontre des publics les plus expos\u00e9s. D\u2019autres temps forts sont \u00e9galement pr\u00e9vus \u00e0 la rentr\u00e9e avec les prochaines \u00e9tapes du \u00ab\u00a0Marseille Village Sant\u00e9\u00a0\u00bb qui s\u2019installera : les 10 et 11 septembre \u00e0 la Belle de Mai (3e), les 17 et 18 septembre \u00e0 G\u00e8ze (15e), du 15 au 17 octobre au Grand Littoral (16e).<\/p>\n<p><b>*<\/b><b>\u00a0<\/b>Source\u00a0:\u00a0ARS PACA (VIH- donn\u00e9es 2023) et Centres gratuits d\u2019information, de d\u00e9pistage et de diagnostic (CeGIDD) (IST \u2013 donn\u00e9es 2023).<\/p>\n<p><b>A propos de Terpan<\/b><\/p>\n<p>La soci\u00e9t\u00e9 Terpan, situ\u00e9e \u00e0 Gallardon (Eure-et-Loir), commercialise chaque ann\u00e9e plus de 50 millions de pr\u00e9servatifs dans le monde, notamment via des associations comme AIDES, M\u00e9decins du Monde, M\u00e9decins sans Fronti\u00e8res, ou encore la Croix-Rouge. Depuis 2024, la Haute Autorit\u00e9 de Sant\u00e9 a valid\u00e9 la prise en charge par l\u2019Assurance Maladie de ses pr\u00e9servatifs masculins et f\u00e9minins, Sure &amp; Smile\u00ae et So Sexy &amp; Smile\u00ae, distribu\u00e9s gratuitement aux moins de 26 ans en officine. Terpan a \u00e9galement remport\u00e9 un appel d\u2019offres aupr\u00e8s des Hauts-de-France pour installer des distributeurs dans plus de 100 coll\u00e8ges et lyc\u00e9es de la r\u00e9gion, fournissant ainsi 13 000 pr\u00e9servatifs pour sensibiliser les jeunes \u00e0 la protection contre les infections sexuellement transmissibles.<\/p>\n<p>Site internet :\u00a0<a href=\"https:\/\/terpan.fr\/\" target=\"_blank\" rel=\"noopener nofollow\" data-saferedirecturl=\"https:\/\/www.google.com\/url?q=https:\/\/terpan.fr&amp;source=gmail&amp;ust=1756386026080000&amp;usg=AOvVaw2UjUtEcB3_8LKs9W5Kpc7L\">https:\/\/terpan.fr<\/a>\u00a0<a href=\"https:\/\/www.linkedin.com\/company\/terpan-prevention\/posts\/?feedView=all\" target=\"_blank\" rel=\"noopener nofollow\" data-saferedirecturl=\"https:\/\/www.google.com\/url?q=https:\/\/www.linkedin.com\/company\/terpan-prevention\/posts\/?feedView%3Dall&amp;source=gmail&amp;ust=1756386026080000&amp;usg=AOvVaw3iu6FXKf4wz6Xic7NmAwja\">LinkedIn<\/a>\u00a0<a href=\"https:\/\/www.facebook.com\/smilebyterpan\/?locale=fr_FR\" target=\"_blank\" rel=\"noopener nofollow\" data-saferedirecturl=\"https:\/\/www.google.com\/url?q=https:\/\/www.facebook.com\/smilebyterpan\/?locale%3Dfr_FR&amp;source=gmail&amp;ust=1756386026080000&amp;usg=AOvVaw2OBllLPvK1Gp3g4BzWB5JJ\">Facebook<\/a>\u00a0<a href=\"https:\/\/www.instagram.com\/smilebyterpan\/\" target=\"_blank\" rel=\"noopener nofollow\" data-saferedirecturl=\"https:\/\/www.google.com\/url?q=https:\/\/www.instagram.com\/smilebyterpan\/&amp;source=gmail&amp;ust=1756386026080000&amp;usg=AOvVaw04XqGqxtTrR20R8Cjm-dqj\">Instagram<\/a><\/p>\n<p><script async src=\"\/\/www.instagram.com\/embed.js\"><\/script><\/p>\n","protected":false},"excerpt":{"rendered":"La Ville de Marseille poursuit son engagement en mati\u00e8re de sant\u00e9 publique avec une nouvelle \u00e9tape du \u00ab&hellip;\n","protected":false},"author":2,"featured_media":348583,"comment_status":"","ping_status":"","sticky":false,"template":"","format":"standard","meta":{"footnotes":""},"categories":[2814],"tags":[1111,11,1777,674,1011,27,884,12,882,25],"class_list":{"0":"post-348582","1":"post","2":"type-post","3":"status-publish","4":"format-standard","5":"has-post-thumbnail","7":"category-marseille","8":"tag-actu","9":"tag-actualites","10":"tag-eu","11":"tag-europe","12":"tag-fr","13":"tag-france","14":"tag-marseille","15":"tag-news","16":"tag-provence-alpes-cote-dazur","17":"tag-republique-francaise"},"share_on_mastodon":{"url":"https:\/\/pubeurope.com\/@fr\/115102994038259628","error":""},"_links":{"self":[{"href":"https:\/\/www.europesays.com\/fr\/wp-json\/wp\/v2\/posts\/348582","targetHints":{"allow":["GET"]}}],"collection":[{"href":"https:\/\/www.europesays.com\/fr\/wp-json\/wp\/v2\/posts"}],"about":[{"href":"https:\/\/www.europesays.com\/fr\/wp-json\/wp\/v2\/types\/post"}],"author":[{"embeddable":true,"href":"https:\/\/www.europesays.com\/fr\/wp-json\/wp\/v2\/users\/2"}],"replies":[{"embeddable":true,"href":"https:\/\/www.europesays.com\/fr\/wp-json\/wp\/v2\/comments?post=348582"}],"version-history":[{"count":0,"href":"https:\/\/www.europesays.com\/fr\/wp-json\/wp\/v2\/posts\/348582\/revisions"}],"wp:featuredmedia":[{"embeddable":true,"href":"https:\/\/www.europesays.com\/fr\/wp-json\/wp\/v2\/media\/348583"}],"wp:attachment":[{"href":"https:\/\/www.europesays.com\/fr\/wp-json\/wp\/v2\/media?parent=348582"}],"wp:term":[{"taxonomy":"category","embeddable":true,"href":"https:\/\/www.europesays.com\/fr\/wp-json\/wp\/v2\/categories?post=348582"},{"taxonomy":"post_tag","embeddable":true,"href":"https:\/\/www.europesays.com\/fr\/wp-json\/wp\/v2\/tags?post=348582"}],"curies":[{"name":"wp","href":"https:\/\/api.w.org\/{rel}","templated":true}]}}