{"id":348600,"date":"2025-08-27T22:13:11","date_gmt":"2025-08-27T22:13:11","guid":{"rendered":"https:\/\/www.europesays.com\/fr\/348600\/"},"modified":"2025-08-27T22:13:11","modified_gmt":"2025-08-27T22:13:11","slug":"des-raids-de-drones-russes-signales-en-soiree-dans-le-nord-le-centre-et-le-sud-de-lukraine-ainsi-qua-kiev","status":"publish","type":"post","link":"https:\/\/www.europesays.com\/fr\/348600\/","title":{"rendered":"des raids de drones russes signal\u00e9s en soir\u00e9e dans le nord, le centre et le sud de l\u2019Ukraine, ainsi qu\u2019\u00e0 Kiev"},"content":{"rendered":"<p>   L\u2019Allemagne inaugure une gigantesque usine de munitions d\u2019artillerie, dont une partie de la production doit \u00eatre redistribu\u00e9e \u00e0 l\u2019Ukraine             <\/p>\n<p class=\"post__live-container--answer-text post__space-node\">Symbole des efforts europ\u00e9ens pour renforcer la base industrielle de d\u00e9fense, le groupe d\u2019armement allemand Rheinmetall inaugure mercredi \u00e0 Unterl\u00fcss, en Basse-Saxe, une gigantesque usine de munitions d\u2019artillerie, en pr\u00e9sence notamment du secr\u00e9taire g\u00e9n\u00e9ral de l\u2019OTAN, Mark Rutte.<\/p>\n<p>                 <img decoding=\"async\" class=\"post__live-container--img post__space-node\"  src=\"https:\/\/www.europesays.com\/fr\/wp-content\/uploads\/2025\/08\/13174f2_upload-1-pqyxgutzc9hu-590888.jpg\" data- alt=\"Le secr\u00e9taire g\u00e9n\u00e9ral de l\u2019OTAN, Mark Rutte (\u00e0 droite), et le ministre de la d\u00e9fense allemand, Boris Pistorius, arrivent pour l\u2019inauguration de l\u2019usine de munitions d\u2019artillerie construite par le fabricant d\u2019armes allemand Rheinmetall, \u00e0 Unterl\u00fcss, en Allemagne, le 27\u00a0ao\u00fbt\u00a02025.\"\/>   Le secr\u00e9taire g\u00e9n\u00e9ral de l\u2019OTAN, Mark Rutte (\u00e0 droite), et le ministre de la d\u00e9fense allemand, Boris Pistorius, arrivent pour l\u2019inauguration de l\u2019usine de munitions d\u2019artillerie construite par le fabricant d\u2019armes allemand Rheinmetall, \u00e0 Unterl\u00fcss, en Allemagne, le 27\u00a0ao\u00fbt\u00a02025. MARKUS SCHREIBER\/AP                 <img decoding=\"async\" class=\"post__live-container--img post__space-node\"  src=\"https:\/\/www.europesays.com\/fr\/wp-content\/uploads\/2025\/08\/dbf0a3d_upload-1-x8ykmxr8tlzx-083404.jpg\" data- alt=\"Des munitions sont expos\u00e9es lors de l\u2019inauguration d\u2019une usine d\u2019artillerie du fabricant de munitions Rheinmetall, \u00e0 Unterl\u00fcss, en Allemagne, le 27\u00a0ao\u00fbt 2025.\"\/>   Des munitions sont expos\u00e9es lors de l\u2019inauguration d\u2019une usine d\u2019artillerie du fabricant de munitions Rheinmetall, \u00e0 Unterl\u00fcss, en Allemagne, le 27\u00a0ao\u00fbt 2025. ANNEGRET HILSE\/REUTERS               <\/p>\n<p class=\"post__live-container--answer-text post__space-node\">Elle doit produire d\u00e8s cette ann\u00e9e pr\u00e8s de 25\u00a0000\u00a0obus de 155\u00a0millim\u00e8tres, d\u2019une port\u00e9e allant jusqu\u2019\u00e0 40\u00a0kilom\u00e8tres. La production devrait atteindre rapidement 350\u00a0000\u00a0unit\u00e9s par an d\u2019ici \u00e0 2027. Selon le pr\u00e9sident du directoire de Rheinmetall, Armin Papperger, en pleine capacit\u00e9, il s\u2019agira de \u00ab\u00a0la plus grande usine de munitions d\u2019Europe, voire du monde\u00a0\u00bb.<\/p>\n<p class=\"post__live-container--answer-text post__space-node\">Les cha\u00eenes vont tourner en priorit\u00e9 pour honorer la commande record de l\u2019arm\u00e9e allemande (Bundeswehr) en munitions, d\u2019une valeur de 8,5\u00a0milliards d\u2019euros, annonc\u00e9e en juillet\u00a02024. Une partie de la production doit \u00eatre redistribu\u00e9e \u00e0 l\u2019Ukraine. Des moteurs de fus\u00e9es seront \u00e9galement fabriqu\u00e9s sur place \u00e0 partir de l\u2019an prochain.<\/p>\n<p class=\"post__live-container--answer-text post__space-node\">Cette expansion illustre le tournant engag\u00e9 par l\u2019Allemagne apr\u00e8s l\u2019invasion de l\u2019Ukraine par la Russie en\u00a02022, qui a mis fin \u00e0 des ann\u00e9es de sous-investissement, longtemps compens\u00e9es par le bouclier de d\u00e9fense am\u00e9ricain. Mercredi, le gouvernement allemand a approuv\u00e9 des mesures pour renforcer le recrutement et la pr\u00e9paration militaire face aux tensions avec la Russie. Le plan vise \u00e0 attirer des volontaires dans la Bundeswehr, tout en pr\u00e9voyant le service obligatoire si les effectifs sont insuffisants.<\/p>\n<p class=\"post__live-container--answer-text post__space-node\"><a href=\"https:\/\/www.lemonde.fr\/economie\/article\/2025\/02\/19\/en-allemagne-l-industrie-de-l-armement-a-le-vent-en-poupe_6554249_3234.html\" rel=\"nofollow noopener\" target=\"_blank\">L\u2019industrie de la d\u00e9fense profite du bond des d\u00e9penses militaires allemandes<\/a>, de 28\u00a0% en\u00a02024, \u00e0 88,5\u00a0milliards de dollars, hissant Berlin au 4e\u00a0rang mondial des producteurs d\u2019armes, selon l\u2019Institut international de recherche sur la paix de Stockholm (Sipri). Berlin pr\u00e9voit encore une mont\u00e9e en puissance continue de son effort de d\u00e9fense pour atteindre 3,5\u00a0% du PIB en\u00a02029, soit plus du triple de son niveau d\u2019avant-guerre en Ukraine.<\/p>\n","protected":false},"excerpt":{"rendered":"L\u2019Allemagne inaugure une gigantesque usine de munitions d\u2019artillerie, dont une partie de la production doit \u00eatre redistribu\u00e9e \u00e0&hellip;\n","protected":false},"author":2,"featured_media":348601,"comment_status":"","ping_status":"","sticky":false,"template":"","format":"standard","meta":{"footnotes":""},"categories":[1590],"tags":[11,1777,674,12,220],"class_list":{"0":"post-348600","1":"post","2":"type-post","3":"status-publish","4":"format-standard","5":"has-post-thumbnail","7":"category-ukraine","8":"tag-actualites","9":"tag-eu","10":"tag-europe","11":"tag-news","12":"tag-ukraine"},"share_on_mastodon":{"url":"https:\/\/pubeurope.com\/@fr\/115103033382687191","error":""},"_links":{"self":[{"href":"https:\/\/www.europesays.com\/fr\/wp-json\/wp\/v2\/posts\/348600","targetHints":{"allow":["GET"]}}],"collection":[{"href":"https:\/\/www.europesays.com\/fr\/wp-json\/wp\/v2\/posts"}],"about":[{"href":"https:\/\/www.europesays.com\/fr\/wp-json\/wp\/v2\/types\/post"}],"author":[{"embeddable":true,"href":"https:\/\/www.europesays.com\/fr\/wp-json\/wp\/v2\/users\/2"}],"replies":[{"embeddable":true,"href":"https:\/\/www.europesays.com\/fr\/wp-json\/wp\/v2\/comments?post=348600"}],"version-history":[{"count":0,"href":"https:\/\/www.europesays.com\/fr\/wp-json\/wp\/v2\/posts\/348600\/revisions"}],"wp:featuredmedia":[{"embeddable":true,"href":"https:\/\/www.europesays.com\/fr\/wp-json\/wp\/v2\/media\/348601"}],"wp:attachment":[{"href":"https:\/\/www.europesays.com\/fr\/wp-json\/wp\/v2\/media?parent=348600"}],"wp:term":[{"taxonomy":"category","embeddable":true,"href":"https:\/\/www.europesays.com\/fr\/wp-json\/wp\/v2\/categories?post=348600"},{"taxonomy":"post_tag","embeddable":true,"href":"https:\/\/www.europesays.com\/fr\/wp-json\/wp\/v2\/tags?post=348600"}],"curies":[{"name":"wp","href":"https:\/\/api.w.org\/{rel}","templated":true}]}}